{"id":126114,"date":"2021-05-12T22:49:15","date_gmt":"2021-05-12T22:49:15","guid":{"rendered":"https:\/\/dimensionturistica.com\/es\/?p=126114"},"modified":"2021-05-12T22:49:15","modified_gmt":"2021-05-12T22:49:15","slug":"tarjetas-redes-sociales-y-ahora-se-suma-investigacion-de-fgr","status":"publish","type":"post","link":"https:\/\/dimensionturistica.com\/es\/tarjetas-redes-sociales-y-ahora-se-suma-investigacion-de-fgr\/","title":{"rendered":"Tarjetas, redes sociales y ahora se suma investigaci\u00f3n de FGR"},"content":{"rendered":"<p> <br \/>\n<\/p>\n<div>\n<p>Mientras el candidato del PRI y PRD a la gubernatura de Nuevo Le\u00f3n, Adri\u00e1n de la Garza, hablaba frente a unas 500 personas aglutinadas bajo una carpa para refugiarse del calor de 40 grados en un municipio cercano a Monterrey, al fondo hab\u00eda una mesa con tres pilas de folletos con tarjetas desprendibles para grupos espec\u00edficos: En Compa\u00f1\u00eda \u2014para adultos mayores\u2014, Joven Fuerte y Mujer Fuerte. Esta \u00faltima es la <strong>\u201ctarjeta rosa\u201d<\/strong> por la que la Fiscal\u00eda Normal de la Rep\u00fablica (FGR) anunci\u00f3 este lunes que tiene <strong>abierta una carpeta de investigaci\u00f3n por compra y coacci\u00f3n del voto.<\/strong><\/p>\n<p>Pero esa tarjeta que se entrega en los m\u00edtines es de cartoncillo.<\/p>\n<p>La que el presidente Andr\u00e9s Manuel L\u00f3pez Obrador incluso <a rel=\"nofollow noopener\" target=\"_blank\" href=\"https:\/\/www.animalpolitico.com\/2021\/05\/amlo-denuncia-candidato-pri-nl-entrega-tarjetas-con-dinero\/\">mostr\u00f3 tres veces en solo una semana en su conferencia matutina es la \u201cTarjeta Regia\u201d,<\/a> un programa social del municipio de Monterrey, de donde De la Garza period alcalde hasta unos meses, y que se empez\u00f3 a repartir a mujeres en octubre de 2019.<\/p>\n<p>As\u00ed que lejos de esconder ese programa y tarjetas, el candidato presum\u00eda este domingo que tuvo 40 mil beneficiarias y que ser\u00e1 una de las acciones que replicar\u00e1 en todo el estado en caso de ganar. El cartoncillo de los tres tipos de tarjeta se entregaba a cambio de registrar nombre y domicilio; cuestionado al respecto, De la Garza explic\u00f3 que es porque se har\u00e1 una valoraci\u00f3n de las condiciones de vulnerabilidad de los posibles beneficiarios.<\/p>\n<div class=\"jeg_video_container jeg_video_content\"><iframe loading=\"lazy\" title=\"FGR acusa a Samuel Garc\u00eda y Adri\u00e1n de la Garza de delitos electorales\" width=\"500\" height=\"281\" src=\"https:\/\/www.youtube.com\/embed\/lcY6Kok_WGo?feature=oembed\" frameborder=\"0\" allow=\"accelerometer; autoplay; clipboard-write; encrypted-media; gyroscope; picture-in-picture; web-share\" referrerpolicy=\"strict-origin-when-cross-origin\" allowfullscreen><\/iframe><\/div>\n<p>La investigaci\u00f3n en contra del priista se anunci\u00f3 horas despu\u00e9s de que \u00e9l acusara que todo el fin de semana hubo personas de la FGR supuestamente hostigando a personas que lo apoyan.<\/p>\n<p>\u201cSeguramente por \u00f3rdenes de Morena y de su presidente, han estado acosando a muchos ciudadanos de este estado, tratando de sacarles alguna declaraci\u00f3n para incriminarme porque me quieren descarrilar de esta contienda, est\u00e1n tratando de intervenir de esta manera para beneficiar a Morena y a sus partidos sat\u00e9lites\u201d, declar\u00f3.<\/p>\n<p>El s\u00e1bado, hab\u00eda advertido que m\u00e1s bien \u00e9l valoraba si tomar acciones legales contra el presidente por lo que consider\u00f3 una intervenci\u00f3n en el proceso electoral native.<\/p>\n<p>Y poco despu\u00e9s del anuncio de la FGR, cuestion\u00f3 que ah\u00ed mismo cube que tambi\u00e9n se investiga al candidato de Movimiento Ciudadano, Samuel Garc\u00eda, por operaciones financieras irregulares, pero lo deja en segundo lugar y sin mencionar posibles consecuencias, mientras que contra \u00e9l se se\u00f1ala que amerita prisi\u00f3n preventiva.<\/p>\n<p>Efectivamente, el comunicado empieza advirtiendo que esta medida es la que est\u00e1 prevista para delitos electorales, sin aclarar si ya se solicit\u00f3 y solo decir que el caso \u201cse judicializar\u00e1 en breve\u201d.<\/p>\n<p>Este martes, De la Garza ten\u00eda programado salir del pa\u00eds para ir a Estados Unidos a buscar oportunidades de inversiones en Nuevo Le\u00f3n.<\/p>\n<h2><strong>Samuel Garc\u00eda, tambi\u00e9n investigado, evade a los medios<\/strong><\/h2>\n<p>Fue fin de semana y durante los dos d\u00edas el equipo de prensa de Garc\u00eda asegur\u00f3 que no hab\u00eda \u201cagenda p\u00fablica\u201d, algo que rompe con lo que normalmente hace un candidato que est\u00e1 en campa\u00f1a y aprovecha para reunirse con la mayor cantidad de votantes en sus d\u00edas libres.<\/p>\n<p>No es que estuviera prepar\u00e1ndose para un debate, o que tuviera reuniones privadas, ni siquiera fue que no se encontrara con simpatizantes, ya que el domingo jug\u00f3 futbol con vecinos de un municipio perif\u00e9rico de Monterrey y el s\u00e1bado acompa\u00f1\u00f3 a su esposa, la influencer Mariana Rodr\u00edguez, a donar cabello para una asociaci\u00f3n que apoya a ni\u00f1as con c\u00e1ncer.<\/p>\n<p>Garc\u00eda evita a los medios desde que hace dos semanas <em>Animal Pol\u00edtico<\/em> revel\u00f3 que hab\u00eda una investigaci\u00f3n federal por <a rel=\"nofollow noopener\" target=\"_blank\" href=\"https:\/\/www.animalpolitico.com\/2021\/04\/indagatoria-samuel-garcia-empresas-fantasma-lavado-dinero\/\">presuntas operaciones con recursos de procedencia il\u00edcita y delitos fiscales que involucran m\u00e1s de 180 millones de pesos.<\/a><\/p>\n<p>Hasta este lunes volvi\u00f3 a convocar a la prensa en un desayuno por el D\u00eda de las Madres y asegur\u00f3 que ha puesto m\u00e1s de 10 quejas en contra de su contrincante De la Garza ante las Fiscal\u00edas Electorales y los Institutos Electorales native y federal, anunci\u00f3 una nueva por supuestamente subreportar anuncios panor\u00e1micos y otros gastos de campa\u00f1a, y fue enf\u00e1tico en que los delitos electorales ameritan prisi\u00f3n preventiva.<\/p>\n<p>\u201cYo creo que Adri\u00e1n anda muy desesperado porque \u00e9l sabe que trae a la UIF encima, que trae a muchas autoridades sobre \u00e9l (\u2026) Entonces son tantos los frentes que ha abierto Adri\u00e1n que yo no dudo que est\u00e9 ya hincado, arrodillado ante Morena pidiendo clemencia, pidiendo blindaje, doblando las manos. Y ya esta \u00faltima semana donde a nivel nacional lo exhiben de compra del voto, delito grave, prisi\u00f3n preventiva, yo creo que ha de estar rezando ya para que se acabe la campa\u00f1a, irse en su avi\u00f3n privado a Las Vegas y perderse de Nuevo Le\u00f3n\u201d, acus\u00f3.<\/p>\n<p>No period la primera vez que acusaba de irregularidades a su rival. En las \u00faltimas semanas pidi\u00f3 que ya que hasta el presidente hab\u00eda mostrado presuntas acciones de compra del voto, la autoridad electoral fuera a revisar dos edificios que supuestamente le serv\u00edan de b\u00fanker de operaciones sucias al PRI.<\/p>\n<p><em>Animal Pol\u00edtico<\/em> acudi\u00f3 a ambas sedes, pero una es un edificio de distintas oficinas al que no se permiti\u00f3 la entrada sin aclarar cu\u00e1l se buscaba, y el otro punto es la casa de campa\u00f1a de De la Garza, donde fue posible recorrer salas de juntas, \u00e1reas de conferencias y hasta la oficina en la que el candidato grab\u00f3 su m\u00e1s reciente video.<\/p>\n<p>Pero horas despu\u00e9s de los \u00faltimos se\u00f1alamientos de Garc\u00eda, result\u00f3 que la FGR anunci\u00f3 que<strong> tambi\u00e9n a \u00e9l se le est\u00e1 investigando junto a su esposa, su padre y su suegro, presuntamente implicados en una trama de transferencias bancarias sospechosas ante autoridades antilavado de dinero.<\/strong><\/p>\n<p>De las acusaciones en su contra suele defenderse en movies subidos a sus redes sociales, como transcurre gran parte de su campa\u00f1a. Tambi\u00e9n su esposa, convertida en la mayor promotora de su candidatura, ha utilizado el Instagram para darle la vuelta a los se\u00f1alamientos, como anunciar que ya no podr\u00e1 ayudar a promover productos de emprendedores regios porque los partidos pidieron que eso se fiscalizara como dinero de la campa\u00f1a.<\/p>\n<p><a rel=\"nofollow noopener\" target=\"_blank\" href=\"https:\/\/www.animalpolitico.com\/2021\/04\/samuel-garcia-esposa-padre-suegro-transferencias-sospechosas\/\"><em>Ent\u00e9rate: Esposa, padre y suegro de Samuel Garc\u00eda, implicados en posible evasi\u00f3n y operaciones sospechosas por 180 mdp<\/em><\/a><\/p>\n<h2><strong>Clara Luz Flores evita subirse al ring<\/strong><\/h2>\n<p>A la sombra de las acusaciones entre los punteros en las encuestas y cuestionada sobre si la elecci\u00f3n pod\u00eda terminar decidi\u00e9ndose por el actuar tribunales, la candidata de Morena en alianza con el PT, PVEM y Panal, <strong>Clara Luz Flores,<\/strong> dijo esperar que el voto fuera por ella y no hubiera necesidad de que intervinieran autoridades.<\/p>\n<p>\u201cYo creo que los ciudadanos de Nuevo Le\u00f3n est\u00e1n muy informados y que van a buscar que haya esa posibilidad de garant\u00eda para dar su voto comprometido y que ese voto comprometido pues no haya esa posibilidad de que se tenga que dirimir en tribunales. Ojal\u00e1 que sea muy decidido, y que sea por un cambio profundo, por un cambio nuevo que lo represento yo, una mujer con resultados\u201d, contest\u00f3 en entrevista.<\/p>\n<p>Pero minutos despu\u00e9s de que se dieran a conocer las investigaciones de la FGR, Twitter ya hab\u00eda convertido su <strong>nombre en tendencia<\/strong> como quien saldr\u00e1 beneficiada si perdieran la opci\u00f3n de ser candidatos quienes la han aventajado al paso de este mes de contienda en las encuestas, que primero la colocaban arriba, hasta que se desplom\u00f3 por la revelaci\u00f3n de que <a rel=\"nofollow noopener\" target=\"_blank\" href=\"https:\/\/www.animalpolitico.com\/2021\/04\/clara-luz-morena-keith-raniere-nxivm\/\">se hab\u00eda entrevistado con el l\u00edder de la secta NXIVM, a quien originalmente neg\u00f3 conocer.<\/a><\/p>\n<p>En contraste con los eventos masivos de los candidatos de PRI-PRD y del PAN, y con la estrategia de pegoteos de calcoman\u00edas en coches y publicaciones en redes sociales, la expriista que ahora abandera la candidatura de Morena se limita a hacer actos peque\u00f1os con anuncios a medios sobre sus propuestas.<\/p>\n<p>En Monterrey, nadie es indiferente a los miles de espectaculares que llenan las calles ni a las pol\u00e9micas y acusaciones cada vez m\u00e1s graves entre aspirantes a la gubernatura que se votar\u00e1 el pr\u00f3ximo 6 de junio, en menos de un mes.<\/p>\n<div class=\"ap_single_fondea_text\">Lo que hacemos en Animal Pol\u00edtico requiere de periodistas profesionales, trabajo en equipo, mantener di\u00e1logo con los lectores y algo muy importante: independencia. T\u00fa puedes ayudarnos a seguir. S\u00e9 parte del equipo.<br \/>\n<a rel=\"nofollow noopener\" target=\"_blank\" href=\"https:\/\/www.animalpolitico.com\/suscribete\">Suscr\u00edbete a Animal Pol\u00edtico<\/a>, recibe beneficios y apoya el periodismo libre.<\/p>\n<p><span style=\"font-weight: 600!important;\">#YoSoyAnimal<\/span><\/p>\n<\/div>\n<\/div>\n\n<p><em> &#8221; Fuentes www.animalpolitico.com &#8221; <\/em><\/p>\n","protected":false},"excerpt":{"rendered":"<p>Mientras el candidato del PRI y PRD a la gubernatura de Nuevo Le\u00f3n, Adri\u00e1n de la Garza, hablaba frente a unas 500 personas aglutinadas bajo una carpa para refugiarse del calor de 40 grados en un municipio cercano a Monterrey, al fondo hab\u00eda una mesa con tres pilas de folletos con tarjetas desprendibles para grupos [&hellip;]<\/p>\n","protected":false},"author":4,"featured_media":126115,"comment_status":"open","ping_status":"closed","sticky":false,"template":"","format":"standard","meta":{"om_disable_all_campaigns":false,"jnews-multi-image_gallery":[],"jnews_single_post":[],"jnews_primary_category":[],"jnews_social_meta":[],"footnotes":""},"categories":[40],"tags":[],"class_list":["post-126114","post","type-post","status-publish","format-standard","has-post-thumbnail","hentry","category-industria"],"_links":{"self":[{"href":"https:\/\/dimensionturistica.com\/es\/wp-json\/wp\/v2\/posts\/126114","targetHints":{"allow":["GET"]}}],"collection":[{"href":"https:\/\/dimensionturistica.com\/es\/wp-json\/wp\/v2\/posts"}],"about":[{"href":"https:\/\/dimensionturistica.com\/es\/wp-json\/wp\/v2\/types\/post"}],"author":[{"embeddable":true,"href":"https:\/\/dimensionturistica.com\/es\/wp-json\/wp\/v2\/users\/4"}],"replies":[{"embeddable":true,"href":"https:\/\/dimensionturistica.com\/es\/wp-json\/wp\/v2\/comments?post=126114"}],"version-history":[{"count":0,"href":"https:\/\/dimensionturistica.com\/es\/wp-json\/wp\/v2\/posts\/126114\/revisions"}],"wp:featuredmedia":[{"embeddable":true,"href":"https:\/\/dimensionturistica.com\/es\/wp-json\/wp\/v2\/media\/126115"}],"wp:attachment":[{"href":"https:\/\/dimensionturistica.com\/es\/wp-json\/wp\/v2\/media?parent=126114"}],"wp:term":[{"taxonomy":"category","embeddable":true,"href":"https:\/\/dimensionturistica.com\/es\/wp-json\/wp\/v2\/categories?post=126114"},{"taxonomy":"post_tag","embeddable":true,"href":"https:\/\/dimensionturistica.com\/es\/wp-json\/wp\/v2\/tags?post=126114"}],"curies":[{"name":"wp","href":"https:\/\/api.w.org\/{rel}","templated":true}]}}