{"id":126109,"date":"2021-05-12T22:41:02","date_gmt":"2021-05-12T22:41:02","guid":{"rendered":"https:\/\/dimensionturistica.com\/es\/?p=126109"},"modified":"2021-05-12T22:41:02","modified_gmt":"2021-05-12T22:41:02","slug":"agencias-de-viaje-desmienten-un-boom-de-venta-de-pasajes-a-eeuu","status":"publish","type":"post","link":"https:\/\/dimensionturistica.com\/es\/agencias-de-viaje-desmienten-un-boom-de-venta-de-pasajes-a-eeuu\/","title":{"rendered":"Agencias de viaje desmienten un \u201cboom\u201d de venta de pasajes a EEUU"},"content":{"rendered":"<p> <br \/>\n<\/p>\n<div>\n<div class=\"article-breadcrumb-bar\">\n<div class=\"article-breadcrumb\"> <a rel=\"nofollow noopener\" target=\"_blank\" href=\"https:\/\/radiomitre.cienradios.com\" class=\"article-breadcrumb-place\" title=\"Radio Mitre\">Radio Mitre<\/a> <span class=\"fa fa-angle-right\"\/> <a rel=\"nofollow noopener\" target=\"_blank\" href=\"https:\/\/radiomitre.cienradios.com\/mitre-cordoba\/\" class=\"article-breadcrumb-place current\">Mitre C\u00f3rdoba<\/a><\/div>\n<\/div>\n<p>12 mayo, 2021 19:31<\/p>\n<h2>Titulares de agencias de viaje aseguraron que las consultas por el \u201cturismo de vacunas\u201d, es \u00ednfima en la provincia de C\u00f3rdoba.<\/h2>\n<figure id=\"attachment_719031\" aria-describedby=\"caption-attachment-719031\" style=\"width: 800px\" class=\"wp-caption alignnone\"><img decoding=\"async\" class=\"wp-image-719031\" title=\"Turismo de vacunas: Agencias de viaje desmienten un \u201cboom\u201d de venta de pasajes a EEUU\" src=\"https:\/\/cdn.cienradios.com\/wp-content\/uploads\/sites\/3\/2021\/05\/protocolo-viaje-400x224.png\" alt=\"Turismo de vacunas: Agencias de viaje desmienten un \u201cboom\u201d de venta de pasajes a EEUU\" width=\"800\" height=\"448\" srcset=\"https:\/\/cdn.cienradios.com\/wp-content\/uploads\/sites\/3\/2021\/05\/protocolo-viaje-400x224.png 400w, https:\/\/cdn.cienradios.com\/wp-content\/uploads\/sites\/3\/2021\/05\/protocolo-viaje-768x430.png 768w, https:\/\/cdn.cienradios.com\/wp-content\/uploads\/sites\/3\/2021\/05\/protocolo-viaje-750x420.png 750w, https:\/\/cdn.cienradios.com\/wp-content\/uploads\/sites\/3\/2021\/05\/protocolo-viaje.png 1000w\" sizes=\"(max-width: 800px) 100vw, 800px\" data-pagespeed-url-hash=\"4082016628\" onload=\"pagespeed.CriticalImages.checkImageForCriticality(this);\"\/><figcaption id=\"caption-attachment-719031\" class=\"wp-caption-text\">Turismo de vacunas: Agencias de viaje desmienten un \u201cboom\u201d de venta de pasajes a EEUU<\/figcaption><\/figure>\n<p>Representantes de algunas <strong>agencias de viaje de C\u00f3rdoba<\/strong>, relativizan el supuesto \u201cboom\u201d por <strong>turismo de vacunas,<\/strong> y la thought de conseguir pasajes, estad\u00eda y la dosis contra el Coronavirus en el exterior.<\/p>\n<p>Marcelo Molas, titular de una agencia de viajes del Valle de Punilla, asegur\u00f3 a <strong>Radio Mitre C\u00f3rdoba<\/strong> que el furor no es tal. As\u00ed mismo, dijo que la posibilidad de viajar est\u00e1 muy reducida.<\/p>\n<p><em>\u201cLa demanda est\u00e1 indudablemente en la ciudad de Buenos Aires. Cuando a veces se menciona que salen vuelos llenos, hay que tener en cuenta que la frecuencia de vuelos son muy reducidas\u201d.<\/em><\/p>\n<p>Adem\u00e1s, Molas agreg\u00f3: <em>\u201cUna peque\u00f1a demanda que haya, satura esa escasa oferta\u201d.<\/em><\/p>\n<blockquote class=\"wp-embedded-content\" data-secret=\"EBFSBNZxTA\">\n<p><a rel=\"nofollow noopener\" target=\"_blank\" href=\"https:\/\/radiomitre.cienradios.com\/coronavirus-record-de-casos-en-cordoba-desde-el-inicio-de-la-pandemia\/\">Coronavirus: r\u00e9cord de casos en C\u00f3rdoba desde el inicio de la pandemia<\/a><\/p>\n<\/blockquote>\n<p><iframe loading=\"lazy\" title=\"\u201cCoronavirus: r\u00e9cord de casos en C\u00f3rdoba desde el inicio de la pandemia\u201d \u2014 Radio Mitre\" class=\"wp-embedded-content\" sandbox=\"allow-scripts\" security=\"restricted\" style=\"position: absolute; clip: rect(1px, 1px, 1px, 1px);\" src=\"https:\/\/radiomitre.cienradios.com\/coronavirus-record-de-casos-en-cordoba-desde-el-inicio-de-la-pandemia\/embed\/#?secret=EBFSBNZxTA\" data-secret=\"EBFSBNZxTA\" width=\"600\" height=\"338\" frameborder=\"0\" marginwidth=\"0\" marginheight=\"0\" scrolling=\"no\"><\/iframe><\/p>\n<p>En cuanto a C\u00f3rdoba, cont\u00f3: <em>\u201cPor el conocimiento que tengo, es \u00ednfima o casi nula la demanda de ese tipo de productos\u201d.<\/em><\/p>\n<p><em>\u201cHace poco una persona dijo que iban a salir varias personas desde R\u00edo Cuarto pero creo que es un caso muy puntual\u201d.<\/em><\/p>\n<p>Tambi\u00e9n, el agenciero dijo que es algo <em>\u201cimposible de mantener en el tiempo teniendo en cuenta la enorme cantidad de restricciones que hay para los vuelos\u201d.<\/em><\/p>\n<p>Guillermo Valdeolmillos, el due\u00f1o de una agencia de viaje de C\u00f3rdoba, cont\u00f3 a<strong> Radio Mitre C\u00f3rdoba<\/strong> que hay consultas, pero que no llegan a concretarse la mayor\u00eda de ellas.<\/p>\n<blockquote class=\"wp-embedded-content\" data-secret=\"kQp84feHYB\">\n<p><a rel=\"nofollow noopener\" target=\"_blank\" href=\"https:\/\/radiomitre.cienradios.com\/clases-en-cordoba-cambian-los-criterios-para-aislar-burbujas\/\">Clases en C\u00f3rdoba: cambian los criterios para aislar burbujas<\/a><\/p>\n<\/blockquote>\n<p><iframe loading=\"lazy\" title=\"\u201cClases en C\u00f3rdoba: cambian los criterios para aislar burbujas\u201d \u2014 Radio Mitre\" class=\"wp-embedded-content\" sandbox=\"allow-scripts\" security=\"restricted\" style=\"position: absolute; clip: rect(1px, 1px, 1px, 1px);\" src=\"https:\/\/radiomitre.cienradios.com\/clases-en-cordoba-cambian-los-criterios-para-aislar-burbujas\/embed\/#?secret=kQp84feHYB\" data-secret=\"kQp84feHYB\" width=\"600\" height=\"338\" frameborder=\"0\" marginwidth=\"0\" marginheight=\"0\" scrolling=\"no\"><\/iframe><\/p>\n<p><em>\u201cSeguimos con vuelos condicionados, no hay tanta frecuencia. Verdaderamente hay una consulta pero tampoco es una demanda\u201d.<\/em><\/p>\n<p>Valdeolmillos explic\u00f3 que la gente se acerca a preguntar si pueden ir a vacunarse. En cuanto al \u201ctur\u201d dijo que no es algo preestablecido. <em>\u201cEn realidad en Estados Unidos uno se vacuna en la playa, o en algunos supermercados\u201d.<\/em><\/p>\n<p><em>\u201cNo tenemos tantos vuelos como para ofrecer y lo poco que est\u00e9 disponible, por una cuesti\u00f3n de espacio en los aviones, no hay tarifas muy econ\u00f3micas\u201d.<\/em><\/p>\n<p>Escuch\u00e1\u00a0<strong>Radio Mitre C\u00f3rdoba<\/strong>\u00a0todo el d\u00eda, hac\u00e9 click on\u00a0<strong><a rel=\"nofollow noopener\" target=\"_blank\" href=\"https:\/\/radiomitre.cienradios.com\/player\/mitre_cordoba\/\">ac\u00e1<\/a>.<\/strong><\/p>\n<\/div>\n\n<p><em> &#8221; Fuentes radiomitre.cienradios.com &#8221; <\/em><\/p>\n","protected":false},"excerpt":{"rendered":"<p>Radio Mitre Mitre C\u00f3rdoba 12 mayo, 2021 19:31 Titulares de agencias de viaje aseguraron que las consultas por el \u201cturismo de vacunas\u201d, es \u00ednfima en la provincia de C\u00f3rdoba. Turismo de vacunas: Agencias de viaje desmienten un \u201cboom\u201d de venta de pasajes a EEUU Representantes de algunas agencias de viaje de C\u00f3rdoba, relativizan el supuesto [&hellip;]<\/p>\n","protected":false},"author":4,"featured_media":126110,"comment_status":"open","ping_status":"closed","sticky":false,"template":"","format":"standard","meta":{"om_disable_all_campaigns":false,"jnews-multi-image_gallery":[],"jnews_single_post":[],"jnews_primary_category":[],"jnews_social_meta":[],"footnotes":""},"categories":[40],"tags":[],"class_list":["post-126109","post","type-post","status-publish","format-standard","has-post-thumbnail","hentry","category-industria"],"_links":{"self":[{"href":"https:\/\/dimensionturistica.com\/es\/wp-json\/wp\/v2\/posts\/126109","targetHints":{"allow":["GET"]}}],"collection":[{"href":"https:\/\/dimensionturistica.com\/es\/wp-json\/wp\/v2\/posts"}],"about":[{"href":"https:\/\/dimensionturistica.com\/es\/wp-json\/wp\/v2\/types\/post"}],"author":[{"embeddable":true,"href":"https:\/\/dimensionturistica.com\/es\/wp-json\/wp\/v2\/users\/4"}],"replies":[{"embeddable":true,"href":"https:\/\/dimensionturistica.com\/es\/wp-json\/wp\/v2\/comments?post=126109"}],"version-history":[{"count":0,"href":"https:\/\/dimensionturistica.com\/es\/wp-json\/wp\/v2\/posts\/126109\/revisions"}],"wp:featuredmedia":[{"embeddable":true,"href":"https:\/\/dimensionturistica.com\/es\/wp-json\/wp\/v2\/media\/126110"}],"wp:attachment":[{"href":"https:\/\/dimensionturistica.com\/es\/wp-json\/wp\/v2\/media?parent=126109"}],"wp:term":[{"taxonomy":"category","embeddable":true,"href":"https:\/\/dimensionturistica.com\/es\/wp-json\/wp\/v2\/categories?post=126109"},{"taxonomy":"post_tag","embeddable":true,"href":"https:\/\/dimensionturistica.com\/es\/wp-json\/wp\/v2\/tags?post=126109"}],"curies":[{"name":"wp","href":"https:\/\/api.w.org\/{rel}","templated":true}]}}