{"id":126098,"date":"2021-05-12T22:24:54","date_gmt":"2021-05-12T22:24:54","guid":{"rendered":"https:\/\/dimensionturistica.com\/es\/?p=126098"},"modified":"2021-05-12T22:24:55","modified_gmt":"2021-05-12T22:24:55","slug":"gobernador-la-jornada-de-san-luis","status":"publish","type":"post","link":"https:\/\/dimensionturistica.com\/es\/gobernador-la-jornada-de-san-luis\/","title":{"rendered":"gobernador \u2013 La Jornada de San Luis"},"content":{"rendered":"<p> <br \/>\n<\/p>\n<div>\n<p style=\"text-align: justify;\">Es basic continuar con medidas sanitarias por el Covid-19 para una reactivaci\u00f3n del sector tur\u00edstico y econ\u00f3mico ordenado y responsable, enfocado al cuidado de la salud de las y los prestadores de servicio y de los visitantes, consider\u00f3 el Gobernador del Estado, Juan Manuel Carreras L\u00f3pez.<\/p>\n<p style=\"text-align: justify;\">En ese sentido, el mandatario inform\u00f3 que se mantiene un di\u00e1logo constante con las y los empresarios, prestadores de servicio y agencias de viaje con la finalidad de que se contin\u00fae reforzando el cumplimiento de los protocolos para la apertura de m\u00e1s espacios ante el nuevo sem\u00e1foro epidemiol\u00f3gico.<\/p>\n<p style=\"text-align: justify;\">Destac\u00f3 que en San Luis Potos\u00ed hay un turismo de negocios importante, y que en la medida que se reactiven muchas de las actividades econ\u00f3micas se generar\u00e1 una derrama adicional paralela al turismo, que permitir\u00e1 el repunte de este sector en San Luis Potos\u00ed.<\/p>\n<p style=\"text-align: justify;\">\u201cHay una serie de inversiones de infraestructura como el propio Aeropuerto de la Huasteca, cuyo desarrollo central est\u00e1 fincado fundamentalmente en un desarrollo de la actividad tur\u00edstica de esa regi\u00f3n\u201d, subray\u00f3 Juan Manuel Carreras.<\/p>\n<p style=\"text-align: justify;\">Finalmente, con motivo del D\u00eda Internacional de la Enfermer\u00eda, reconoci\u00f3 a quienes desempe\u00f1an esta labor, sobre todo en este \u00faltimo a\u00f1o en el que han estado al frente del combate a la pandemia por Covid-19, y envi\u00f3 una felicitaci\u00f3n especial a la potosina Sandra Olimpia Guti\u00e9rrez Enr\u00edquez, catedr\u00e1tica de la Universidad Aut\u00f3noma de San Luis Potos\u00ed (UASLP), que fue distinguida por el \u201cM\u00e9rito de Enfermer\u00eda Mar\u00eda Guadalupe Cerisola\u201d que entrega el gobierno federal.<\/p>\n<\/p><\/div>\n<p><script>(function(d, s, id) { var js, fjs = d.getElementsByTagName(s)[0]; if (d.getElementById(id)) return; js = d.createElement(s); js.id = id; js.src=\"https:\/\/connect.facebook.net\/es_ES\/sdk.js#xfbml=1&appId=249643311490&version=v2.3\"; fjs.parentNode.insertBefore(js, fjs); }(document, 'script', 'facebook-jssdk'));<\/script><br \/>\n<br \/><\/p>\n<p><em> &#8221; Fuentes lajornadasanluis.com.mx &#8221; <\/em><\/p>\n","protected":false},"excerpt":{"rendered":"<p>Es basic continuar con medidas sanitarias por el Covid-19 para una reactivaci\u00f3n del sector tur\u00edstico y econ\u00f3mico ordenado y responsable, enfocado al cuidado de la salud de las y los prestadores de servicio y de los visitantes, consider\u00f3 el Gobernador del Estado, Juan Manuel Carreras L\u00f3pez. En ese sentido, el mandatario inform\u00f3 que se mantiene [&hellip;]<\/p>\n","protected":false},"author":4,"featured_media":126099,"comment_status":"open","ping_status":"closed","sticky":false,"template":"","format":"standard","meta":{"om_disable_all_campaigns":false,"jnews-multi-image_gallery":[],"jnews_single_post":[],"jnews_primary_category":[],"jnews_social_meta":[],"footnotes":""},"categories":[40],"tags":[],"class_list":["post-126098","post","type-post","status-publish","format-standard","has-post-thumbnail","hentry","category-industria"],"_links":{"self":[{"href":"https:\/\/dimensionturistica.com\/es\/wp-json\/wp\/v2\/posts\/126098","targetHints":{"allow":["GET"]}}],"collection":[{"href":"https:\/\/dimensionturistica.com\/es\/wp-json\/wp\/v2\/posts"}],"about":[{"href":"https:\/\/dimensionturistica.com\/es\/wp-json\/wp\/v2\/types\/post"}],"author":[{"embeddable":true,"href":"https:\/\/dimensionturistica.com\/es\/wp-json\/wp\/v2\/users\/4"}],"replies":[{"embeddable":true,"href":"https:\/\/dimensionturistica.com\/es\/wp-json\/wp\/v2\/comments?post=126098"}],"version-history":[{"count":0,"href":"https:\/\/dimensionturistica.com\/es\/wp-json\/wp\/v2\/posts\/126098\/revisions"}],"wp:featuredmedia":[{"embeddable":true,"href":"https:\/\/dimensionturistica.com\/es\/wp-json\/wp\/v2\/media\/126099"}],"wp:attachment":[{"href":"https:\/\/dimensionturistica.com\/es\/wp-json\/wp\/v2\/media?parent=126098"}],"wp:term":[{"taxonomy":"category","embeddable":true,"href":"https:\/\/dimensionturistica.com\/es\/wp-json\/wp\/v2\/categories?post=126098"},{"taxonomy":"post_tag","embeddable":true,"href":"https:\/\/dimensionturistica.com\/es\/wp-json\/wp\/v2\/tags?post=126098"}],"curies":[{"name":"wp","href":"https:\/\/api.w.org\/{rel}","templated":true}]}}