{"id":126093,"date":"2021-05-12T22:19:44","date_gmt":"2021-05-12T22:19:44","guid":{"rendered":"https:\/\/dimensionturistica.com\/es\/?p=126093"},"modified":"2021-05-12T22:19:47","modified_gmt":"2021-05-12T22:19:47","slug":"los-fondos-europeos-dejaran-3-400-millones-e-al-sector-turistico-que-reclama-una-estrategia-para-afrontar-la-recuperacion","status":"publish","type":"post","link":"https:\/\/dimensionturistica.com\/es\/los-fondos-europeos-dejaran-3-400-millones-e-al-sector-turistico-que-reclama-una-estrategia-para-afrontar-la-recuperacion\/","title":{"rendered":"Los Fondos Europeos dejar\u00e1n 3.400 millones \u20ac al sector tur\u00edstico que reclama una estrategia para afrontar la recuperaci\u00f3n\u00a0"},"content":{"rendered":"<p> <br \/>\n<\/p>\n<div>\n<div class=\"cabecera\">\n<p>\n\t\t\t\t\t\t<span class=\"entry-author\">Luis Javier S\u00e1nchez<\/span><span class=\"entry-separator\"> | <\/span><span class=\"entry-date\">05\/05\/2021 1:00<\/span><span class=\"entry-separator\"> | <\/span><span class=\"actualizado\">Actualizado: 05\/05\/2021 0:26<\/span>\t\t\t\t\t<\/p>\n<\/p><\/div>\n<p>El Gobierno espa\u00f1ol prev\u00e9 destinar al sector tur\u00edstico <strong>3.400 millones de euros procedentes de los fondos de recuperaci\u00f3n \u2018Next Generation\u2019<\/strong> de la Uni\u00f3n Europea. El dinero se dirigir\u00e1 a la\u00a0modernizaci\u00f3n\u00a0de la industria tur\u00edstica, la\u00a0digitalizaci\u00f3n, la\u00a0sostenibilidad\u00a0en los destinos y la\u00a0renovaci\u00f3n de los destinos maduros.<\/p>\n<p>Como iniciativas visibles, la <strong>Confederaci\u00f3n Espa\u00f1ola de Hoteles y Alojamientos Tur\u00edsticos (CEHAT)<\/strong> ha presentado cinco proyectos e iniciativas \u201caterrizadas\u201d para reactivar al sector tur\u00edstico a trav\u00e9s de las ayudas contempladas en los fondos europeos.<\/p>\n<p>Por su parte, las cadenas hoteleras Meli\u00e1, Iberostar, Riu y Barcel\u00f3 liderar\u00e1n un megaproyecto para la reconversi\u00f3n de zonas maduras de doce destinos, lo que requiere <strong>una inversi\u00f3n de 2.000 millones de euros<\/strong> con la ayuda de los citados Fondos y mediante una estrategia de colaboraci\u00f3n p\u00fablico-privada.<\/p>\n<aside class=\"fspf wrap\">&#13;<\/p>\n<article>&#13;<br \/>\n\t\t\t\t\t<a rel=\"nofollow noopener\" target=\"_blank\" href=\"https:\/\/confilegal.com\/20210430-expertos-del-sector-publico-creen-que-el-plan-de-gestion-de-los-fondos-europeos-sera-util-si-desciende-al-detalle\/\" class=\"flex-row\">&#13;<\/p>\n<div class=\"fspf-thumbnail flex-column\"><img decoding=\"async\" width=\"455\" height=\"250\" src=\"https:\/\/confilegal.com\/wp-content\/uploads\/2021\/01\/COMISI\u00d3N-EUROPEA-455x250.jpg\" class=\"attachment-medium size-medium wp-post-image\" alt=\"comisi\u00f3n europea\" loading=\"lazy\" srcset=\"https:\/\/confilegal.com\/wp-content\/uploads\/2021\/01\/COMISI\u00d3N-EUROPEA-455x250.jpg 455w, https:\/\/confilegal.com\/wp-content\/uploads\/2021\/01\/COMISI\u00d3N-EUROPEA-1093x600.jpg 1093w, https:\/\/confilegal.com\/wp-content\/uploads\/2021\/01\/COMISI\u00d3N-EUROPEA-768x422.jpg 768w, https:\/\/confilegal.com\/wp-content\/uploads\/2021\/01\/COMISI\u00d3N-EUROPEA.jpg 1200w\" sizes=\"auto, (max-width: 455px) 100vw, 455px\"\/><\/div>\n<p>&#13;<\/p>\n<p>Expertos del sector p\u00fablico creen que el plan de gesti\u00f3n de los Fondos Europeos ser\u00e1 \u00fatil si desciende al detalle<\/p>\n<p>&#13;<\/p>\n<p>Expertos consultados por Confilegal se quejan de la falta de transparencia del Plan de Recuperaci\u00f3n, Transformaci\u00f3n y Resiliencia.<\/p>\n<p>&#13;<br \/>\n\t\t\t\t\t<\/a>&#13;<br \/>\n\t\t\t\t<\/article>\n<p>&#13;<br \/>\n\t\t\t<\/aside>\n<p>Tambi\u00e9n la consultora tecnol\u00f3gica Amadeus ha presentado al Gobierno espa\u00f1ol dos ambiciosos proyectos susceptibles de acogerse a los fondos europeos \u2018Next Generation\u2019 para peque\u00f1os hoteles y destinos. Se estima <strong>una inversi\u00f3n de 600 millones de euros en cinco a\u00f1os<\/strong> que beneficiar\u00eda a cerca de 50.000 pymes.<\/p>\n<p>Desde la asociaci\u00f3n tur\u00edstica Exceltur que engloba a las 33 empresas m\u00e1s destacadas del sector se insiste en la gravedad de la disaster.<\/p>\n<p>Solo el primer trimestre de 2021, <strong>el n\u00famero de ocupados en el sector ha ca\u00eddo en 755.000 personas<\/strong> (de las que 445.000 est\u00e1n en ERTE) y que el n\u00famero de compa\u00f1\u00edas cerradas subi\u00f3 hasta 32.000 (el 29% del whole de cierres en Espa\u00f1a), lo que incide en una recuperaci\u00f3n lenta.<\/p>\n<p>De hecho, las previsiones que maneja el \u2018lobby\u2019 apuntan a que este verano podr\u00eda alcanzarse <strong>un 66% de la demanda tur\u00edstica registrada en 2019<\/strong>, con un steadiness muy distinto entre el turismo internacional (que no llegar\u00e1 al 51% de los niveles precrisis) y el nacional (que podr\u00eda llegar al 90%).<\/p>\n<aside class=\"fspf wrap\">&#13;<\/p>\n<article>&#13;<br \/>\n\t\t\t\t\t<a rel=\"nofollow noopener\" target=\"_blank\" href=\"https:\/\/confilegal.com\/20200807-7-de-cada-10-empleados-en-el-sector-turistico-temen-perder-su-trabajo-por-la-pandemia\/\" class=\"flex-row\">&#13;<\/p>\n<div class=\"fspf-thumbnail flex-column\"><img decoding=\"async\" width=\"375\" height=\"250\" src=\"https:\/\/confilegal.com\/wp-content\/uploads\/2020\/08\/workers-1-375x250.jpg\" class=\"attachment-medium size-medium wp-post-image\" alt=\"\" loading=\"lazy\" srcset=\"https:\/\/confilegal.com\/wp-content\/uploads\/2020\/08\/workers-1-375x250.jpg 375w, https:\/\/confilegal.com\/wp-content\/uploads\/2020\/08\/workers-1-768x512.jpg 768w, https:\/\/confilegal.com\/wp-content\/uploads\/2020\/08\/workers-1.jpg 800w\" sizes=\"auto, (max-width: 375px) 100vw, 375px\"\/><\/div>\n<p>&#13;<\/p>\n<p>7 de cada 10 empleados en el sector tur\u00edstico temen perder su trabajo por la pandemia<\/p>\n<p>&#13;<\/p>\n<p>Ocho de cada diez empresas del sector tur\u00edstico han llevado a cabo ERTES; siete de cada diez empleados temen que no volver\u00e1n a trabajar en ellas.<\/p>\n<p>&#13;<br \/>\n\t\t\t\t\t<\/a>&#13;<br \/>\n\t\t\t\t<\/article>\n<p>&#13;<br \/>\n\t\t\t<\/aside>\n<p>Expertos como <strong>Jos\u00e9 Antonio Fern\u00e1ndez,<\/strong> socio director de Monlex Abogados y secretario de la asociaci\u00f3n de grandes cadenas hoteleras INVEROTEL, <strong>Emiliano Garayar<\/strong>, senior companion Garayar Abogados y presidente GAT Gesti\u00f3n, y <strong>Fernando Mier,<\/strong> socio director de Iuristax, conf\u00edan que en la movilidad y la vacunaci\u00f3n masiva no sufran m\u00e1s parones.<\/p>\n<h2><strong>Falta una estrategia de pa\u00eds para el turismo<\/strong><\/h2>\n<p><strong>Jos\u00e9 Antonio Fern\u00e1ndez\u00a0<\/strong>se muestra cr\u00edtico ante los fondos que va recibir la industria tur\u00edstica, <strong>la octava inversi\u00f3n citada en el Plan de Recuperaci\u00f3n,<\/strong>\u00a0cree que es insuficiente<\/p>\n<p>\u201cLa realidad es que estamos sorprendidos ante el trato dado por la Administraci\u00f3n. Con ello habr\u00e1 que moverse si alguien descubre c\u00f3mo hacerlo\u201d, advierte este jurista.<\/p>\n<p>Para este experto \u201cla clave, aparte de que ahora llegar\u00e1n ayudas directas a trav\u00e9s de la CCAA, todav\u00eda no se sabe c\u00f3mo se van a gestionar y que tope hay para pedirlas\u201d.<\/p>\n<figure id=\"attachment_243615\" aria-describedby=\"caption-attachment-243615\" style=\"width: 684px\" class=\"wp-caption alignnone\"><img decoding=\"async\" loading=\"lazy\" class=\"wp-image-243615 size-full\" src=\"https:\/\/confilegal.com\/wp-content\/uploads\/2021\/05\/FERNANDEZ.jpeg\" alt=\"\" width=\"684\" height=\"503\" srcset=\"https:\/\/confilegal.com\/wp-content\/uploads\/2021\/05\/FERNANDEZ.jpeg 684w, https:\/\/confilegal.com\/wp-content\/uploads\/2021\/05\/FERNANDEZ-340x250.jpeg 340w\" sizes=\"auto, (max-width: 684px) 100vw, 684px\"\/><figcaption id=\"caption-attachment-243615\" class=\"wp-caption-text\">Jos\u00e9 Antonio Fern\u00e1ndez, socio director de Monlex Abogados y secretario de la asociaci\u00f3n de grandes cadenas hoteleras INVEROTEL.<\/figcaption><\/figure>\n<p>A su juicio, \u201clo m\u00e1s importante es apoyar a las microempresas del sector, restaurantes, agencias u hoteles. <strong>Dependen mucho de la financiaci\u00f3n bancaria para poder aguantar los seis meses que quedan por delante<\/strong>. Hacen falta pol\u00edticas concretas para sostener el sector\u201d.<\/p>\n<p>En su opini\u00f3n el tema de la vacunaci\u00f3n llega tarde, \u201cya la hemos pedido en enero desde el sector hotelero y algunas grandes empresas para que se hiciera como la vacunaci\u00f3n de la gripe. <strong>El problema es que no hab\u00eda vacunas<\/strong>\u201d.<\/p>\n<p>\u201cPero en Rep\u00fablica Dominicana donde se negoci\u00f3 este tema y en esta semana est\u00e1 vacunado todo el personal del sector hotelero relacionado con Inverotel, grandes cadenas hoteleras\u201d.<\/p>\n<p>Sobre este verano, cree que todo depender\u00e1 de los destinos. \u201cBaleares va a vivir una minitemporada entre julio y agosto. Con este plan es dif\u00edcil que viva toda una Comunidad Aut\u00f3noma que en el 90% vive del turismo. <strong>Otras zonas del pa\u00eds como Canarias podr\u00e1 recuperarse en el tercer cuatrimestre<\/strong>\u201d.<\/p>\n<p>En cuanto a la pen\u00ednsula indica que \u00abcon turismo nacional y los movimientos terrestres desde Europa no estar\u00e1 muy afectada. La clave est\u00e1 en los aviones que son claves en estas zonas tur\u00edsticas. <strong>Est\u00e1n listos pero no hay reservas porque falta claridad a\u00fan de lo que va a pasar<\/strong>. Los aviones se ir\u00e1n a otras zonas\u201d.<\/p>\n<p>Desde su punto de vista, \u201cha faltado una estrategia de pa\u00eds en el sector tur\u00edstico. <strong>Nunca hubo una pol\u00edtica de estado sobre el turismo en los \u00faltimos gobiernos<\/strong>. Durante mucho tiempo nos hemos sentido abandonados\u201d.<\/p>\n<p>Sobre los ERTE, este jurista recuerda que ya estaban en la legislaci\u00f3n desde hace a\u00f1os \u201chubi\u00e9ramos acudido siempre. No ten\u00edamos otra opci\u00f3n. <strong>Otra cosa es que por ley se ha facilitado la causa del mismo<\/strong>. Ahora acaban el 31 de mayo y ya deber\u00edamos saber si se prorrogan. Los negocios necesitan de una previsi\u00f3n para organizarse\u201d.<\/p>\n<p>En cuanto al certificado verde digital que quiere impulsar la UE y que en pa\u00edses como Espa\u00f1a ya se est\u00e1 trabajando, Jos\u00e9 Antonio Fern\u00e1ndez revela que \u201chubiera sido una idea si se hubiese implementado en febrero del 2021. <strong>La OCDE iba a implementar una estrategia com\u00fan de movilidad internacional que la UE iba a aceptar, pero eso no ha ocurrido<\/strong>\u201d.<\/p>\n<p>Para este experto, \u201clas reticencias internacionales de todo tipo est\u00e1n demorando mucho la entrada en vigor del certificado. Si entra en vigor en junio o julio habr\u00e1 perdido mucho de su propia estrategia. <strong>Hay que ver c\u00f3mo funciona y facilitar la movilidad<\/strong>. Se puede pasar la temporada porque hay que probarlo antes\u201d.<\/p>\n<p>Se\u00f1ala que \u00abhabr\u00e1 que ver c\u00f3mo se coordinan las 17 Comunidades Aut\u00f3nomas en Espa\u00f1a a nivel de registro y estos con los otros pa\u00edses de la UE. Habr\u00e1 que ver como se coordinan los diferentes sistemas inform\u00e1ticos en la pr\u00e1ctica\u201d.<\/p>\n<h2><strong>La importancia de que se levanten las restricciones<\/strong><\/h2>\n<p>Para Emiliano Garayar, \u201clo esencial e inmediato es avanzar r\u00e1pido en la vacunaci\u00f3n hasta alcanzar la inmunidad de grupo en las pr\u00f3ximas semanas o meses\u201d.<\/p>\n<p>\u201cTodo ello acompa\u00f1ado de una <strong>pol\u00edtica de comunicaci\u00f3n orientada a nuestros mercados emisores<\/strong> (principalmente Reino Unido y Alemania) que ponga en valor Espa\u00f1as y sus hoteles como destino seguro\u201d, explica.<\/p>\n<p>A su juicio, \u201clo siguiente, \u00edntimamente unido a lo anterior, es que se recupere la movilidad inside y la conectividad intracomunitaria y con terceros pa\u00edses. Para ello es elementary a escala europea la existencia y vigencia en modo y a tiempo de los <strong>certificados de vacunaci\u00f3n o pasaportes inmunol\u00f3gicos<\/strong> normalizados\u00bb.<\/p>\n<aside class=\"fspf wrap\">&#13;<\/p>\n<article>&#13;<br \/>\n\t\t\t\t\t<a rel=\"nofollow noopener\" target=\"_blank\" href=\"https:\/\/confilegal.com\/20201216-emiliano-garayar-abogado-no-parece-que-sea-una-prioridad-del-gobierno-apoyar-al-sector-turistico-en-la-crisis-del-covid-19\/\" class=\"flex-row\">&#13;<\/p>\n<div class=\"fspf-thumbnail flex-column\"><img decoding=\"async\" width=\"444\" height=\"250\" src=\"https:\/\/confilegal.com\/wp-content\/uploads\/2020\/12\/emiliano-garayar-1-444x250.jpg\" class=\"attachment-medium size-medium wp-post-image\" alt=\"\" loading=\"lazy\" srcset=\"https:\/\/confilegal.com\/wp-content\/uploads\/2020\/12\/emiliano-garayar-1-444x250.jpg 444w, https:\/\/confilegal.com\/wp-content\/uploads\/2020\/12\/emiliano-garayar-1-768x432.jpg 768w, https:\/\/confilegal.com\/wp-content\/uploads\/2020\/12\/emiliano-garayar-1.jpg 1000w\" sizes=\"auto, (max-width: 444px) 100vw, 444px\"\/><\/div>\n<p>&#13;<\/p>\n<p>Emiliano Garayar, abogado: &#8220;No parece que sea una prioridad del Gobierno apoyar al sector tur\u00edstico en la crisis del Covid-19&#8221;<\/p>\n<p>&#13;<\/p>\n<p>Compagina su actividad jur\u00eddica, como socio director de Garayar Abogados, con la presidencia del grupo familiar Garayar.<\/p>\n<p>&#13;<br \/>\n\t\t\t\t\t<\/a>&#13;<br \/>\n\t\t\t\t<\/article>\n<p>&#13;<br \/>\n\t\t\t<\/aside>\n<p>En este contexto considera que \u201ccon el objetivo de impulsar el reinicio de la actividad, <strong>lo m\u00e1s urgente es el levantamiento de las restricciones de actividad y movilidad<\/strong>. Sin viajes no hay turismo. Es fundamental proceder a vacunar a los trabajadores del sector con preferencia para de ese modo contribuir a generar el mayor grado de confianza a los clientes\u201d.<\/p>\n<p>Garayar se\u00f1ala que \u201cfinancieramente, <strong>el sector est\u00e1 extenuado tras pr\u00e1cticamente dos a\u00f1os sin actividad<\/strong>, y tremendamente endeudado tanto financiera como comercialmente (con proveedores y propietarios)\u201d.<\/p>\n<p>En su opini\u00f3n, \u201cpara aliviar la situaci\u00f3n y estimular la actividad, ser\u00eda necesario <strong>tomar medidas que redunden en el fortalecimiento de los balances de los operadores<\/strong> (condonaciones o capitalizaciones de deuda, moratoria y rebaja de impuestos IVA, IBI, IAE, etc.)\u201d.<\/p>\n<p>\u201cTambi\u00e9n que incentiven la <strong>consolidaci\u00f3n del sector ganando mayor tama\u00f1o<\/strong>; incentivos fiscales tales como la deducibilidad del fondo de comercio o la compensaci\u00f3n sin limitaci\u00f3n de BINs en operaciones estructurales) e incorporando verticalmente cadenas de valor esenciales (distribuci\u00f3n mayorista)\u201d, comenta.<\/p>\n<figure id=\"attachment_221006\" aria-describedby=\"caption-attachment-221006\" style=\"width: 1122px\" class=\"wp-caption alignnone\"><img decoding=\"async\" loading=\"lazy\" class=\"wp-image-221006 size-full\" src=\"https:\/\/confilegal.com\/wp-content\/uploads\/2020\/12\/emiliano-garayarr.jpg\" alt=\"\" width=\"1122\" height=\"1130\" srcset=\"https:\/\/confilegal.com\/wp-content\/uploads\/2020\/12\/emiliano-garayarr.jpg 1122w, https:\/\/confilegal.com\/wp-content\/uploads\/2020\/12\/emiliano-garayarr-248x250.jpg 248w, https:\/\/confilegal.com\/wp-content\/uploads\/2020\/12\/emiliano-garayarr-596x600.jpg 596w, https:\/\/confilegal.com\/wp-content\/uploads\/2020\/12\/emiliano-garayarr-768x773.jpg 768w\" sizes=\"auto, (max-width: 1122px) 100vw, 1122px\"\/><figcaption id=\"caption-attachment-221006\" class=\"wp-caption-text\">Emiliano Garayar, senior companion Garayar Abogados y presidente GAT Gesti\u00f3n.<\/figcaption><\/figure>\n<p>Este experto considera que \u201cadicionalmente, se requieren pol\u00edticas de est\u00edmulo de demanda y de fomento de la desestacionalizaci\u00f3n tanto interna como internacional: bonos tur\u00edsticos, recuperaci\u00f3n del turismo senior, colaboraci\u00f3n p\u00fablico-privada para la realizaci\u00f3n de <strong>grandes eventos deportivos o culturales<\/strong> que vuelvan a poner en el mapa el destino Espa\u00f1a con todos sus atributos, etc.\u201d.<\/p>\n<p>Otro tema que ve necesario es \u201cimpulsar una buena pol\u00edtica y eficiente campa\u00f1a de comunicaci\u00f3n que proyecte el pa\u00eds como<strong> un destino seguro<\/strong> que re\u00fane los atributos que el viajero post-covid anhela y nos exige\u201d.<\/p>\n<p>En cuanto a las previsiones de este verano cree que \u201csigue habiendo desgraciadamente <strong>una gran incertidumbre tanto por la evoluci\u00f3n de la enfermedad como por las pol\u00edticas<\/strong> de los diferentes gobiernos auton\u00f3micos y europeos sobre los viajes no esenciales y la actividad tur\u00edstica\u201d.<\/p>\n<p>\u201cEs esencial para la actividad econ\u00f3mica la predictibilidad, y en estos momentos brilla por su ausencia, tanto m\u00e1s vistos los bandazos que se han venido produciendo en la lucha contra la pandemia en el \u00faltimo a\u00f1o y medio\u201d, advierte.<\/p>\n<p>\u201cPor lo tanto, a escala europea, ser\u00e1 clave el hecho de que se den <strong>pautas claras a medio plazo de las pol\u00edticas de los diferentes estados<\/strong> y sobre las restricciones de viajes o criterios de destinos seguros\u201d, comenta.<\/p>\n<p>A su juicio, \u201csalvo nueva ola provocada por alguna nueva variante,<strong> la temporada comenzar\u00e1 un poco m\u00e1s tarde y a menor nivel que en el 2019 para ir cogiendo progresivamente velocidad<\/strong>, recuperando en agosto los niveles del 2019, y prolong\u00e1ndose m\u00e1s all\u00e1 de la duraci\u00f3n habitual, hasta entrar en octubre y puede que algo m\u00e1s en algunos destinos menos estacionales y con condiciones clim\u00e1ticas que acompa\u00f1en (costa mediterr\u00e1nea y archipi\u00e9lagos)\u201d.<\/p>\n<p>Respecto a la entrada en vigor del Certificado Verde Digital que se plantea como pasaporte de vacunaci\u00f3n, Garayar indica que \u201c<strong>cualquier armonizaci\u00f3n que contribuya a facilitar los viajes seguros y la movilidad es bienvenida<\/strong>\u201d.<\/p>\n<p>Junto a ello destaca que \u201ccuarentenas y pruebas Covid antes y despu\u00e9s de los viajes hacen de estos una experiencia no placentera, y redundan negativamente en las perspectivas de recuperaci\u00f3n de nuestra industria\u201d.<\/p>\n<h2><strong>Un sector que pide normas claras<\/strong><\/h2>\n<p><strong> Fernando Mier <\/strong>apunta que seg\u00fan el Plan de Resiliencia y Recuperaci\u00f3n mandado a Bruselas por el Gobierno, <strong>la industria tur\u00edstica recibir\u00e1 inversiones por un importe de 3.400 millones de euros<\/strong> durante el periodo 2021-2023.<\/p>\n<p>\u201cEl sector tur\u00edstico es uno de los que m\u00e1s ha sufrido en su actividad los efectos de las medidas adoptadas para combatir la pandemia\u201d.<\/p>\n<p>A su juicio, \u201cclaro que necesita inversiones, ayudas y financiaci\u00f3n, pero sobre todo <strong>lo que necesita es poder desarrollar su actividad con normalidad<\/strong>\u201d\u00b7<\/p>\n<aside class=\"fspf wrap\">&#13;<\/p>\n<article>&#13;<br \/>\n\t\t\t\t\t<a rel=\"nofollow noopener\" target=\"_blank\" href=\"https:\/\/confilegal.com\/20201015-el-sector-hotelero-pide-al-gobierno-medidas-mas-estrategicas-para-aguantar-el-impacto-del-covid-19\/\" class=\"flex-row\">&#13;<\/p>\n<div class=\"fspf-thumbnail flex-column\"><img decoding=\"async\" width=\"444\" height=\"250\" src=\"https:\/\/confilegal.com\/wp-content\/uploads\/2020\/10\/los-hoteles-se-han-adaptado-al-covid19-con-medidas-higie\u0301nicas-444x250.jpg\" class=\"attachment-medium size-medium wp-post-image\" alt=\"\" loading=\"lazy\" srcset=\"https:\/\/confilegal.com\/wp-content\/uploads\/2020\/10\/los-hoteles-se-han-adaptado-al-covid19-con-medidas-higie\u0301nicas-444x250.jpg 444w, https:\/\/confilegal.com\/wp-content\/uploads\/2020\/10\/los-hoteles-se-han-adaptado-al-covid19-con-medidas-higie\u0301nicas-768x432.jpg 768w, https:\/\/confilegal.com\/wp-content\/uploads\/2020\/10\/los-hoteles-se-han-adaptado-al-covid19-con-medidas-higie\u0301nicas.jpg 840w\" sizes=\"auto, (max-width: 444px) 100vw, 444px\"\/><\/div>\n<p>&#13;<\/p>\n<p>El sector hotelero pide al Gobierno medidas m\u00e1s estrat\u00e9gicas para aguantar el impacto del Covid-19<\/p>\n<p>&#13;<\/p>\n<p>Expertos explican a Confilegal las medidas de choque que necesita este sector, una de las locomotoras del sector tur\u00edstico.<\/p>\n<p>&#13;<br \/>\n\t\t\t\t\t<\/a>&#13;<br \/>\n\t\t\t\t<\/article>\n<p>&#13;<br \/>\n\t\t\t<\/aside>\n<p>Mier aclara que \u201cnecesita seguridad sanitaria, medidas coherentes y meditadas, y un m\u00ednimo de estabilidad. Sin estas condiciones, no habr\u00e1 una demanda que haga sostenible econ\u00f3micamente el negocio\u201d.<\/p>\n<p>Para este experto, \u201cel verano del 2020 es el que fue distinto a todo lo que hasta ahora hab\u00edamos conocido. <strong>El del 2021 deber\u00eda ser como hab\u00edan sido siempre<\/strong>\u201d.<\/p>\n<p>Tambi\u00e9n se\u00f1ala que \u201c<strong>se percibe cierto incremento de las reservas<\/strong>, ganas en el p\u00fablico de volver a la normalidad, y cierta ansia por recuperar el tiempo perdido\u201d.<\/p>\n<p>Este jurista se\u00f1ala que \u201cmuchas cosas ser\u00e1n diferentes. Parece que hay cambios en las preferencias del usuario que busca destinos menos masificados, pero hay ganas\u201d.<\/p>\n<p>\u201cPero <strong>todo depender\u00e1 de c\u00f3mo evolucione la situaci\u00f3n sanitaria<\/strong> y las medidas que adopten los gobiernos. En esta situaci\u00f3n, el sector tiene poco margen de actuaci\u00f3n e iniciativa m\u00e1s all\u00e1 de estar preparados\u201d.<\/p>\n<figure id=\"attachment_211870\" aria-describedby=\"caption-attachment-211870\" style=\"width: 542px\" class=\"wp-caption alignnone\"><img decoding=\"async\" loading=\"lazy\" class=\"size-full wp-image-211870\" src=\"https:\/\/confilegal.com\/wp-content\/uploads\/2020\/10\/Fernando-Mier-socio-director-de-Iuristax.jpg\" alt=\"\" width=\"542\" height=\"582\" srcset=\"https:\/\/confilegal.com\/wp-content\/uploads\/2020\/10\/Fernando-Mier-socio-director-de-Iuristax.jpg 542w, https:\/\/confilegal.com\/wp-content\/uploads\/2020\/10\/Fernando-Mier-socio-director-de-Iuristax-233x250.jpg 233w\" sizes=\"auto, (max-width: 542px) 100vw, 542px\"\/><figcaption id=\"caption-attachment-211870\" class=\"wp-caption-text\">Fernando Mier, socio director de Iuiristax.<\/figcaption><\/figure>\n<p>En cuanto al certificado verde digital o pasaporte de vacunaci\u00f3n en el que ya trabaja la UE y muchos de sus pa\u00edses miembros, como es el caso de Espa\u00f1a, se\u00f1ala que es \u201cfundamental y urgente\u201d.<\/p>\n<p>En su opini\u00f3n, \u201cpara el sector <strong>es esencial poder abrir las fronteras y facilitar los desplazamientos<\/strong>, pero con seguridad para los viajeros y los trabajadores del sector\u201d.<\/p>\n<p>Este jurista no olvida que \u201cel verano est\u00e1 a la vuelta de la esquina y tanto el sector, como el p\u00fablico necesita saber a qu\u00e9 atenerse para hacer planes\u201d.<\/p>\n<\/p><\/div>\n\n<p><em> &#8221; Fuentes confilegal.com &#8221; <\/em><\/p>\n","protected":false},"excerpt":{"rendered":"<p>Luis Javier S\u00e1nchez | 05\/05\/2021 1:00 | Actualizado: 05\/05\/2021 0:26 El Gobierno espa\u00f1ol prev\u00e9 destinar al sector tur\u00edstico 3.400 millones de euros procedentes de los fondos de recuperaci\u00f3n \u2018Next Generation\u2019 de la Uni\u00f3n Europea. El dinero se dirigir\u00e1 a la\u00a0modernizaci\u00f3n\u00a0de la industria tur\u00edstica, la\u00a0digitalizaci\u00f3n, la\u00a0sostenibilidad\u00a0en los destinos y la\u00a0renovaci\u00f3n de los destinos maduros. Como iniciativas [&hellip;]<\/p>\n","protected":false},"author":4,"featured_media":126094,"comment_status":"open","ping_status":"closed","sticky":false,"template":"","format":"standard","meta":{"om_disable_all_campaigns":false,"jnews-multi-image_gallery":[],"jnews_single_post":[],"jnews_primary_category":[],"jnews_social_meta":[],"footnotes":""},"categories":[40],"tags":[],"class_list":["post-126093","post","type-post","status-publish","format-standard","has-post-thumbnail","hentry","category-industria"],"_links":{"self":[{"href":"https:\/\/dimensionturistica.com\/es\/wp-json\/wp\/v2\/posts\/126093","targetHints":{"allow":["GET"]}}],"collection":[{"href":"https:\/\/dimensionturistica.com\/es\/wp-json\/wp\/v2\/posts"}],"about":[{"href":"https:\/\/dimensionturistica.com\/es\/wp-json\/wp\/v2\/types\/post"}],"author":[{"embeddable":true,"href":"https:\/\/dimensionturistica.com\/es\/wp-json\/wp\/v2\/users\/4"}],"replies":[{"embeddable":true,"href":"https:\/\/dimensionturistica.com\/es\/wp-json\/wp\/v2\/comments?post=126093"}],"version-history":[{"count":0,"href":"https:\/\/dimensionturistica.com\/es\/wp-json\/wp\/v2\/posts\/126093\/revisions"}],"wp:featuredmedia":[{"embeddable":true,"href":"https:\/\/dimensionturistica.com\/es\/wp-json\/wp\/v2\/media\/126094"}],"wp:attachment":[{"href":"https:\/\/dimensionturistica.com\/es\/wp-json\/wp\/v2\/media?parent=126093"}],"wp:term":[{"taxonomy":"category","embeddable":true,"href":"https:\/\/dimensionturistica.com\/es\/wp-json\/wp\/v2\/categories?post=126093"},{"taxonomy":"post_tag","embeddable":true,"href":"https:\/\/dimensionturistica.com\/es\/wp-json\/wp\/v2\/tags?post=126093"}],"curies":[{"name":"wp","href":"https:\/\/api.w.org\/{rel}","templated":true}]}}