{"id":125972,"date":"2021-05-12T18:47:43","date_gmt":"2021-05-12T18:47:43","guid":{"rendered":"https:\/\/dimensionturistica.com\/es\/?p=125972"},"modified":"2021-05-12T18:47:43","modified_gmt":"2021-05-12T18:47:43","slug":"protesta-de-representantes-del-turismo-solo-una-parte-llego-a-un-principio-de-acuerdo","status":"publish","type":"post","link":"https:\/\/dimensionturistica.com\/es\/protesta-de-representantes-del-turismo-solo-una-parte-llego-a-un-principio-de-acuerdo\/","title":{"rendered":"Protesta de representantes del turismo: solo una parte lleg\u00f3 a un principio de acuerdo"},"content":{"rendered":"<p> <br \/>\n<\/p>\n<div>\n<p>Por segundo d\u00eda se llev\u00f3 adelante una protesta de representantes del turismo en la Autopista Rosario-Santa Fe a la altura de Santo Tom\u00e9. Sin embargo, este mi\u00e9rcoles hubo avances para llegar a una soluci\u00f3n con una parte de ellos: los transportistas. La contraparte son las agencias de viajes, que hasta el momento no han sido contactadas por autoridades.<\/p>\n<p>Natalia Ciampiglio, propietaria de una agencia de viajes, se\u00f1al\u00f3 que &#8220;el reclamo sigue intacto. Queremos soluciones econ\u00f3micas, lamentablemente no podemos salir a trabajar. Estamos sin ingresos desde hace 14 meses. En el rubro nuestro, de agencias de viaje, <strong>esperamos que nos convoquen a una reuni\u00f3n para poder ver cu\u00e1les son las v\u00edas de soluci\u00f3n econ\u00f3mica<\/strong>&#8220;.<\/p>\n<p>&#8220;Vemos que la provincia est\u00e1 dando asistencia a ciertos rubros que est\u00e1n restringidos pero nuestro rubro estuvo restringido desde el minuto uno de la pandemia. <strong>Nos sentimos discriminados<\/strong>&#8220;, agreg\u00f3.<\/p>\n<p>Adem\u00e1s, manifest\u00f3 que la asistencia recibida hasta el momento no cubre sus necesidades. &#8220;<strong>Desde Naci\u00f3n ha habido ayuda econ\u00f3mica, totalmente insuficientes,<\/strong> que no hacen m\u00e1s que llegar a las arcas de cada empresa y volver nuevamente al circuito: se est\u00e1n pagando deudas contraidas. Pedimos una ayuda continua hasta tanto podamos levantar la cabeza y vender sin ning\u00fan tipo de restricciones&#8221;.<\/p>\n<p>&#8220;Lamentablemente las respuestas se las llev\u00f3 el viento, nadie nos da nada de los que no prometi\u00f3. Hace 14 meses que estamos en facturaci\u00f3n cero. En el verano, el Plan Previaje fue ficticio: se vendieron viajes a futuro que la gente hoy nos reclama. La cara al pasajero la ponemos nosotros. <strong>Queremos respuestas veraces para darles a entender al pasajero que nosotros no tenemos su plata<\/strong>&#8220;, cerr\u00f3 Ciampiglio.<\/p>\n<p><strong>MIR\u00c1 TAMBI\u00c9N<\/strong><\/p>\n<p><a rel=\"nofollow noopener\" target=\"_blank\" href=\"https:\/\/santafe.telefe.com\/noticias\/transportistas-de-turismo-levantaron-el-corte-en-la-autopista-rosario-santa-fe\/\">Transportistas de turismo levantaron el corte en la Autopista Rosario-Santa Fe<\/a><\/p>\n<p><a rel=\"nofollow noopener\" target=\"_blank\" href=\"https:\/\/santafe.telefe.com\/noticias\/adelanto-sectores-que-cerraron-por-las-restricciones-recibiran-asistencia-economica\/\">Adelanto: sectores que cerraron por las restricciones recibir\u00e1n asistencia econ\u00f3mica<\/a><\/p>\n<\/p><\/div>\n<p><script>\n        (function (d, s, id) {\n            var js, fjs = d.getElementsByTagName(s)[0];\n            if (d.getElementById(id)) return;\n            js = d.createElement(s); js.id = id;\n            js.src=\"https:\/\/connect.facebook.net\/es_LA\/sdk.js\";\n            fjs.parentNode.insertBefore(js, fjs);\n        }(document, 'script', 'facebook-jssdk'));<\/script><br \/>\n<br \/><\/p>\n<p><em> &#8221; Fuentes santafe.telefe.com &#8221; <\/em><\/p>\n","protected":false},"excerpt":{"rendered":"<p>Por segundo d\u00eda se llev\u00f3 adelante una protesta de representantes del turismo en la Autopista Rosario-Santa Fe a la altura de Santo Tom\u00e9. Sin embargo, este mi\u00e9rcoles hubo avances para llegar a una soluci\u00f3n con una parte de ellos: los transportistas. La contraparte son las agencias de viajes, que hasta el momento no han sido [&hellip;]<\/p>\n","protected":false},"author":4,"featured_media":125973,"comment_status":"open","ping_status":"closed","sticky":false,"template":"","format":"standard","meta":{"om_disable_all_campaigns":false,"jnews-multi-image_gallery":[],"jnews_single_post":[],"jnews_primary_category":[],"jnews_social_meta":[],"footnotes":""},"categories":[40],"tags":[],"class_list":["post-125972","post","type-post","status-publish","format-standard","has-post-thumbnail","hentry","category-industria"],"_links":{"self":[{"href":"https:\/\/dimensionturistica.com\/es\/wp-json\/wp\/v2\/posts\/125972","targetHints":{"allow":["GET"]}}],"collection":[{"href":"https:\/\/dimensionturistica.com\/es\/wp-json\/wp\/v2\/posts"}],"about":[{"href":"https:\/\/dimensionturistica.com\/es\/wp-json\/wp\/v2\/types\/post"}],"author":[{"embeddable":true,"href":"https:\/\/dimensionturistica.com\/es\/wp-json\/wp\/v2\/users\/4"}],"replies":[{"embeddable":true,"href":"https:\/\/dimensionturistica.com\/es\/wp-json\/wp\/v2\/comments?post=125972"}],"version-history":[{"count":0,"href":"https:\/\/dimensionturistica.com\/es\/wp-json\/wp\/v2\/posts\/125972\/revisions"}],"wp:featuredmedia":[{"embeddable":true,"href":"https:\/\/dimensionturistica.com\/es\/wp-json\/wp\/v2\/media\/125973"}],"wp:attachment":[{"href":"https:\/\/dimensionturistica.com\/es\/wp-json\/wp\/v2\/media?parent=125972"}],"wp:term":[{"taxonomy":"category","embeddable":true,"href":"https:\/\/dimensionturistica.com\/es\/wp-json\/wp\/v2\/categories?post=125972"},{"taxonomy":"post_tag","embeddable":true,"href":"https:\/\/dimensionturistica.com\/es\/wp-json\/wp\/v2\/tags?post=125972"}],"curies":[{"name":"wp","href":"https:\/\/api.w.org\/{rel}","templated":true}]}}