{"id":125812,"date":"2021-05-12T15:09:28","date_gmt":"2021-05-12T15:09:28","guid":{"rendered":"https:\/\/dimensionturistica.com\/es\/?p=125812"},"modified":"2021-05-12T15:09:28","modified_gmt":"2021-05-12T15:09:28","slug":"evaluan-ciego-de-avila-propuestas-culturales-a-traves-de-la-actividad-de-animacion-turistica","status":"publish","type":"post","link":"https:\/\/dimensionturistica.com\/es\/evaluan-ciego-de-avila-propuestas-culturales-a-traves-de-la-actividad-de-animacion-turistica\/","title":{"rendered":"Eval\u00faan Ciego de \u00c1vila propuestas culturales a trav\u00e9s de la actividad de animaci\u00f3n tur\u00edstica"},"content":{"rendered":"<p> <br \/>\n<\/p>\n<div>\n<p><span class=\"tojvnm2t a6sixzi8 abs2jz4q a8s20v7p t1p8iaqh k5wvi7nf q3lfd5jv pk4s997a bipmatt0 cebpdrjk qowsmv63 owwhemhu dp1hu0rb dhp61c6y iyyx5f41\"><img decoding=\"async\" loading=\"lazy\" class=\"wp-image-52064 alignleft\" src=\"http:\/\/www.tvavila.icrt.cu\/wp-content\/uploads\/2021\/05\/186445131_1482590778748637_3092206283277075151_n-300x169.jpg\" alt=\"\" width=\"419\" height=\"236\" srcset=\"https:\/\/www.tvavila.icrt.cu\/wp-content\/uploads\/2021\/05\/186445131_1482590778748637_3092206283277075151_n-300x169.jpg 300w, https:\/\/www.tvavila.icrt.cu\/wp-content\/uploads\/2021\/05\/186445131_1482590778748637_3092206283277075151_n.jpg 768w\" sizes=\"auto, (max-width: 419px) 100vw, 419px\"\/>El arte que mostramos a los visitantes a trav\u00e9s de la industria del turismo en Cuba outline la visi\u00f3n que el mundo tiene de los valores culturales e identitarios de nuestra naci\u00f3n. De ah\u00ed la importancia de renovar diario los ofrecimientos art\u00edsticos en la crimson de hoteles y trabajar para que ellos sean el reflejo m\u00e1s digno de la tradici\u00f3n cultural cubana. En este sentido trabaja la comisi\u00f3n Cultura-Turismo-Espacios P\u00fablicos de la filial avile\u00f1a de la UNEAC, con el prop\u00f3sito de implementar estrategias que permitan visualizar lo m\u00e1s aut\u00f3ctono de las tradiciones, teniendo en cuenta que es Ciego de \u00c1vila una de las provincias con una riqueza incomparable referente a ellas. La m\u00e1s reciente sesi\u00f3n analiz\u00f3 la organicidad y funcionamiento de la actividad de animaci\u00f3n tur\u00edstica, como ente responsable en la crimson hotelera del Polo Tur\u00edstico Jardines del Rey, uno de los m\u00e1s importantes en Cuba. Las intervenciones se\u00f1alaron un plan de acci\u00f3n en pr\u00e1ctica para erradicar las deficiencias y abogaron por unificar la creatividad en funci\u00f3n de llevar hasta los espect\u00e1culos hoteleros la esencia de la cultura well-liked tradicional de la provincia, en la que destacan las tradiciones campesinas. De igual manera el Consejo Provincial de las Artes Esc\u00e9nicas y la Empresa Music\u00e1vila presentaron los proyectosn de desarrollo para el presente y pr\u00f3ximo a\u00f1o. Como iniciativa que enriquece a las propuestas del turismo de ciudad, el Consejo Provincial de las Artes Esc\u00e9nicas present\u00f3 tambi\u00e9n el ofrecimiento de \u201cEl tri\u00e1ngulo de los teatros\u201d, proyecto que vincula el arte de las tablas y otras manifestaciones del arte a los periplos tur\u00edsticos en la Ciudad de los Portales. Desde el escenario del sitio La Guira, en Jardines del Rey, la comisi\u00f3n confirm\u00f3 que se encuentra listo el producto cultural \u201cGuajirito Soy\u201d, oferta que hace \u00e9nfasis en la identidad de la cuban\u00eda, primando las tradiciones campesinas. Desde all\u00ed, los visitantes pueden no solo apreciar y vivir la experiencia de la campi\u00f1a cubana, tambi\u00e9n deleitarse con la flora y la fauna aut\u00f3ctona del paraje costero, que outline a su vez la belleza de esta isla del Caribe.<\/span><\/p>\n<div class=\"saboxplugin-wrap\" itemtype=\"http:\/\/schema.org\/Person\" itemscope=\"\" itemprop=\"author\">\n<div class=\"saboxplugin-gravatar\"><a rel=\"nofollow noopener\" target=\"_blank\" href=\"https:\/\/www.tvavila.icrt.cu\/author\/henry-godinez\/\"><img decoding=\"async\" src=\"http:\/\/www.tvavila.icrt.cu\/wp-content\/uploads\/2020\/03\/89950815_210056450080299_7414802832252993536_n.jpg\" alt=\"\" itemprop=\"image\"\/><\/a><\/div>\n<\/div><\/div>\n\n<p><em> &#8221; Fuentes www.tvavila.icrt.cu &#8221; <\/em><\/p>\n","protected":false},"excerpt":{"rendered":"<p>El arte que mostramos a los visitantes a trav\u00e9s de la industria del turismo en Cuba outline la visi\u00f3n que el mundo tiene de los valores culturales e identitarios de nuestra naci\u00f3n. De ah\u00ed la importancia de renovar diario los ofrecimientos art\u00edsticos en la crimson de hoteles y trabajar para que ellos sean el reflejo [&hellip;]<\/p>\n","protected":false},"author":4,"featured_media":125813,"comment_status":"open","ping_status":"closed","sticky":false,"template":"","format":"standard","meta":{"om_disable_all_campaigns":false,"jnews-multi-image_gallery":[],"jnews_single_post":[],"jnews_primary_category":[],"jnews_social_meta":[],"footnotes":""},"categories":[40],"tags":[],"class_list":["post-125812","post","type-post","status-publish","format-standard","has-post-thumbnail","hentry","category-industria"],"_links":{"self":[{"href":"https:\/\/dimensionturistica.com\/es\/wp-json\/wp\/v2\/posts\/125812","targetHints":{"allow":["GET"]}}],"collection":[{"href":"https:\/\/dimensionturistica.com\/es\/wp-json\/wp\/v2\/posts"}],"about":[{"href":"https:\/\/dimensionturistica.com\/es\/wp-json\/wp\/v2\/types\/post"}],"author":[{"embeddable":true,"href":"https:\/\/dimensionturistica.com\/es\/wp-json\/wp\/v2\/users\/4"}],"replies":[{"embeddable":true,"href":"https:\/\/dimensionturistica.com\/es\/wp-json\/wp\/v2\/comments?post=125812"}],"version-history":[{"count":0,"href":"https:\/\/dimensionturistica.com\/es\/wp-json\/wp\/v2\/posts\/125812\/revisions"}],"wp:featuredmedia":[{"embeddable":true,"href":"https:\/\/dimensionturistica.com\/es\/wp-json\/wp\/v2\/media\/125813"}],"wp:attachment":[{"href":"https:\/\/dimensionturistica.com\/es\/wp-json\/wp\/v2\/media?parent=125812"}],"wp:term":[{"taxonomy":"category","embeddable":true,"href":"https:\/\/dimensionturistica.com\/es\/wp-json\/wp\/v2\/categories?post=125812"},{"taxonomy":"post_tag","embeddable":true,"href":"https:\/\/dimensionturistica.com\/es\/wp-json\/wp\/v2\/tags?post=125812"}],"curies":[{"name":"wp","href":"https:\/\/api.w.org\/{rel}","templated":true}]}}