{"id":125803,"date":"2021-05-12T14:58:42","date_gmt":"2021-05-12T14:58:42","guid":{"rendered":"https:\/\/dimensionturistica.com\/es\/?p=125803"},"modified":"2021-05-12T14:58:43","modified_gmt":"2021-05-12T14:58:43","slug":"itapemirim-ya-cuenta-con-certificado-de-operador-aereo","status":"publish","type":"post","link":"https:\/\/dimensionturistica.com\/es\/itapemirim-ya-cuenta-con-certificado-de-operador-aereo\/","title":{"rendered":"Itapemirim ya cuenta con Certificado de Operador A\u00e9reo"},"content":{"rendered":"<p> <br \/>\n<\/p>\n<div data-td-block-uid=\"tdi_99\">\n<div class=\"tdb-block-inner td-fix-index\">\n<p>Itapemirim logr\u00f3 obtener su Certificado de Operador A\u00e9reo y desde ahora podr\u00e1 comenzar a operar comercialmente.<\/p>\n<p>Seg\u00fan informa nuestro medio asociado <a rel=\"nofollow noopener\" target=\"_blank\" href=\"https:\/\/www.aeroin.net\/\">Aeroin<\/a>, Itapemirim Transportes A\u00e9reos fue aprobada en el proceso de certificaci\u00f3n por la ANAC.<\/p>\n<p>Con esta aprobaci\u00f3n la aerol\u00ednea ya cuenta con la concesi\u00f3n para operar vuelos comerciales de pasajeros en todo el territorio brasile\u00f1o.<\/p>\n<p>\u00a0<\/p>\n<p>Las fechas y destinos que la aerol\u00ednea comenzar\u00e1 a operar seria anunciado dentro de muy poco tiempo. Tal como se encuentra planeado las operaciones comenzar\u00edan en junio.<\/p>\n<p>La venta de pasajes que arrancar\u00eda en breve. Los mismos se podr\u00e1n adquirir en su sitio internet o a trav\u00e9s de agencias de viaje.<\/p>\n<p><a rel=\"nofollow noopener\" target=\"_blank\" href=\"https:\/\/www.aviacionline.com\/2021\/04\/itapemirim-mostro-el-interior-de-sus-primeros-airbus-a320\/\">Itapemirim mostr\u00f3 el interior de sus primeros Airbus A320<\/a><\/p>\n<p>Sidnei Piva, presidente del Grupo Itapemirim, afirm\u00f3: \u00abEstamos siendo testigos de un hito importante en la historia de la aviaci\u00f3n civil brasile\u00f1a. Hoy nos enorgullece anunciar que hemos cumplido, dentro del plazo oficial, con todos los requisitos exigidos por ANAC.\u00bb<\/p>\n<p>Piva, agreg\u00f3: \u00abEste sue\u00f1o solo fue posible gracias al esfuerzo de todos los directores y empleados del Grupo Itapemirim.\u00bb<\/p>\n<\/div>\n<\/div>\n\n<p><em> &#8221; Fuentes www.aviacionline.com &#8221; <\/em><\/p>\n","protected":false},"excerpt":{"rendered":"<p>Itapemirim logr\u00f3 obtener su Certificado de Operador A\u00e9reo y desde ahora podr\u00e1 comenzar a operar comercialmente. Seg\u00fan informa nuestro medio asociado Aeroin, Itapemirim Transportes A\u00e9reos fue aprobada en el proceso de certificaci\u00f3n por la ANAC. Con esta aprobaci\u00f3n la aerol\u00ednea ya cuenta con la concesi\u00f3n para operar vuelos comerciales de pasajeros en todo el territorio [&hellip;]<\/p>\n","protected":false},"author":4,"featured_media":125804,"comment_status":"open","ping_status":"closed","sticky":false,"template":"","format":"standard","meta":{"om_disable_all_campaigns":false,"jnews-multi-image_gallery":[],"jnews_single_post":[],"jnews_primary_category":[],"jnews_social_meta":[],"footnotes":""},"categories":[40],"tags":[],"class_list":["post-125803","post","type-post","status-publish","format-standard","has-post-thumbnail","hentry","category-industria"],"_links":{"self":[{"href":"https:\/\/dimensionturistica.com\/es\/wp-json\/wp\/v2\/posts\/125803","targetHints":{"allow":["GET"]}}],"collection":[{"href":"https:\/\/dimensionturistica.com\/es\/wp-json\/wp\/v2\/posts"}],"about":[{"href":"https:\/\/dimensionturistica.com\/es\/wp-json\/wp\/v2\/types\/post"}],"author":[{"embeddable":true,"href":"https:\/\/dimensionturistica.com\/es\/wp-json\/wp\/v2\/users\/4"}],"replies":[{"embeddable":true,"href":"https:\/\/dimensionturistica.com\/es\/wp-json\/wp\/v2\/comments?post=125803"}],"version-history":[{"count":0,"href":"https:\/\/dimensionturistica.com\/es\/wp-json\/wp\/v2\/posts\/125803\/revisions"}],"wp:featuredmedia":[{"embeddable":true,"href":"https:\/\/dimensionturistica.com\/es\/wp-json\/wp\/v2\/media\/125804"}],"wp:attachment":[{"href":"https:\/\/dimensionturistica.com\/es\/wp-json\/wp\/v2\/media?parent=125803"}],"wp:term":[{"taxonomy":"category","embeddable":true,"href":"https:\/\/dimensionturistica.com\/es\/wp-json\/wp\/v2\/categories?post=125803"},{"taxonomy":"post_tag","embeddable":true,"href":"https:\/\/dimensionturistica.com\/es\/wp-json\/wp\/v2\/tags?post=125803"}],"curies":[{"name":"wp","href":"https:\/\/api.w.org\/{rel}","templated":true}]}}