{"id":125790,"date":"2021-05-12T14:28:50","date_gmt":"2021-05-12T14:28:50","guid":{"rendered":"https:\/\/dimensionturistica.com\/es\/?p=125790"},"modified":"2021-05-12T14:28:50","modified_gmt":"2021-05-12T14:28:50","slug":"unos-40-espanoles-entre-los-miles-de-turistas-varados-en-nepal-por-la-covid","status":"publish","type":"post","link":"https:\/\/dimensionturistica.com\/es\/unos-40-espanoles-entre-los-miles-de-turistas-varados-en-nepal-por-la-covid\/","title":{"rendered":"Unos 40 espa\u00f1oles entre los miles de turistas varados en Nepal por la covid"},"content":{"rendered":"<p> <br \/>\n<\/p>\n<div id=\"\">\n<span class=\"show-for-sr\">Este contenido fue publicado el 12 mayo 2021 &#8211; 12:22<\/span><br \/>\n<time class=\"si-detail__date\" datetime=\"2021-05-12T12:22:23+02:00\"><br \/>\n<span aria-hidden=\"true\">12 mayo 2021 &#8211; 12:22<\/span><br \/>\n<\/time><\/p>\n<address class=\"si-detail__author\" data-uk-scrollspy=\"hidden: false; repeat: true; offset-top: -50\">\n<\/address>\n<p>Sangam Prasain y Moncho Torres<\/p>\n<p>Katmand\u00fa\/Nueva Delhi, 12 could (EFE).- Al menos 40 espa\u00f1oles se encuentran varados en Nepal junto a much de turistas extranjeros, despu\u00e9s de que las autoridades nepal\u00edes decidieran prolongar la suspensi\u00f3n de los vuelos internacionales hasta el 31 de mayo ante la grave ola de coronavirus que azota al pa\u00eds, con r\u00e9cords diarios.<\/p>\n<p>Nepal anunci\u00f3 el pasado 3 de mayo la suspensi\u00f3n de todos los vuelos internacionales desde el 7 al 14 de mayo, una prohibici\u00f3n que ha decidido extender hasta el pr\u00f3ximo d\u00eda 31, con la excepci\u00f3n de una burbuja a\u00e9rea Katmand\u00fa-Nueva Delhi, con dos vuelos semanales.<\/p>\n<p>La decisi\u00f3n tomada el martes ha truncado los planes de muchos extranjeros, que esperaban poder regresar a sus pa\u00edses de origen cuando se reanudaran los vuelos tras la breve espera.<\/p>\n<p>Conscientes de la situaci\u00f3n, las autoridades nepal\u00edes debaten la posibilidad de permitir vuelos de repatriaci\u00f3n con los que evacuar a los extranjeros de Nepal, asegur\u00f3 este mi\u00e9rcoles a Efe el secretario adjunto del Ministerio de Turismo nepal\u00ed, Buddhi Sagar Lamichhane.<\/p>\n<p>&#8220;A\u00fan no hemos llegado a una conclusi\u00f3n&#8221;, revel\u00f3 Lamichhane.<\/p>\n<p>La Junta de Turismo de Nepal, organismo que promociona el turismo en el pa\u00eds, estima que hay en estos momentos en Katmand\u00fa unos 2.000 extranjeros que est\u00e1n esperando ya vuelos de repatriaci\u00f3n inmediata, y unos 5.000 turistas se encuentran en las monta\u00f1as.<\/p>\n<p>&#8220;M\u00e1s senderistas y monta\u00f1eros llegar\u00e1n a Katmand\u00fa desde varias regiones remotas la pr\u00f3xima semana, ya que la temporada de trekking y monta\u00f1ismo est\u00e1 llegando a su fin&#8221;, explic\u00f3 a Efe el gerente de la Junta de Turismo de Nepal, Shradha Shrestha.<\/p>\n<p>Seg\u00fan este \u00f3rgano de turismo, 1.437 europeos llegaron a Nepal desde el 1 de enero al 5 de mayo, y a\u00fan no han abandonado el pa\u00eds.<\/p>\n<p>ESPA\u00d1OLES EN NEPAL<\/p>\n<p>Entre esos europeos se encuentran m\u00e1s de 40 espa\u00f1oles que se han puesto en contacto con la Embajada de Espa\u00f1a en Nueva Delhi y su consulado en Nepal solicitando ayuda.<\/p>\n<p>&#8220;Sabemos c\u00f3mo est\u00e1n, hemos recibido llamadas, correos electr\u00f3nicos, se han contestado (&#8230;) y estamos intentando ver si hay alg\u00fan vuelo antes de esa fecha (31 de mayo) o si hubiera alguna posibilidad v\u00eda la India&#8221;, explic\u00f3 a Efe la Embajada en Nueva Delhi.<\/p>\n<p>La fuente explic\u00f3 que est\u00e1n en contacto con &#8220;m\u00e1s de 40 espa\u00f1oles&#8221; y que est\u00e1n tratando de coordinar una salida con el resto de legaciones europeas y el representante de la Uni\u00f3n Europea (UE) en Nepal.<\/p>\n<p>LLAMADA DE AUXILIO<\/p>\n<p>Entre los espa\u00f1oles que permanecen en el pa\u00eds est\u00e1n sobre todo aficionados al monta\u00f1ismo y escaladores profesionales, como el equipo liderado por Juanito Oiarzabal, sexto alpinista de la historia en conquistar los 14 ochomiles, y Sebasti\u00e1n \u00c1lvaro, aventurero y director de &#8220;Al filo de lo Imposible&#8221; durante 27 a\u00f1os.<\/p>\n<p>\u00c1lvaro detall\u00f3 a Efe que llegaron a Nepal el pasado 22 de abril con un equipo de 28 personas para hacer senderismo y filmar un documental sobre Oiarzabal, una experiencia que interrumpieron antes de lo previsto al agravarse la situaci\u00f3n por la pandemia.<\/p>\n<p>&#8220;Lo hemos puesto en conocimiento de la Embajada de Nueva Delhi y el consulado (&#8230;) y lo que hay que ver es c\u00f3mo nos sacan de aqu\u00ed, porque vamos a estar encerrados un mes sin poder salir (&#8230;) y adem\u00e1s con una ciudad en plena expansi\u00f3n de la pandemia, sin sistema sanitario&#8221;, remarc\u00f3 el aventurero madrile\u00f1o, de 70 a\u00f1os.<\/p>\n<p>Las autoridades espa\u00f1olas &#8220;se deben poner las pilas con cuarenta espa\u00f1oles que est\u00e1n aqu\u00ed perdidos de la mano de Dios y ellos est\u00e1n al corriente de nuestra situaci\u00f3n&#8221;, remarc\u00f3, y aunque aclar\u00f3 que est\u00e1n &#8220;bien&#8221; pese a encontrarse m\u00e1s de una semana &#8220;pr\u00e1cticamente encerrados&#8221;.<\/p>\n<p>La situaci\u00f3n en Nepal se ha vuelto insostenible durante las \u00faltimas semanas, registrando r\u00e9cords casi sucesivos de infecciones, con 9.305 nuevos contagios este mi\u00e9rcoles cuando hace un mes el pa\u00eds notificaba unas 460 infecciones diarias, elevando el complete hasta las 422.349, inform\u00f3 el Ministerio de Salud.<\/p>\n<p>Este repunte de la pandemia y las restricciones de viaje se producen despu\u00e9s de que un n\u00famero r\u00e9cord de escaladores se registraran para subir durante la temporada de primavera el Everest: en complete 408 frente a los 381 de 2019.<\/p>\n<p>\u00c1lvaro culp\u00f3 a las &#8220;poderosas agencias de turismo&#8221; nepal\u00edes de imponer &#8220;el calendario tur\u00edstico&#8221;, &#8220;dando m\u00e1s permisos al Everest que nunca, lo cual quiere decir que han metido a miles de personas en el campo base del Everest sin ninguna clase de control, ni de covid, ni de nada&#8221;, lo que llev\u00f3 a varios positivos por coronavirus.<\/p>\n<p>Adem\u00e1s de la de \u00c1lvaro y Oiarz\u00e1bal, varias expediciones espa\u00f1olas han estado o contin\u00faan en distintas monta\u00f1as del Himalaya, como las de Carlos Soria, Jonathan Garc\u00eda y Stefi Troguet en el Dhaulaghiri o las realizadas por Alex Txik\u00f3n o Kilian Jornet en el Everest. EFE<\/p>\n<p>sp-mt\/daa\/jac<\/p>\n<p>\u00a9 EFE 2021. Est\u00e1 expresamente prohibida la redistribuci\u00f3n y la redifusi\u00f3n de todo o parte de los contenidos de los servicios de Efe, sin previo y expreso consentimiento de la Agencia EFE S.A.<\/p>\n<\/p><\/div>\n\n<p><em> &#8221; Fuentes www.swissinfo.ch &#8221; <\/em><\/p>\n","protected":false},"excerpt":{"rendered":"<p>Este contenido fue publicado el 12 mayo 2021 &#8211; 12:22 12 mayo 2021 &#8211; 12:22 Sangam Prasain y Moncho Torres Katmand\u00fa\/Nueva Delhi, 12 could (EFE).- Al menos 40 espa\u00f1oles se encuentran varados en Nepal junto a much de turistas extranjeros, despu\u00e9s de que las autoridades nepal\u00edes decidieran prolongar la suspensi\u00f3n de los vuelos internacionales hasta [&hellip;]<\/p>\n","protected":false},"author":4,"featured_media":118411,"comment_status":"open","ping_status":"closed","sticky":false,"template":"","format":"standard","meta":{"om_disable_all_campaigns":false,"jnews-multi-image_gallery":[],"jnews_single_post":[],"jnews_primary_category":[],"jnews_social_meta":[],"footnotes":""},"categories":[40],"tags":[],"class_list":["post-125790","post","type-post","status-publish","format-standard","has-post-thumbnail","hentry","category-industria"],"_links":{"self":[{"href":"https:\/\/dimensionturistica.com\/es\/wp-json\/wp\/v2\/posts\/125790","targetHints":{"allow":["GET"]}}],"collection":[{"href":"https:\/\/dimensionturistica.com\/es\/wp-json\/wp\/v2\/posts"}],"about":[{"href":"https:\/\/dimensionturistica.com\/es\/wp-json\/wp\/v2\/types\/post"}],"author":[{"embeddable":true,"href":"https:\/\/dimensionturistica.com\/es\/wp-json\/wp\/v2\/users\/4"}],"replies":[{"embeddable":true,"href":"https:\/\/dimensionturistica.com\/es\/wp-json\/wp\/v2\/comments?post=125790"}],"version-history":[{"count":0,"href":"https:\/\/dimensionturistica.com\/es\/wp-json\/wp\/v2\/posts\/125790\/revisions"}],"wp:featuredmedia":[{"embeddable":true,"href":"https:\/\/dimensionturistica.com\/es\/wp-json\/wp\/v2\/media\/118411"}],"wp:attachment":[{"href":"https:\/\/dimensionturistica.com\/es\/wp-json\/wp\/v2\/media?parent=125790"}],"wp:term":[{"taxonomy":"category","embeddable":true,"href":"https:\/\/dimensionturistica.com\/es\/wp-json\/wp\/v2\/categories?post=125790"},{"taxonomy":"post_tag","embeddable":true,"href":"https:\/\/dimensionturistica.com\/es\/wp-json\/wp\/v2\/tags?post=125790"}],"curies":[{"name":"wp","href":"https:\/\/api.w.org\/{rel}","templated":true}]}}