{"id":125760,"date":"2021-05-12T13:30:54","date_gmt":"2021-05-12T13:30:54","guid":{"rendered":"https:\/\/dimensionturistica.com\/es\/?p=125760"},"modified":"2021-05-12T13:30:55","modified_gmt":"2021-05-12T13:30:55","slug":"b-travel-el-primer-salon-presencial-de-la-fira-de-barcelona-pos-covid","status":"publish","type":"post","link":"https:\/\/dimensionturistica.com\/es\/b-travel-el-primer-salon-presencial-de-la-fira-de-barcelona-pos-covid\/","title":{"rendered":"B-Travel, el primer sal\u00f3n presencial de la Fira de Barcelona pos-Covid"},"content":{"rendered":"<p> <br \/>\n<\/p>\n<div>\n<div class=\"banner-in-read\"><noscript><a rel=\"nofollow noopener\" target=\"_blank\" href=\"https:\/\/www3.smartadserver.com\/ac?jump=1&amp;nwid=1778&amp;siteid=96478&amp;pgname=articulo_actualitats&amp;fmtid=50711&amp;visit=m&amp;tmstp=[timestamp]&amp;out=nonrich\"><img decoding=\"async\" src=\"https:\/\/www3.smartadserver.com\/ac?out=nonrich&amp;nwid=1778&amp;siteid=96478&amp;pgname=articulo_actualitats&amp;fmtid=50711&amp;visit=m&amp;tmstp=[timestamp]\" border=\"0\" alt=\"\"\/><\/a><\/noscript><\/div>\n<p>El sal\u00f3n especializado en <a rel=\"nofollow noopener\" target=\"_blank\" data-external=\"0\" data-intl-links-ca=\"https:\/\/www.elnacional.cat\/ca\/economia\/govern-llanca-recuperacio-turisme-internacional-catalunya_608423_102.html\" data-intl-links-es=\"https:\/\/www.elnacional.cat\/es\/economia\/govern-lanza-recuperacion-turismo-internacional-catalunya_608423_102.html\" href=\"https:\/\/www.elnacional.cat\/es\/economia\/govern-lanza-recuperacion-turismo-internacional-catalunya_608423_102.html\" title=\"El Gobierno se lanza a la recuperaci\u00f3n del turismo internacional en Catalunya\">turismo<\/a> de experiencias devuelve <strong>B-Journey,<\/strong> del 11 al 13 de junio, se convertir\u00e1 en el <strong>primer sal\u00f3n en\u00a0<a rel=\"nofollow noopener\" target=\"_blank\" data-external=\"0\" data-intl-links-ca=\"https:\/\/www.elnacional.cat\/ca\/salut\/mante-tendencia-baixa-covid-uci-ingressos_609113_102.html\" data-intl-links-es=\"https:\/\/www.elnacional.cat\/es\/salud\/mantiene-tendencia-baja-covid-uci-ingresos_609113_102.html\" href=\"https:\/\/www.elnacional.cat\/es\/salud\/mantiene-tendencia-baja-covid-uci-ingresos_609113_102.html\" title=\"Se mantiene la tendencia a la baja de la Covid, tambi\u00e9n en ingresos y UCI\">recuperar la presencialidad<\/a> en la Fira\u00a0de Barcelona<\/strong>. El objetivo de esta edici\u00f3n es la de <strong>contribuir a la reactivaci\u00f3n del sector tur\u00edstico espa\u00f1ol,<\/strong> una industria especialmente afectada por\u00a0los efectos de la pandemia y basic para la econom\u00eda. El acontecimiento, enmarcado en la recuperaci\u00f3n de la actividad presencial de Fira\u00a0de Barcelona, reunir\u00e1 una amplia muestra de las mejores destinaciones\u00a0locales, regionales, nacionales e internacionales de proximidad en el Palau 8 de recinto ferial de Montju\u00efc.<\/p>\n<p>Bajo el lema <em>Reactiva-T<\/em>, el sal\u00f3n\u00a0tendr\u00e1 una <strong>edici\u00f3n singular con un formato adaptado a la situaci\u00f3n precise,<\/strong> y con todas las medidas de seguridad, en qu\u00e9 se potenciar\u00e1 el <strong>turismo de proximidad y sostenible<\/strong>, sin dejar de lado la <strong>promoci\u00f3n de destinaciones\u00a0m\u00e1s lejanas y seguras para un p\u00fablico,<\/strong> como el catal\u00e1n, que constituye el mercado mayor de viajeros del sur de Europa, han expuesto a trav\u00e9s de un comunicado.<\/p>\n<p>As\u00ed, el presidente del comit\u00e9 organizador, Mart\u00ed Sarrate, ha se\u00f1alado &#8220;la importancia de celebrar este acontecimiento en las actuales circunstancias para dar respuesta a la <strong>necesidad del sector tur\u00edstico de contar con una plataforma comercial y divulgativa como B-Travel&#8221;<\/strong> y ha destacado el papel del sal\u00f3n como &#8220;un catalizador imprescindible para impulsar la actividad de todos los agentes que integran el turismo nacional&#8221;. Por su parte, la directora del sal\u00f3n, Marta Serra, ha afirmado que &#8220;la organizaci\u00f3n ha trabajado estrechamente con todos los representantes sectoriales, desde empresas hasta agencias de viaje, pasando por organismos de promoci\u00f3n nacionales e internacionales, para dise\u00f1ar un acontecimiento que sea \u00fatil para sus intereses y atractivo para el visitante, con m\u00e1s ganas que nunca de volver a viajar&#8221;.<\/p>\n<h2>\u00bfDestinaciones\u00a0&#8216;Covid free&#8217;?<\/h2>\n<p>Entre los expositores de B-Journey ya confirmados destacan la presencia de <strong>Renfe,<\/strong> que promocionar\u00e1 su servicio AVLO de alta velocidad de abajo coste coincidiendo con el suyo 80 aniversario\u00a0o la de l<strong>a Ag\u00e8ncia Catalana de Turisme\u00a0de la Generalitat,<\/strong> que presentar\u00e1 la amplia oferta con que cuenta Catalunya como destinaci\u00f3n\u00a0tur\u00edstica native. Regiones como Andaluc\u00eda, Arag\u00f3n, Asturias, Castilla y Le\u00f3n, Islas Baleares, Islas Canarias, Extremadura, Regi\u00f3n de M\u00farcia-Costa C\u00e1lida o Valencia tambi\u00e9n estar\u00e1n presentes a trav\u00e9s de sus organismos de promoci\u00f3n tur\u00edstica, as\u00ed como destinaciones internacionales <em>Covid Free<\/em> como <strong>Indonesia, Marruecos o la ciudad croata de Zagreb<\/strong>, entre otros expositores. Adem\u00e1s, el sal\u00f3n de Fira de Barcelona ofrecer\u00e1 ofertas<strong>\u00a0relacionadas con el turismo native, regional, rural e industrial,<\/strong> y contar\u00e1 con una relevante presencia de agencias de viaje y compa\u00f1\u00edas de transporte a\u00e9reo o terrestre.<\/p>\n<h2>Un sal\u00f3n presencial (pero con medidas)<\/h2>\n<p>Con el objetivo de garantizar la seguridad de operadores, expositores y visitantes, en B-Journey 2021 se aplicar\u00e1 el <strong>protocolo de prevenci\u00f3n y seguridad contra la Covid-19<\/strong> que Fira de Barcelona ha desarrollado, con el asesoramiento del Hospital Cl\u00ednic\u00a0de Barcelona. La instituci\u00f3n ferial ha recibido asimismo el sello internacional <em>Protected Travels<\/em> que concede el Consejo Mundial del Viaje y el Turismo (WTTC, en sus siglas en ingl\u00e9s), han remarcado en el mismo comunicado. B-Journey se convertir\u00e1 as\u00ed en el primer sal\u00f3n presencial que organizar\u00e1 este a\u00f1o Fira de Barcelona, en un momento en que la <strong>instituci\u00f3n reanuda su actividad<\/strong> para ser motor econ\u00f3mico y social que contribuya a la recuperaci\u00f3n pospandemia.<\/p>\n<p>\u00a0<\/p>\n<p>\u00a0<\/p>\n<p class=\"caption\"><em>Imagen principal:\u00a0Fira de Barcelona \/\u00a0Fira de Barcelona<\/em><\/p>\n<div class=\"c-article-banner\">\n        <a rel=\"nofollow noopener\" target=\"_blank\" href=\"https:\/\/club.elnacional.cat\/es\/registro\/?banner\" title=\"Suscr\u00edbete a ElNacional.cat\" class=\"c-article-banner__cover-link\"><\/p>\n<div class=\"c-article-banner__text\">\n<p>\n                \u00bfTe ha parecido interesante este art\u00edculo? Para seguir garantizando una informaci\u00f3n comprometida, valiente y rigurosa, necesitamos tu apoyo. Nuestra independencia tambi\u00e9n depende de ti.\n            <\/p>\n<div class=\"c-article-banner__text-3\">\n                <strong><br \/>\n                    <a rel=\"nofollow noopener\" target=\"_blank\" href=\"https:\/\/club.elnacional.cat\/es\/registro\/?banner\" title=\"Suscr\u00edbete a ElNacional.cat\" class=\"c-article-banner__link\"><br \/>\n                        Suscr\u00edbete a ElNacional.cat<br \/>\n                    <\/a><br \/>\n                <\/strong>\n            <\/div><\/div><\/div>\n<div class=\"row right-images\" data-type=\"related-content\">\n<div class=\"col-lg-2 col-md-2 col-sm-2 col-xs-2\">\n<div class=\"csl-inner\">\n<div class=\"squared-item  video\">\n<p>\t\t\t\t\t\t<img decoding=\"async\" class=\"squared-base\" src=\"https:\/\/www.elnacional.cat\/bundles\/cs\/Widgets\/VaCentralContent\/images\/box.png\"\/>\n\t\t\t\t\t<\/div><\/div><\/div>\n<div class=\"col-lg-2 col-md-2 col-sm-2 col-xs-2\">\n<div class=\"csl-inner\">\n<div class=\"squared-item \">\n<p>\t\t\t\t\t\t<img decoding=\"async\" class=\"squared-base\" src=\"https:\/\/www.elnacional.cat\/bundles\/cs\/Widgets\/VaCentralContent\/images\/box.png\"\/>\n\t\t\t\t\t<\/div><\/div><\/div><\/div>\n<div class=\"banner-inread2\"><noscript><a rel=\"nofollow noopener\" target=\"_blank\" href=\"https:\/\/www3.smartadserver.com\/ac?jump=1&amp;nwid=1778&amp;siteid=96478&amp;pgname=articulo_actualitats&amp;fmtid=66869&amp;visit=m&amp;tmstp=[timestamp]&amp;out=nonrich\"><img decoding=\"async\" src=\"https:\/\/www3.smartadserver.com\/ac?out=nonrich&amp;nwid=1778&amp;siteid=96478&amp;pgname=articulo_actualitats&amp;fmtid=66869&amp;visit=m&amp;tmstp=[timestamp]\" border=\"0\" alt=\"\"\/><\/a><\/noscript><\/div><\/div>\n<p><script>\n    !function(f,b,e,v,n,t,s){if(f.fbq)return;n=f.fbq=function(){n.callMethod?\n    n.callMethod.apply(n,arguments):n.queue.push(arguments)};if(!f._fbq)f._fbq=n;\n    n.push=n;n.loaded=!0;n.version='2.0';n.queue=[];t=b.createElement(e);t.async=!0;\n    t.src=v;s=b.getElementsByTagName(e)[0];s.parentNode.insertBefore(t,s)}(window,\n    document,'script','https:\/\/connect.facebook.net\/en_US\/fbevents.js');\n    fbq('init', '438800606303760');\n    fbq('track', \"PageView\");<\/script><br \/>\n<br \/><\/p>\n<p><em> &#8221; Fuentes www.elnacional.cat &#8221; <\/em><\/p>\n","protected":false},"excerpt":{"rendered":"<p>El sal\u00f3n especializado en turismo de experiencias devuelve B-Journey, del 11 al 13 de junio, se convertir\u00e1 en el primer sal\u00f3n en\u00a0recuperar la presencialidad en la Fira\u00a0de Barcelona. El objetivo de esta edici\u00f3n es la de contribuir a la reactivaci\u00f3n del sector tur\u00edstico espa\u00f1ol, una industria especialmente afectada por\u00a0los efectos de la pandemia y basic [&hellip;]<\/p>\n","protected":false},"author":4,"featured_media":125761,"comment_status":"open","ping_status":"closed","sticky":false,"template":"","format":"standard","meta":{"om_disable_all_campaigns":false,"jnews-multi-image_gallery":[],"jnews_single_post":[],"jnews_primary_category":[],"jnews_social_meta":[],"footnotes":""},"categories":[40],"tags":[],"class_list":["post-125760","post","type-post","status-publish","format-standard","has-post-thumbnail","hentry","category-industria"],"_links":{"self":[{"href":"https:\/\/dimensionturistica.com\/es\/wp-json\/wp\/v2\/posts\/125760","targetHints":{"allow":["GET"]}}],"collection":[{"href":"https:\/\/dimensionturistica.com\/es\/wp-json\/wp\/v2\/posts"}],"about":[{"href":"https:\/\/dimensionturistica.com\/es\/wp-json\/wp\/v2\/types\/post"}],"author":[{"embeddable":true,"href":"https:\/\/dimensionturistica.com\/es\/wp-json\/wp\/v2\/users\/4"}],"replies":[{"embeddable":true,"href":"https:\/\/dimensionturistica.com\/es\/wp-json\/wp\/v2\/comments?post=125760"}],"version-history":[{"count":0,"href":"https:\/\/dimensionturistica.com\/es\/wp-json\/wp\/v2\/posts\/125760\/revisions"}],"wp:featuredmedia":[{"embeddable":true,"href":"https:\/\/dimensionturistica.com\/es\/wp-json\/wp\/v2\/media\/125761"}],"wp:attachment":[{"href":"https:\/\/dimensionturistica.com\/es\/wp-json\/wp\/v2\/media?parent=125760"}],"wp:term":[{"taxonomy":"category","embeddable":true,"href":"https:\/\/dimensionturistica.com\/es\/wp-json\/wp\/v2\/categories?post=125760"},{"taxonomy":"post_tag","embeddable":true,"href":"https:\/\/dimensionturistica.com\/es\/wp-json\/wp\/v2\/tags?post=125760"}],"curies":[{"name":"wp","href":"https:\/\/api.w.org\/{rel}","templated":true}]}}