{"id":125753,"date":"2021-05-12T13:14:30","date_gmt":"2021-05-12T13:14:30","guid":{"rendered":"https:\/\/dimensionturistica.com\/es\/?p=125753"},"modified":"2021-05-12T13:14:30","modified_gmt":"2021-05-12T13:14:30","slug":"nuevas-fechas-para-vitrina-turistica-de-anato-2021","status":"publish","type":"post","link":"https:\/\/dimensionturistica.com\/es\/nuevas-fechas-para-vitrina-turistica-de-anato-2021\/","title":{"rendered":"Nuevas fechas para vitrina tur\u00edstica de ANATO 2021"},"content":{"rendered":"<p> <br \/>\n<\/p>\n<div>\n<div class=\"wp-next-post-navi\">\n<div class=\"wp-next-post-navi-pre\">\n&#x25c0;<a rel=\"nofollow noopener\" target=\"_blank\" href=\"https:\/\/volavi.co\/viajes-turismo\/noticias-viajar\/cambian-fecha-vitrina-turistica-anato-2021\" title=\"Cambian fecha de vitrina tur\u00edstica ANATO 2021\">Cambian fecha de vitrina tur\u00edstica ANATO 2021<\/a><\/div>\n<\/div>\n<p><img decoding=\"async\" data-lazyloaded=\"1\" data-placeholder-resp=\"805x518\" class=\"aligncenter wp-image-52727 size-full\" title=\"Vitrina Tur\u00edstica de ANATO 2019.\" src=\"https:\/\/volavi.co\/wp-content\/uploads\/2021\/02\/Vitrina_Turistica_ANATO-2019.jpg\" alt=\"Vitrina Tur\u00edstica de ANATO 2019.\" width=\"805\" height=\"518\" srcset=\"https:\/\/volavi.co\/wp-content\/uploads\/2021\/02\/Vitrina_Turistica_ANATO-2019.jpg 805w, https:\/\/volavi.co\/wp-content\/uploads\/2021\/02\/Vitrina_Turistica_ANATO-2019-300x193.jpg 300w, https:\/\/volavi.co\/wp-content\/uploads\/2021\/02\/Vitrina_Turistica_ANATO-2019-768x494.jpg 768w, https:\/\/volavi.co\/wp-content\/uploads\/2021\/02\/Vitrina_Turistica_ANATO-2019-390x250.jpg 390w, https:\/\/volavi.co\/wp-content\/uploads\/2021\/02\/Vitrina_Turistica_ANATO-2019-600x386.jpg 600w\" data-sizes=\"(max-width: 805px) 100vw, 805px\"\/><noscript><img decoding=\"async\" class=\"aligncenter wp-image-52727 size-full\" title=\"Vitrina Tur\u00edstica de ANATO 2019.\" src=\"https:\/\/volavi.co\/wp-content\/uploads\/2021\/02\/Vitrina_Turistica_ANATO-2019.jpg\" alt=\"Vitrina Tur\u00edstica de ANATO 2019.\" width=\"805\" height=\"518\" srcset=\"https:\/\/volavi.co\/wp-content\/uploads\/2021\/02\/Vitrina_Turistica_ANATO-2019.jpg 805w, https:\/\/volavi.co\/wp-content\/uploads\/2021\/02\/Vitrina_Turistica_ANATO-2019-300x193.jpg 300w, https:\/\/volavi.co\/wp-content\/uploads\/2021\/02\/Vitrina_Turistica_ANATO-2019-768x494.jpg 768w, https:\/\/volavi.co\/wp-content\/uploads\/2021\/02\/Vitrina_Turistica_ANATO-2019-390x250.jpg 390w, https:\/\/volavi.co\/wp-content\/uploads\/2021\/02\/Vitrina_Turistica_ANATO-2019-600x386.jpg 600w\" sizes=\"(max-width: 805px) 100vw, 805px\"\/><\/noscript>La Vitrina Tur\u00edstica se ha consolidado como el evento m\u00e1s importante del turismo en Colombia y en Am\u00e9rica Latina, el espacio profesional donde se concretan negocios del orden nacional e internacional.<\/p>\n<p><span id=\"more-53173\"\/>Debido al reciente anuncio del presidente, Iv\u00e1n Duque M\u00e1rquez y las diferentes medidas tomadas por alcaldes y gobernadores en las diferentes regiones del pa\u00eds para minimizar el impacto de un tercer pico de la pandemia, la organizaci\u00f3n del evento ha decidido reprogramar las fechas para el mes de junio, desarroll\u00e1ndose del 16 al 18 de ese mes, en el recinto de Corferias, en la ciudad de Bogot\u00e1.<\/p>\n<p>Para esta modificaci\u00f3n, se llevaron a cabo varias reuniones donde se analiz\u00f3 la mejor alternativa, apost\u00e1ndole a este evento como el escenario de la reactivaci\u00f3n del turismo, uno de los sectores m\u00e1s golpeados.<\/p>\n<p>Adem\u00e1s de la versi\u00f3n presencial de la VITRINA, del 23 al 25 de junio se llevar\u00e1 a cabo la versi\u00f3n digital, como complemento a la estrategia del evento y de esta manera permitirles a los empresarios que no puedan asistir al recinto, tener la oportunidad de consolidar sus contactos comerciales y la creaci\u00f3n de una oferta m\u00e1s fortalecida para los viajeros.<\/p>\n<p>\u201c<em>Agradecemos el respaldo a los empresarios nacionales e internacionales, que vienen trabajando en su oferta tur\u00edstica, en mostrar sus protocolos de bioseguridad, y las novedades del mercado; al Ministerio de Comercio, Industria y Turismo; Viceministerio de Turismo; Fondo Nacional de Turismo \u2013 Fontur, ProColombia, Federaci\u00f3n Nacional de Departamentos, as\u00ed como los representantes de todas las regiones del pa\u00eds, por mantener la confianza en la realizaci\u00f3n de este evento, los cuales reconocen la apuesta que le estamos haciendo al turismo<\/em>\u201d, se\u00f1al\u00f3 Paula Cort\u00e9s Calle, presidente ejecutiva de ANATO.<\/p>\n<p>Por su parte a Bogot\u00e1 \u2013 Cundinamarca, destinos nacionales invitados de honor, continuar\u00e1n trabajando en la preparaci\u00f3n de su muestra comercial para la Vitrina Tur\u00edstica, en la que destacar\u00e1n las experiencias culturales m\u00e1s representativas que pueden desarrollar los viajeros, el biciturismo, aviturismo, la gastronom\u00eda, entre otros.<\/p>\n<p>Y Argentina, a trav\u00e9s del Instituto Nacional de Promoci\u00f3n Tur\u00edstica, Inprotur, mostrar\u00e1 su amplia oferta en actividades n\u00e1uticas, enoturismo, deportes de invierno, gastronom\u00eda, cultura y naturaleza; sin duda una apuesta para el crecimiento del turismo internacional en la regi\u00f3n.<\/p>\n<div class=\"wp-next-post-navi\">\n<div class=\"wp-next-post-navi-pre\">\n&#x25c0;<a rel=\"nofollow noopener\" target=\"_blank\" href=\"https:\/\/volavi.co\/viajes-turismo\/noticias-viajar\/cambian-fecha-vitrina-turistica-anato-2021\" title=\"Cambian fecha de vitrina tur\u00edstica ANATO 2021\">Cambian fecha de vitrina tur\u00edstica ANATO 2021<\/a><\/div>\n<\/div>\n<p><h3>Acerca del Autor<\/h3>\n<\/p>\n<div class=\"saboxplugin-wrap\" itemtype=\"http:\/\/schema.org\/Person\" itemscope=\"\" itemprop=\"author\">\n<div class=\"saboxplugin-gravatar\"><img decoding=\"async\" data-lazyloaded=\"1\" data-placeholder-resp=\"100x100\" alt=\"\" src=\"https:\/\/volavi.co\/wp-content\/litespeed\/avatar\/f54d0a67075c9707d3e9d825f7ce49d9.jpg\" srcset=\"https:\/\/volavi.co\/wp-content\/litespeed\/avatar\/9b00ce2524ea7673f49908cc5479dae3.jpg 2x\" class=\"avatar avatar-100 photo\" height=\"100\" width=\"100\" itemprop=\"image\"\/><noscript><img decoding=\"async\" alt=\"\" src=\"https:\/\/volavi.co\/wp-content\/litespeed\/avatar\/f54d0a67075c9707d3e9d825f7ce49d9.jpg\" srcset=\"https:\/\/volavi.co\/wp-content\/litespeed\/avatar\/9b00ce2524ea7673f49908cc5479dae3.jpg 2x\" class=\"avatar avatar-100 photo\" height=\"100\" width=\"100\" itemprop=\"image\"\/><\/noscript><\/div>\n<div class=\"saboxplugin-desc\">\n<div itemprop=\"description\">\n<p><strong>volavi<\/strong> (antes Aviacol.internet) cuenta con 15 a\u00f1os de experiencia informando sobre la <a rel=\"nofollow noopener\" target=\"_blank\" href=\"https:\/\/volavi.co\/aviacion\">industria a\u00e9rea (aviaci\u00f3n)<\/a> y desde 2020 se expande a las industrias de <a rel=\"nofollow noopener\" target=\"_blank\" href=\"https:\/\/volavi.co\/viajes-turismo\">viajes y turismo<\/a>. Nuestro equipo cuenta con profesionales del sector que durante a\u00f1os han aportado desde diferentes \u00e1reas del conocimiento a la construcci\u00f3n de nuestro contenido.<\/p>\n<p><strong>volar \u00b7 viajar \u00b7 vivir<\/strong><\/p>\n<p>Recuerda seguirnos en nuestra redes sociales abajo.<\/p>\n<\/div>\n<\/div>\n<\/div>\n<\/div>\n\n<p><em> &#8221; Fuentes volavi.co &#8221; <\/em><\/p>\n","protected":false},"excerpt":{"rendered":"<p>&#x25c0;Cambian fecha de vitrina tur\u00edstica ANATO 2021 La Vitrina Tur\u00edstica se ha consolidado como el evento m\u00e1s importante del turismo en Colombia y en Am\u00e9rica Latina, el espacio profesional donde se concretan negocios del orden nacional e internacional. Debido al reciente anuncio del presidente, Iv\u00e1n Duque M\u00e1rquez y las diferentes medidas tomadas por alcaldes y [&hellip;]<\/p>\n","protected":false},"author":4,"featured_media":81892,"comment_status":"open","ping_status":"closed","sticky":false,"template":"","format":"standard","meta":{"om_disable_all_campaigns":false,"jnews-multi-image_gallery":[],"jnews_single_post":[],"jnews_primary_category":[],"jnews_social_meta":[],"footnotes":""},"categories":[40],"tags":[],"class_list":["post-125753","post","type-post","status-publish","format-standard","has-post-thumbnail","hentry","category-industria"],"_links":{"self":[{"href":"https:\/\/dimensionturistica.com\/es\/wp-json\/wp\/v2\/posts\/125753","targetHints":{"allow":["GET"]}}],"collection":[{"href":"https:\/\/dimensionturistica.com\/es\/wp-json\/wp\/v2\/posts"}],"about":[{"href":"https:\/\/dimensionturistica.com\/es\/wp-json\/wp\/v2\/types\/post"}],"author":[{"embeddable":true,"href":"https:\/\/dimensionturistica.com\/es\/wp-json\/wp\/v2\/users\/4"}],"replies":[{"embeddable":true,"href":"https:\/\/dimensionturistica.com\/es\/wp-json\/wp\/v2\/comments?post=125753"}],"version-history":[{"count":0,"href":"https:\/\/dimensionturistica.com\/es\/wp-json\/wp\/v2\/posts\/125753\/revisions"}],"wp:featuredmedia":[{"embeddable":true,"href":"https:\/\/dimensionturistica.com\/es\/wp-json\/wp\/v2\/media\/81892"}],"wp:attachment":[{"href":"https:\/\/dimensionturistica.com\/es\/wp-json\/wp\/v2\/media?parent=125753"}],"wp:term":[{"taxonomy":"category","embeddable":true,"href":"https:\/\/dimensionturistica.com\/es\/wp-json\/wp\/v2\/categories?post=125753"},{"taxonomy":"post_tag","embeddable":true,"href":"https:\/\/dimensionturistica.com\/es\/wp-json\/wp\/v2\/tags?post=125753"}],"curies":[{"name":"wp","href":"https:\/\/api.w.org\/{rel}","templated":true}]}}