{"id":125606,"date":"2021-05-12T07:54:00","date_gmt":"2021-05-12T07:54:00","guid":{"rendered":"https:\/\/dimensionturistica.com\/es\/?p=125606"},"modified":"2021-05-12T07:54:01","modified_gmt":"2021-05-12T07:54:01","slug":"el-regreso-a-fuego-lento-de-los-turistas-a-italia-2","status":"publish","type":"post","link":"https:\/\/dimensionturistica.com\/es\/el-regreso-a-fuego-lento-de-los-turistas-a-italia-2\/","title":{"rendered":"El regreso &#8216;a fuego lento&#8217; de los turistas a Italia"},"content":{"rendered":"<p> <br \/>\n<\/p>\n<div mlnid=\"idcon=16361005;order=1.0\">\n<p>Toni Conde y Mercedes Ortu\u00f1o<\/p>\n<p>Roma, 11 could (EFE).- Los turistas han vuelto a las calles de Italia gracias a la reducci\u00f3n de las restricciones y la mejora de los datos epidemiol\u00f3gicos, aunque se trata de un retorno progresivo, a\u00fan muy lejos de las cifras habituales de una primavera sin pandemia en uno de los pa\u00edses m\u00e1s visitados del mundo.<\/p>\n<p>La presencia todav\u00eda de m\u00e1s turistas nacionales que extranjeros, la vuelta de visitantes a los principales museos o las primeras excursiones de cruceros que se dejan ver marcan este regreso &#8216;a fuego lento&#8217; del turismo.<\/p>\n<p>LOS PRIMEROS TURISTAS EXTRANJEROS<\/p>\n<p>Dominique, un turista suizo de Ginebra que visita por tercera vez el Vaticano y ha llegado a Roma en crucero, se alegra de poder ver la ciudad sin aglomeraciones: &#8216;No hay nadie cerca, es genial, podemos hacer fotos sin que salga nadie&#8217;.<\/p>\n<p>A pesar de la exigencia de una cuarentena de cinco d\u00edas para los turistas que entran en Italia, pocos la cumplen. &#8216;Solo hace falta hacerse una PCR antes de llegar y respetar las restricciones&#8217;, explica a Efe, convencido.<\/p>\n<p>Nicola, de Luxemburgo, tambi\u00e9n ha viajado a Italia tras hacerse un take a look at negativo de coronavirus, seg\u00fan asegura a los pies de la escalinata de la plaza de Espa\u00f1a.<\/p>\n<p>Ha venido dos d\u00edas para visitar a su hija, que estudia en Roma, aunque piensa volver con m\u00e1s tiempo a partir del 15 de mayo, cuando &#8216;la pol\u00edtica de entrada en Italia sea m\u00e1s f\u00e1cil&#8217;, pues espera que se elimine la cuarentena obligatoria para quienes llegan desde la Uni\u00f3n Europea.<\/p>\n<p>VIAJES DENTRO DE ITALIA<\/p>\n<p>La mayor afluencia de visitantes se ha notado en la Galer\u00eda de los Uffizi de Florencia, que la pasada semana recibi\u00f3 a 21.000 personas, de las cuales un 10 % eran extranjeras, &#8216;franceses, ingleses, rusos, alemanes y alg\u00fan estadounidense&#8217;, informa a Efe su director, Eike Schmidt, quien hace hincapi\u00e9 en que muchos han viajado desde otros puntos de Italia.<\/p>\n<p>Es el caso de Alona y Veronika, dos estudiantes rusas que viven en B\u00e9rgamo y han aprovechado que ya se permite la movilidad entre las regiones con menores restricciones para visitar la capital italiana.<\/p>\n<p>&#8216;Siempre nos gusta viajar y descubrir las bellezas de Italia&#8217;, expresan.<\/p>\n<p>Laura y Mario, Erasmus espa\u00f1oles en Roma, han hecho las maletas dos veces en las dos primeras semanas de desescalada: el fin de semana pasado estuvieron en N\u00e1poles y Sorrento, y ahora pasean por Venecia.<\/p>\n<p>&#8216;Tardaremos en volver a Roma porque iremos haciendo paradas por el camino, aprovechando que ahora es m\u00e1s f\u00e1cil viajar, pues los precios son m\u00e1s bajos, hay menos gente en los museos y no hay que reservar para los restaurantes&#8217;, cuentan, con la cabeza puesta ya en el destino de su pr\u00f3ximo viaje, Florencia.<\/p>\n<p>Para el director de los Uffizi esta vez el regreso del turismo supera &#8216;las experiencias de junio del a\u00f1o pasado o febrero de este a\u00f1o&#8217;, cuando Italia afloj\u00f3 unas restricciones que enseguida volvi\u00f3 a endurecer por la mala evoluci\u00f3n de la pandemia.<\/p>\n<p>&#8216;Los datos confirman el optimismo&#8217;, explica Schmidt, que espera alcanzar las cifras del verano pasado con un 20 % de visitantes extranjeros y tambi\u00e9n mejorar los datos absolutas, &#8216;lo que marcar\u00e1 la diferencia&#8217;.<\/p>\n<p>OPTIMISMO MODERADO EN LOS NEGOCIOS<\/p>\n<p>Los negocios tur\u00edsticos tambi\u00e9n observan la llegada de los nuevos visitantes, aunque la mayor\u00eda los consideran insuficientes, como Gabriele Rosetti, que trabaja en una tienda de souvenirs religiosos al lado de la plaza de San Pedro.<\/p>\n<p>&#8216;Ahora han vuelto los cruceros y tenemos dos o tres a la semana&#8217;, comenta Rosetti, para quien la clave para que aumente el n\u00famero de visitantes ser\u00e1 la supresi\u00f3n del toque de queda, actualmente fijado a partir de las 22.00 horas (20.00 GMT).<\/p>\n<p>Gabriela Morosanu, propietaria de una cafeter\u00eda cercana al Vaticano, explica que hay &#8216;un uno o dos por ciento de los turistas que ven\u00edan antes&#8217;, pero, a pesar de ello, se muestra optimista y asegura que el pasado fin de semana hubo &#8216;un incremento de viajeros: estadounidenses, muchos espa\u00f1oles y algunos franceses&#8217;.<\/p>\n<p>&#8216;Incluso en lunes hemos visto m\u00e1s movimiento&#8217;, cube, esperanzada.<\/p>\n<p>Al mismo discurso se suma Rory Bruce, propietario de la cafeter\u00eda Babingtons: &#8216;Estar abiertos ya es gran cosa&#8217;, se contenta, y agradece tener &#8216;una gran clientela nacional&#8217; que suple la falta de turistas.<\/p>\n<p>El native centenario, que se mantuvo abierto durante las dos guerras mundiales, &#8216;por primera vez en su historia, ha tenido que cerrar la puerta por este virus que nos ha golpeado globalmente&#8217;. EFE<\/p>\n<p>tcm-mol\/mr\/msr<\/p>\n<\/p><\/div>\n\n<p><em> &#8221; Fuentes www.diariolibre.com &#8221; <\/em><\/p>\n","protected":false},"excerpt":{"rendered":"<p>Toni Conde y Mercedes Ortu\u00f1o Roma, 11 could (EFE).- Los turistas han vuelto a las calles de Italia gracias a la reducci\u00f3n de las restricciones y la mejora de los datos epidemiol\u00f3gicos, aunque se trata de un retorno progresivo, a\u00fan muy lejos de las cifras habituales de una primavera sin pandemia en uno de los [&hellip;]<\/p>\n","protected":false},"author":4,"featured_media":78222,"comment_status":"open","ping_status":"closed","sticky":false,"template":"","format":"standard","meta":{"om_disable_all_campaigns":false,"jnews-multi-image_gallery":[],"jnews_single_post":[],"jnews_primary_category":[],"jnews_social_meta":[],"footnotes":""},"categories":[41],"tags":[8082],"class_list":["post-125606","post","type-post","status-publish","format-standard","has-post-thumbnail","hentry","category-cruceros","tag-efe"],"_links":{"self":[{"href":"https:\/\/dimensionturistica.com\/es\/wp-json\/wp\/v2\/posts\/125606","targetHints":{"allow":["GET"]}}],"collection":[{"href":"https:\/\/dimensionturistica.com\/es\/wp-json\/wp\/v2\/posts"}],"about":[{"href":"https:\/\/dimensionturistica.com\/es\/wp-json\/wp\/v2\/types\/post"}],"author":[{"embeddable":true,"href":"https:\/\/dimensionturistica.com\/es\/wp-json\/wp\/v2\/users\/4"}],"replies":[{"embeddable":true,"href":"https:\/\/dimensionturistica.com\/es\/wp-json\/wp\/v2\/comments?post=125606"}],"version-history":[{"count":0,"href":"https:\/\/dimensionturistica.com\/es\/wp-json\/wp\/v2\/posts\/125606\/revisions"}],"wp:featuredmedia":[{"embeddable":true,"href":"https:\/\/dimensionturistica.com\/es\/wp-json\/wp\/v2\/media\/78222"}],"wp:attachment":[{"href":"https:\/\/dimensionturistica.com\/es\/wp-json\/wp\/v2\/media?parent=125606"}],"wp:term":[{"taxonomy":"category","embeddable":true,"href":"https:\/\/dimensionturistica.com\/es\/wp-json\/wp\/v2\/categories?post=125606"},{"taxonomy":"post_tag","embeddable":true,"href":"https:\/\/dimensionturistica.com\/es\/wp-json\/wp\/v2\/tags?post=125606"}],"curies":[{"name":"wp","href":"https:\/\/api.w.org\/{rel}","templated":true}]}}