{"id":125557,"date":"2021-05-12T05:27:43","date_gmt":"2021-05-12T05:27:43","guid":{"rendered":"https:\/\/dimensionturistica.com\/es\/?p=125557"},"modified":"2021-05-12T05:27:43","modified_gmt":"2021-05-12T05:27:43","slug":"unas-polemicas-declaraciones-del-gobierno-de-uk-provocan-la-ira-de-las-agencias-noticias-de-agencias-de-viajes","status":"publish","type":"post","link":"https:\/\/dimensionturistica.com\/es\/unas-polemicas-declaraciones-del-gobierno-de-uk-provocan-la-ira-de-las-agencias-noticias-de-agencias-de-viajes\/","title":{"rendered":"Unas pol\u00e9micas declaraciones del Gobierno de UK provocan la ira de las agencias | Noticias de Agencias de viajes"},"content":{"rendered":"<p> <br \/>\n<\/p>\n<div>\n<p><a rel=\"nofollow noopener\" target=\"_blank\" href=\"https:\/\/www.preferente.com\/wp-content\/uploads\/2021\/05\/uk.jpg\"><img decoding=\"async\" class=\"aligncenter wp-image-309239 size-full\" src=\"https:\/\/www.preferente.com\/wp-content\/uploads\/2021\/05\/uk.jpg\" alt=\"\" width=\"600\" height=\"377\" srcset=\"https:\/\/www.preferente.com\/wp-content\/uploads\/2021\/05\/uk.jpg 600w, https:\/\/www.preferente.com\/wp-content\/uploads\/2021\/05\/uk-300x189.jpg 300w, https:\/\/www.preferente.com\/wp-content\/uploads\/2021\/05\/uk-318x200.jpg 318w, https:\/\/www.preferente.com\/wp-content\/uploads\/2021\/05\/uk-239x150.jpg 239w, https:\/\/www.preferente.com\/wp-content\/uploads\/2021\/05\/uk-119x75.jpg 119w, https:\/\/www.preferente.com\/wp-content\/uploads\/2021\/05\/uk-95x60.jpg 95w, https:\/\/www.preferente.com\/wp-content\/uploads\/2021\/05\/uk-223x140.jpg 223w, https:\/\/www.preferente.com\/wp-content\/uploads\/2021\/05\/uk-51x32.jpg 51w, https:\/\/www.preferente.com\/wp-content\/uploads\/2021\/05\/uk-517x325.jpg 517w, https:\/\/www.preferente.com\/wp-content\/uploads\/2021\/05\/uk-174x109.jpg 174w, https:\/\/www.preferente.com\/wp-content\/uploads\/2021\/05\/uk-270x170.jpg 270w\" sizes=\"(max-width: 600px) 100vw, 600px\"\/><\/a><\/p>\n<p>Las agencias de viajes estallan contra el Gobierno de Reino Unido por unas pol\u00e9micas declaraciones realizadas por su secretario de Transporte, Grant Shapps. En una conferencia de prensa, es decir, en presencia de multitud de medios de comunicaci\u00f3n, ha insinuado que los agentes de viajes son cosa del pasado.<\/p>\n<p>A ra\u00edz de estos comentarios, ABTA se ha puesto en contacto con el departamento para pedir explicaciones. \u201cLos agentes de viajes tienen una contribuci\u00f3n vital tanto para la econom\u00eda de Reino Unido como para generar confianza entre los consumidores de viajes\u201d, defiende su presidente ejecutivo, Mark Tanzer.<\/p>\n<p>Seg\u00fan los datos recabados por la asociaci\u00f3n, m\u00e1s consumidores brit\u00e1nicos que nunca planean reservar sus pr\u00f3ximas vacaciones con un profesional de viajes. \u201cSe ha registrado un aumento del 28% respecto a antes de la pandemia, lo que demuestra el valor que el p\u00fablico otorga a sus recomendaciones y experiencia\u201d, subraya Tanzer.<\/p>\n<p>Adem\u00e1s de abordar los comentarios del secretario de Transporte, ABTA tambi\u00e9n ha aprovechado para insistir en la imperiosa necesidad de ampliar el n\u00famero de pa\u00edses y destinos incluidos en la lista verde (<a rel=\"nofollow noopener\" target=\"_blank\" href=\"https:\/\/www.preferente.com\/rss1\/reino-unido-espana-se-queda-fuera-de-la-lista-verde-309162.html\">Reino Unido: Espa\u00f1a se queda fuera de la \u201clista verde\u201d<\/a>). \u201cEntendemos que la salud p\u00fablica es la prioridad, y sab\u00edamos que el regreso de los viajes internacionales ser\u00eda gradual, pero el Gobierno debe utilizar la pr\u00f3xima revisi\u00f3n para abrir m\u00e1s destinos, utilizando el sistema de sem\u00e1foros para gestionar el riesgo\u201d, concluye.<\/p>\n<p><!-- AddThis Advanced Settings above via filter on the_content --><!-- AddThis Advanced Settings below via filter on the_content --><!-- AddThis Advanced Settings generic via filter on the_content --><!-- AddThis Share Buttons above via filter on the_content --><!-- AddThis Share Buttons below via filter on the_content --><!-- AddThis Share Buttons generic via filter on the_content -->\t\t\t<\/div>\n\n<p><em> &#8221; Fuentes www.preferente.com &#8221; <\/em><\/p>\n","protected":false},"excerpt":{"rendered":"<p>Las agencias de viajes estallan contra el Gobierno de Reino Unido por unas pol\u00e9micas declaraciones realizadas por su secretario de Transporte, Grant Shapps. En una conferencia de prensa, es decir, en presencia de multitud de medios de comunicaci\u00f3n, ha insinuado que los agentes de viajes son cosa del pasado. A ra\u00edz de estos comentarios, ABTA [&hellip;]<\/p>\n","protected":false},"author":4,"featured_media":125558,"comment_status":"open","ping_status":"closed","sticky":false,"template":"","format":"standard","meta":{"om_disable_all_campaigns":false,"jnews-multi-image_gallery":[],"jnews_single_post":[],"jnews_primary_category":[],"jnews_social_meta":[],"footnotes":""},"categories":[40],"tags":[],"class_list":["post-125557","post","type-post","status-publish","format-standard","has-post-thumbnail","hentry","category-industria"],"_links":{"self":[{"href":"https:\/\/dimensionturistica.com\/es\/wp-json\/wp\/v2\/posts\/125557","targetHints":{"allow":["GET"]}}],"collection":[{"href":"https:\/\/dimensionturistica.com\/es\/wp-json\/wp\/v2\/posts"}],"about":[{"href":"https:\/\/dimensionturistica.com\/es\/wp-json\/wp\/v2\/types\/post"}],"author":[{"embeddable":true,"href":"https:\/\/dimensionturistica.com\/es\/wp-json\/wp\/v2\/users\/4"}],"replies":[{"embeddable":true,"href":"https:\/\/dimensionturistica.com\/es\/wp-json\/wp\/v2\/comments?post=125557"}],"version-history":[{"count":0,"href":"https:\/\/dimensionturistica.com\/es\/wp-json\/wp\/v2\/posts\/125557\/revisions"}],"wp:featuredmedia":[{"embeddable":true,"href":"https:\/\/dimensionturistica.com\/es\/wp-json\/wp\/v2\/media\/125558"}],"wp:attachment":[{"href":"https:\/\/dimensionturistica.com\/es\/wp-json\/wp\/v2\/media?parent=125557"}],"wp:term":[{"taxonomy":"category","embeddable":true,"href":"https:\/\/dimensionturistica.com\/es\/wp-json\/wp\/v2\/categories?post=125557"},{"taxonomy":"post_tag","embeddable":true,"href":"https:\/\/dimensionturistica.com\/es\/wp-json\/wp\/v2\/tags?post=125557"}],"curies":[{"name":"wp","href":"https:\/\/api.w.org\/{rel}","templated":true}]}}