{"id":125519,"date":"2021-05-12T03:31:15","date_gmt":"2021-05-12T03:31:15","guid":{"rendered":"https:\/\/dimensionturistica.com\/es\/?p=125519"},"modified":"2021-05-12T03:31:15","modified_gmt":"2021-05-12T03:31:15","slug":"andalucia-presento-su-oferta-cultural-a-mas-de-150-agentes-iberoamericanos","status":"publish","type":"post","link":"https:\/\/dimensionturistica.com\/es\/andalucia-presento-su-oferta-cultural-a-mas-de-150-agentes-iberoamericanos\/","title":{"rendered":"Andaluc\u00eda present\u00f3 su oferta cultural a m\u00e1s de 150 agentes iberoamericanos"},"content":{"rendered":"<p> <br \/>\n<\/p>\n<div>\n<p class=\"text-align-justify\"><span><span><span><span><span><span><img decoding=\"async\" alt=\"\" class=\"img-responsive\" height=\"640\" src=\"https:\/\/www.expreso.info\/files\/2021-05\/Andalucia_formacion.jpg\" width=\"1155\"\/>M\u00e1s de 150 profesionales tur\u00edsticos de mercados iberoamericanos han participado en dos encuentros telem\u00e1ticos organizados por la Consejer\u00eda de Turismo, para presentar a los intermediarios de estos emisores la oferta cultural de Andaluc\u00eda.<\/span><\/span><\/span><\/span><\/span><\/span><\/p>\n<p class=\"text-align-justify\"><span><span><span><span><span><span>Estas citas, que han tenido lugar con la colaboraci\u00f3n de Turespa\u00f1a y las respectivas Oficinas Espa\u00f1olas de Turismo, se han dirigido a representantes de agencias de viajes de pa\u00edses como Brasil, Argentina, Uruguay, Per\u00fa y Ecuador.<\/span><\/span><\/span><\/span><\/span><\/span><\/p>\n<p class=\"text-align-justify\"><span><span><span><span><span><span>As\u00ed, se ha llevado a cabo el foro con representantes de la demanda tur\u00edstica del Cono Sur americano, con la participaci\u00f3n de cerca de 70 profesionales especializados en viajes de tem\u00e1tica cultural y patrimonial, a los que tambi\u00e9n se les han trasladado las propuestas de Andaluc\u00eda en otros segmentos como naturaleza, sol y playa, turismo de inside y rutas tem\u00e1ticas.<\/span><\/span><\/span><\/span><\/span><\/span><\/p>\n<p class=\"text-align-justify\"><span><span><span><span><span><span>Adem\u00e1s, dado el perfil de estos intermediarios, se ha hecho especial hincapi\u00e9 como producto destacado en la ruta \u2018Caminos de Pasi\u00f3n\u2019, en colaboraci\u00f3n con esta entidad que promueve un itinerario cultural por la regi\u00f3n que combina varios segmentos en una decena de pueblos del inside con importantes tradiciones relacionadas con la Semana Santa.<\/span><\/span><\/span><\/span><\/span><\/span><\/p>\n<p class=\"text-align-justify\"><span><span><span><span><span><span>Por otro lado, tambi\u00e9n se celebr\u00f3 otro seminario telem\u00e1tico con agentes de viajes de Brasil, en colaboraci\u00f3n con el operador CT y con la presencia de un centenar de profesionales de este emisor, especializados en la organizaci\u00f3n de viajes individuales a medida para turistas de alto poder adquisitivo.<\/span><\/span><\/span><\/span><\/span><\/span><\/p>\n<p class=\"text-align-justify\"><span><span><span><span><span><span>En este caso, la presentaci\u00f3n se centr\u00f3 en los segmentos que m\u00e1s inter\u00e9s despiertan entre este perfil de viajero, como el cultural y el gastron\u00f3mico, as\u00ed como en el proyecto &#8216;Andalusian Soul&#8217;, formado por las ciudades de C\u00f3rdoba, Granada, M\u00e1laga y Sevilla.<\/span><\/span><\/span><\/span><\/span><\/span><\/p>\n<p class=\"text-align-justify\"><span><span><span><span><span><span>Estos encuentros virtuales forman parte de la estrategia de Turismo y Deporte de Andaluc\u00eda para retomar el contacto profesional con estos mercados y reactivar la llegada de viajeros una vez la situaci\u00f3n sanitaria lo permita. <\/span><\/span><\/span><\/span><\/span><\/span><\/p>\n<p class=\"text-align-justify\"><span><span><span><span><span><span>La experiencia dio comienzo el pasado mes de abril, con un seminario dirigido a M\u00e9xico, y en complete se desarrollar\u00e1n cinco citas similares durante el trimestre.<\/span><\/span><\/span><\/span><\/span><\/span><\/p>\n<p class=\"text-align-justify\"><span><span><span><em><span><span><span>Expreso. Redacci\u00f3n. A.F<\/span><\/span><\/span><\/em><\/span><\/span><\/span><\/p>\n<\/div>\n\n<p><em> &#8221; Fuentes www.expreso.info &#8221; <\/em><\/p>\n","protected":false},"excerpt":{"rendered":"<p>M\u00e1s de 150 profesionales tur\u00edsticos de mercados iberoamericanos han participado en dos encuentros telem\u00e1ticos organizados por la Consejer\u00eda de Turismo, para presentar a los intermediarios de estos emisores la oferta cultural de Andaluc\u00eda. Estas citas, que han tenido lugar con la colaboraci\u00f3n de Turespa\u00f1a y las respectivas Oficinas Espa\u00f1olas de Turismo, se han dirigido a [&hellip;]<\/p>\n","protected":false},"author":4,"featured_media":125520,"comment_status":"open","ping_status":"closed","sticky":false,"template":"","format":"standard","meta":{"om_disable_all_campaigns":false,"jnews-multi-image_gallery":[],"jnews_single_post":[],"jnews_primary_category":[],"jnews_social_meta":[],"footnotes":""},"categories":[40],"tags":[],"class_list":["post-125519","post","type-post","status-publish","format-standard","has-post-thumbnail","hentry","category-industria"],"_links":{"self":[{"href":"https:\/\/dimensionturistica.com\/es\/wp-json\/wp\/v2\/posts\/125519","targetHints":{"allow":["GET"]}}],"collection":[{"href":"https:\/\/dimensionturistica.com\/es\/wp-json\/wp\/v2\/posts"}],"about":[{"href":"https:\/\/dimensionturistica.com\/es\/wp-json\/wp\/v2\/types\/post"}],"author":[{"embeddable":true,"href":"https:\/\/dimensionturistica.com\/es\/wp-json\/wp\/v2\/users\/4"}],"replies":[{"embeddable":true,"href":"https:\/\/dimensionturistica.com\/es\/wp-json\/wp\/v2\/comments?post=125519"}],"version-history":[{"count":0,"href":"https:\/\/dimensionturistica.com\/es\/wp-json\/wp\/v2\/posts\/125519\/revisions"}],"wp:featuredmedia":[{"embeddable":true,"href":"https:\/\/dimensionturistica.com\/es\/wp-json\/wp\/v2\/media\/125520"}],"wp:attachment":[{"href":"https:\/\/dimensionturistica.com\/es\/wp-json\/wp\/v2\/media?parent=125519"}],"wp:term":[{"taxonomy":"category","embeddable":true,"href":"https:\/\/dimensionturistica.com\/es\/wp-json\/wp\/v2\/categories?post=125519"},{"taxonomy":"post_tag","embeddable":true,"href":"https:\/\/dimensionturistica.com\/es\/wp-json\/wp\/v2\/tags?post=125519"}],"curies":[{"name":"wp","href":"https:\/\/api.w.org\/{rel}","templated":true}]}}