{"id":125462,"date":"2021-05-12T01:08:52","date_gmt":"2021-05-12T01:08:52","guid":{"rendered":"https:\/\/dimensionturistica.com\/es\/?p=125462"},"modified":"2021-05-12T01:08:53","modified_gmt":"2021-05-12T01:08:53","slug":"el-miedo-no-anda-en-burro-se-burla-samuel-garcia-de-viaje-de-candidato-del-pri-a-washington-gaceta-de-tamaulipas","status":"publish","type":"post","link":"https:\/\/dimensionturistica.com\/es\/el-miedo-no-anda-en-burro-se-burla-samuel-garcia-de-viaje-de-candidato-del-pri-a-washington-gaceta-de-tamaulipas\/","title":{"rendered":"\u2018El miedo no anda en burro\u2019, se burla Samuel Garc\u00eda de viaje de candidato del PRI a Washington \u2013 Gaceta de Tamaulipas"},"content":{"rendered":"<p> <br \/>\n<\/p>\n<div>\n<p>Por Agencias<\/p>\n<p>Monterrey, Nuevo Le\u00f3n.- Adri\u00e1n de la Garza, candidato del Partido Revolucionario Institucional (PRI) a la gubernatura, viaj\u00f3 hoy a Washington para realizar una visita que ya ten\u00eda agendada desde hace d\u00edas, seg\u00fan mencion\u00f3 en un video que mostr\u00f3 en redes sociales esta ma\u00f1ana, antes de tomar el vuelo.<\/p>\n<p>En la imagen de 21 segundos, en la que aparece con cubrebocas, De la Garza Santos evita mencionar la agenda que cubrir\u00e1 cuando pise la capital de Estados Unidos, acompa\u00f1ado del ex secretario de Econom\u00eda federal, Ildefonso Guajardo Villarreal, quien es su asesor en temas financieros.<\/p>\n<p>\u201cVoy a tener varias reuniones donde estoy seguro que van a salir cosas muy positivas para Nuevo Le\u00f3n. Estamos pendientes. Llegando a la ciudad de Washington me estar\u00e9 reportando y les estar\u00e9 informando de todo lo que vamos a estar haciendo. \u00c1nimo\u201d, se\u00f1al\u00f3 el candidato de la coalici\u00f3n PRI-PRD.<\/p>\n<p>Por la tarde, De la Garza public\u00f3 en redes sociales una fotograf\u00eda, acompa\u00f1ado de Guajardo Villarreal, ya en la ciudad de la Uni\u00f3n Americana.<\/p>\n<p>En su cuenta de Instagram, Samuel Garc\u00eda, candidato de Movimiento Ciudadano a la gubernatura, se mof\u00f3 de Adri\u00e1n de la Garza por su viaje al extranjero, e insinu\u00f3 que en realidad se alejaba de la investigaci\u00f3n a la que est\u00e1 sujeto por presuntos delitos electorales.<\/p>\n<p>\u201cCasualmente \u2018le sali\u00f3 viaje\u2019 de \u2018campa\u00f1a\u2019 en USA\u201d, y \u201cEl miedo no anda en burro\u201d, escribi\u00f3 en dos Instagram Tales, acompa\u00f1adas de la foto de una nota period\u00edstica por la visita a Washington.<\/p>\n<p>La noche de ayer, la Fiscal\u00eda Normal de la Rep\u00fablica (FGR) public\u00f3 un comunicado en el que destac\u00f3 que tanto Adri\u00e1n De la Garza como Samuel Garc\u00eda estaban sujetos a investigaci\u00f3n por haber incurrido en posibles delitos electorales.<\/p>\n<p>Al priista lo acusaron de coaccionar el voto a trav\u00e9s del reparto de una tarjeta rosa para las mujeres, a quienes ha prometido un apoyo de mil 500 pesos bimestrales si gana la elecci\u00f3n, por lo que les pidi\u00f3 su respaldo en las urnas.<\/p>\n<p>En tanto, al emecista se le investiga por utilizar fondos de procedencia il\u00edcita para su campa\u00f1a electoral rumbo a las elecciones del 6 de junio. (Luciano Campos Garza\/Apro).<\/p>\n<\/p><\/div>\n\n<p><em> &#8221; Fuentes www.gaceta.mx &#8221; <\/em><\/p>\n","protected":false},"excerpt":{"rendered":"<p>Por Agencias Monterrey, Nuevo Le\u00f3n.- Adri\u00e1n de la Garza, candidato del Partido Revolucionario Institucional (PRI) a la gubernatura, viaj\u00f3 hoy a Washington para realizar una visita que ya ten\u00eda agendada desde hace d\u00edas, seg\u00fan mencion\u00f3 en un video que mostr\u00f3 en redes sociales esta ma\u00f1ana, antes de tomar el vuelo. En la imagen de 21 [&hellip;]<\/p>\n","protected":false},"author":4,"featured_media":125463,"comment_status":"open","ping_status":"closed","sticky":false,"template":"","format":"standard","meta":{"om_disable_all_campaigns":false,"jnews-multi-image_gallery":[],"jnews_single_post":[],"jnews_primary_category":[],"jnews_social_meta":[],"footnotes":""},"categories":[40],"tags":[],"class_list":["post-125462","post","type-post","status-publish","format-standard","has-post-thumbnail","hentry","category-industria"],"_links":{"self":[{"href":"https:\/\/dimensionturistica.com\/es\/wp-json\/wp\/v2\/posts\/125462","targetHints":{"allow":["GET"]}}],"collection":[{"href":"https:\/\/dimensionturistica.com\/es\/wp-json\/wp\/v2\/posts"}],"about":[{"href":"https:\/\/dimensionturistica.com\/es\/wp-json\/wp\/v2\/types\/post"}],"author":[{"embeddable":true,"href":"https:\/\/dimensionturistica.com\/es\/wp-json\/wp\/v2\/users\/4"}],"replies":[{"embeddable":true,"href":"https:\/\/dimensionturistica.com\/es\/wp-json\/wp\/v2\/comments?post=125462"}],"version-history":[{"count":0,"href":"https:\/\/dimensionturistica.com\/es\/wp-json\/wp\/v2\/posts\/125462\/revisions"}],"wp:featuredmedia":[{"embeddable":true,"href":"https:\/\/dimensionturistica.com\/es\/wp-json\/wp\/v2\/media\/125463"}],"wp:attachment":[{"href":"https:\/\/dimensionturistica.com\/es\/wp-json\/wp\/v2\/media?parent=125462"}],"wp:term":[{"taxonomy":"category","embeddable":true,"href":"https:\/\/dimensionturistica.com\/es\/wp-json\/wp\/v2\/categories?post=125462"},{"taxonomy":"post_tag","embeddable":true,"href":"https:\/\/dimensionturistica.com\/es\/wp-json\/wp\/v2\/tags?post=125462"}],"curies":[{"name":"wp","href":"https:\/\/api.w.org\/{rel}","templated":true}]}}