{"id":125456,"date":"2021-05-12T00:52:01","date_gmt":"2021-05-12T00:52:01","guid":{"rendered":"https:\/\/dimensionturistica.com\/es\/?p=125456"},"modified":"2021-05-12T00:52:02","modified_gmt":"2021-05-12T00:52:02","slug":"de-nuevo-adultos-mayores-esperan-horas-por-vacuna-en-guadalajara","status":"publish","type":"post","link":"https:\/\/dimensionturistica.com\/es\/de-nuevo-adultos-mayores-esperan-horas-por-vacuna-en-guadalajara\/","title":{"rendered":"De nuevo, adultos mayores esperan horas por vacuna en Guadalajara"},"content":{"rendered":"<p> <br \/>\n<\/p>\n<div>\n<p>Mar\u00eda Elena y Timoteo esperan en la fila para ser vacunados. Se paran, se sientan y se recargan en los barrotes.\u00a0 Llevan m\u00e1s de 5 horas formados para entrar a\u00a0 la sede del Museo del Ej\u00e9rcito y Fuerza A\u00e9rea. Timoteo es un hombre de 82 a\u00f1os de edad, que se queja de los dolores que le provoca la espera. Tiene un marcapasos y padece de la presi\u00f3n.<\/p>\n<p>\u201cNos encerraron un a\u00f1o y ahora s\u00ed (para la vacunaci\u00f3n) nos sacaron como perros\u2026 \u00bfqu\u00e9 ya no valemos nada? \u00bfpor qu\u00e9 nos ponen en estas condiciones? \u00bft\u00fa crees que esto es digno? \u00a1nos quitaron cinco centros de vacunaci\u00f3n en comparaci\u00f3n con la vez pasada, pues m\u00e1s nos juntamos la gente! Estoy sentida, estoy ofendida\u201d comenta Mar\u00eda Elena.<\/p>\n<p>La pareja acude al tercer d\u00eda de vacunaci\u00f3n, conforme a los apellidos que se vacunan este d\u00eda \u2013 de la letra H a la O-, y esperaban que no fuese como los pasados dos d\u00edas anteriores donde se presentaron largas filas en las cuatro sedes de vacunaci\u00f3n que tiene la capital de Jalisco.<\/p>\n<p>Cuando acudieron para la primera dosis, entre el 19 y 22 de marzo, tuvieron que formarse durante tres d\u00edas para ser vacunados. \u201cA veces (las autoridades) no se dan cuenta que uno no tiene quien le haga la fila, nada m\u00e1s estamos nosotros dos solitos y como nosotros hay muchos\u201d agrega Mar\u00eda Elena.<\/p>\n<p>Pero la situaci\u00f3n de este jueves no fue muy diferente. Las cuatro sedes en la ciudad -Parque Agua Azul, Parque San Rafael, Centro Universitario de Ciencias Exactas e Ingenier\u00edas (Cucei) y el Museo del Ej\u00e9rcito y Fuerza A\u00e9rea- presentaron largas filas.<\/p>\n<p>A la pareja no le habl\u00f3 la Secretar\u00eda del Bienestar para darle una cita de asistencia, como se asegur\u00f3 que suceder\u00eda. En cambio a Salvador s\u00ed, pero tampoco sirvi\u00f3 de mucho.<\/p>\n<p>Le dijeron que deb\u00eda presentarse el mi\u00e9rcoles a las 2:00 de la tarde, pero debido a las largas filas que se anunciaron, decidi\u00f3 irse a las 10:00 de la ma\u00f1ana a asomarse. Le desesper\u00f3 tanta fila, que decidi\u00f3 regresar m\u00e1s tarde, pasadas las 2:00 de la tarde.<\/p>\n<p>Pero la sorpresa fue que no hab\u00eda fila que se dividiera entre los citados y las personas que se iban formando. Al remaining se form\u00f3, no alcanz\u00f3 vacuna y le firmaron para que acudiera hoy a las 8:00 de la ma\u00f1ana.<\/p>\n<p>Este jueves Salvador tuvo suerte, porque supo d\u00f3nde formarse. Una\u00a0 fila discreta, que period exclusiva para quienes ten\u00edan sellada su papeleta del d\u00eda anterior. Mientras, Pedro y Alejandra permanecieron m\u00e1s de seis horas en la fila common, pues preguntaron por \u201cdonde se formaban los de la papeleta sellada\u201d y los mandaron a la fila com\u00fan.<\/p>\n<p><em>Te puede interesar: <a rel=\"nofollow noopener\" target=\"_blank\" href=\"https:\/\/www.animalpolitico.com\/2021\/04\/arranca-en-jalisco-operativo-para-vacunar-a-200000-maestros\/\">Arranca en Jalisco operativo para vacunar a 200,000 maestros<\/a><\/em><\/p>\n<p>Seg\u00fan reportaron <a rel=\"nofollow noopener\" target=\"_blank\" href=\"https:\/\/www.informador.mx\/jalisco\/COVID-19-En-Guadalajara-se-forman-17-horas-para-recibir-segunda-dosis-20210505-0053.html\">medios locales<\/a> ayer hubo adultos mayores que permanecieron 17 horas formados para acceder a la vacunaci\u00f3n.\u00a0 Y desde antier las largas filas, que implicaron tr\u00e1fico en las zonas viales donde estaban los complejos viales.<\/p>\n<p>Incluso quienes se formaron el martes 4 de mayo desde las 7 de la ma\u00f1ana, les dijeron a las 7 de la tarde que no alcanzaban, que se formaran al d\u00eda siguiente.<\/p>\n<h2>Un cambio de estrategia\u2026 que no funcion\u00f3<\/h2>\n<p>Aunque s\u00ed hubo un cambio de estrategia en la vacunaci\u00f3n, entre la aplicaci\u00f3n de la primera y la segunda dosis, tampoco se realiz\u00f3 con \u00e9xito.<\/p>\n<p>En la primera aplicaci\u00f3n, las autoridades solo reportaron dosis para vacunar a una de cada tres personas que viv\u00edan en la ciudad. Pr\u00e1cticamente se dijo que quien llegara primero, ganaba.<\/p>\n<p>En esta ocasi\u00f3n llegaron 102 mil dosis para aplicarse, suficientes para los adultos mayores de la ciudad. Pero, en lugar de ofrecer las 9 sedes que instalaron anteriormente, ofrecieron cuatro, lo que ocasion\u00f3 las largas filas.<\/p>\n<p>Esto tambi\u00e9n implic\u00f3 que las personas gastaran m\u00e1s en su traslado, como Emilia y su madre quienes gastaron 100 pesos en taxi para su llegada a la comida.<\/p>\n<p>\u201cM\u00e1s la comida, el ba\u00f1o, las copias y hasta me compr\u00e9 un banquito porque ya no aguantaba, no pues si me he gastado mis 250 pesos y me faltan otros 100 para el taxi de regreso, es un lujo venir a la vacuna\u201d comenta Emilia.<\/p>\n<h2>Falta de cooperaci\u00f3n entre Bienestar y autoridades locales<\/h2>\n<p>En la primera dosis aplicada, <em>Animal Pol\u00edtico<\/em> document\u00f3\u00a0 falta de cooperaci\u00f3n entre la Secretar\u00eda del Bienestar y las autoridades de Secretar\u00eda de Salud Jalisco y el Ayuntamiento de Guadalajara.<\/p>\n<p>En aquella ocasi\u00f3n, las autoridades locales reconocieron que no pod\u00edan tener mucha injerencia en la planificaci\u00f3n y que solo colocaron ba\u00f1os, vallas y estuvieron ayudando en la formaci\u00f3n. Mientras que Secretar\u00eda del Bienestar neg\u00f3 que hubiera caos y se dijo sorprendida por el cuestionamiento de largas filas.<\/p>\n<p>En Jalisco, el management de la pandemia est\u00e1 a cargo de la alianza de cooperaci\u00f3n entre la Universidad de Guadalajara, los Hospitales Civiles y la Secretar\u00eda de Salud Jalisco.<\/p>\n<p>El mayor n\u00famero de pruebas de COVID-19 se realiza en las instalaciones universitarias y son gratuitas. Incluso la Universidad cre\u00f3 un equipo de voluntarios para poder hacer posible la campa\u00f1a de vacunaci\u00f3n en el Estado, pero han se\u00f1alado no ser requeridos para la vacunaci\u00f3n.<\/p>\n<p>En medio de la disputa, la Universidad de Guadalajara con apoyo de la Secretar\u00eda de Salud Jalisco propusieron a la Secretar\u00eda del Bienestar abrir una nueva sede en el Centro Universitario de Arte, Arquitectura y Dise\u00f1o (CUAAD), la cual hab\u00eda sido utilizada en la primera aplicaci\u00f3n con \u00e9xito.<\/p>\n<p>La autorizaci\u00f3n se anunci\u00f3 este jueves y abrir\u00e1 sus puertas ma\u00f1ana, en el \u00faltimo d\u00eda de vacunaci\u00f3n a adultos mayores y con apellidos que vayan de la P a la Z.<\/p>\n<p>Luego del anuncio, las autoridades universitarias pidieron no formarse desde hoy, pero la desesperaci\u00f3n que impera en los tapat\u00edos lo impide. La fila supera las dos cuadras cercanas al centro universitario.<\/p>\n<p>Cuando se les pregunta por qu\u00e9 formarse un d\u00eda antes, responden que no existe la certeza de cuando lleguen m\u00e1s dosis, y temen que el tiempo siga pasando sin recibirla.<\/p>\n<p>De acuerdo con los <a rel=\"nofollow noopener\" target=\"_blank\" href=\"https:\/\/coronavirus.gob.mx\/wp-content\/uploads\/2021\/01\/GuiaAplicacionVx_BNT162b_08Ene2021.pdf\">manuales de vacunaci\u00f3n <\/a>de la Secretar\u00eda de Salud, la vacuna Pfizer -que actualmente se est\u00e1 aplicando- debe ser puesta entre 3 y 6 semanas despu\u00e9s de la primera dosis, pero esta es la s\u00e9ptima semana que pas\u00f3 desde la primera dosis.<\/p>\n<p><em>Lee m\u00e1s: <a rel=\"nofollow noopener\" target=\"_blank\" href=\"https:\/\/www.animalpolitico.com\/2021\/03\/largas-filas-desesperacion-jalisco\/\">Entre largas filas y desesperaci\u00f3n esperan alcanzar vacunas en Jalisco<\/a><\/em><\/p>\n<h2>Una vacuna que no llega a Ocotl\u00e1n<\/h2>\n<p>Francis acudi\u00f3 a vacunarse el 19 de marzo de este a\u00f1o. Supo por familiares, que debido a la falta de gente que quisiera vacunarse, la sede de Expo Eventos, en el municipio de Ocotl\u00e1n recib\u00eda a cualquier persona mayor de 60 a\u00f1os para vacunarse.<\/p>\n<p>Francis condujo 80 kil\u00f3metros en compa\u00f1\u00eda de sus compadres Justina y Antonio para llegar. En el momento todo fue alegr\u00eda, pero han transcurrido 7 semanas sin que les notifiquen de la segunda aplicaci\u00f3n.<\/p>\n<p>Seg\u00fan el handbook de la Secretar\u00eda de Salud, la aplicaci\u00f3n de la vacunaci\u00f3n de Sinovac debe de ser entre 4 a 5 semanas entre la primera y segunda dosis, pero esta es la 7 semana.<\/p>\n<p>A otros municipios fuera de la Zona Metropolitana de Guadalajara ya se les vacun\u00f3 desde finales de abril, como Encarnaci\u00f3n de D\u00edaz, San Juan de los Lagos, La Barca, Tizapan, Tuxcueca, Zapotl\u00e1n del Rey y Jocotepec.<\/p>\n<p>Ante esto, se pregunt\u00f3 a Secretar\u00eda de Salud sobre el tema, pero al cierre de la edici\u00f3n no ha contestado.<\/p>\n<div class=\"ap_single_fondea_text\">Lo que hacemos en Animal Pol\u00edtico requiere de periodistas profesionales, trabajo en equipo, mantener di\u00e1logo con los lectores y algo muy importante: independencia. T\u00fa puedes ayudarnos a seguir. S\u00e9 parte del equipo.<br \/>\n<a rel=\"nofollow noopener\" target=\"_blank\" href=\"https:\/\/www.animalpolitico.com\/suscribete\">Suscr\u00edbete a Animal Pol\u00edtico<\/a>, recibe beneficios y apoya el periodismo libre.<\/p>\n<p><span style=\"font-weight: 600!important;\">#YoSoyAnimal<\/span><\/p>\n<\/div>\n<\/div>\n\n<p><em> &#8221; Fuentes www.animalpolitico.com &#8221; <\/em><\/p>\n","protected":false},"excerpt":{"rendered":"<p>Mar\u00eda Elena y Timoteo esperan en la fila para ser vacunados. Se paran, se sientan y se recargan en los barrotes.\u00a0 Llevan m\u00e1s de 5 horas formados para entrar a\u00a0 la sede del Museo del Ej\u00e9rcito y Fuerza A\u00e9rea. Timoteo es un hombre de 82 a\u00f1os de edad, que se queja de los dolores que [&hellip;]<\/p>\n","protected":false},"author":4,"featured_media":125457,"comment_status":"open","ping_status":"closed","sticky":false,"template":"","format":"standard","meta":{"om_disable_all_campaigns":false,"jnews-multi-image_gallery":[],"jnews_single_post":[],"jnews_primary_category":[],"jnews_social_meta":[],"footnotes":""},"categories":[40],"tags":[],"class_list":["post-125456","post","type-post","status-publish","format-standard","has-post-thumbnail","hentry","category-industria"],"_links":{"self":[{"href":"https:\/\/dimensionturistica.com\/es\/wp-json\/wp\/v2\/posts\/125456","targetHints":{"allow":["GET"]}}],"collection":[{"href":"https:\/\/dimensionturistica.com\/es\/wp-json\/wp\/v2\/posts"}],"about":[{"href":"https:\/\/dimensionturistica.com\/es\/wp-json\/wp\/v2\/types\/post"}],"author":[{"embeddable":true,"href":"https:\/\/dimensionturistica.com\/es\/wp-json\/wp\/v2\/users\/4"}],"replies":[{"embeddable":true,"href":"https:\/\/dimensionturistica.com\/es\/wp-json\/wp\/v2\/comments?post=125456"}],"version-history":[{"count":0,"href":"https:\/\/dimensionturistica.com\/es\/wp-json\/wp\/v2\/posts\/125456\/revisions"}],"wp:featuredmedia":[{"embeddable":true,"href":"https:\/\/dimensionturistica.com\/es\/wp-json\/wp\/v2\/media\/125457"}],"wp:attachment":[{"href":"https:\/\/dimensionturistica.com\/es\/wp-json\/wp\/v2\/media?parent=125456"}],"wp:term":[{"taxonomy":"category","embeddable":true,"href":"https:\/\/dimensionturistica.com\/es\/wp-json\/wp\/v2\/categories?post=125456"},{"taxonomy":"post_tag","embeddable":true,"href":"https:\/\/dimensionturistica.com\/es\/wp-json\/wp\/v2\/tags?post=125456"}],"curies":[{"name":"wp","href":"https:\/\/api.w.org\/{rel}","templated":true}]}}