{"id":125451,"date":"2021-05-12T00:45:51","date_gmt":"2021-05-12T00:45:51","guid":{"rendered":"https:\/\/dimensionturistica.com\/es\/?p=125451"},"modified":"2021-05-12T00:45:51","modified_gmt":"2021-05-12T00:45:51","slug":"turismo-de-vacunas-aerolineas-argentinas-agrego-vuelos-a-miami-por-la-alta-demanda","status":"publish","type":"post","link":"https:\/\/dimensionturistica.com\/es\/turismo-de-vacunas-aerolineas-argentinas-agrego-vuelos-a-miami-por-la-alta-demanda\/","title":{"rendered":"Turismo de vacunas: Aerol\u00edneas Argentinas agreg\u00f3 vuelos a Miami por la alta demanda"},"content":{"rendered":"<p> <br \/>\n<\/p>\n<p>La aerol\u00ednea de bandera sum\u00f3 dos frecuencias. Tiene pr\u00e1cticamente todo cubierto para lo que resta de mayo.<\/p>\n<div itemprop=\"articleBody\">\n<p>Aerol\u00edneas Argentinas sum\u00f3 dos frecuencias a Miami en su cronograma de vuelos de junio. Lo hizo motivada por la mayor demanda de los argentinos que viajan para acceder a la vacunaci\u00f3n contra el coronavirus en los Estados Unidos y las menores restricciones que presenta el pa\u00eds para vacacionar en medio de la pandemia.<\/p>\n<p>Hoy d\u00eda, un pasaje para el vuelo inaugural de las frecuencias incorporadas (martes 10 de junio) vale $ 283.442.<\/p>\n<p>La aerol\u00ednea de bandera casi no tiene disponibilidad para lo que resta del mes, situaci\u00f3n que tambi\u00e9n reportan las agencias de viaje. &#8220;Mayo est\u00e1 pr\u00e1cticamente todo cubierto. Se espera que junio y julio tambi\u00e9n tengan ocupaci\u00f3n casi total&#8221;, le adelantaron a El Cronista desde la compa\u00f1\u00eda.<\/p>\n<p>En el pr\u00f3ximo mes, Aerol\u00edneas pasar\u00e1 de tener seis frecuencias semanales a ocho, con aeronaves Airbus Industrie A330. Desde la empresa, confirmaron que se agregan operaciones los d\u00edas jueves y domingos.\n<\/p>\n<p>La programaci\u00f3n ya fue autorizada por la Administraci\u00f3n Nacional de Aviaci\u00f3n Civil (ANAC). La autoridad aeron\u00e1utica debe aprobar los pedidos que cada empresa realiza, a fin de garantizar el espacio entre los arribos y las salidas, y el cupo diario de 2.000 pasajeros internacionales, establecido por las restricciones impuestas a fines de marzo para contener el avance de la segunda ola.\n<\/p>\n<p>De esta manera, habr\u00e1 una frecuencia diaria todos los d\u00edas, con excepci\u00f3n de los martes, y dos los jueves y domingos. Los vuelos de ida despegar\u00e1n desde el Aeropuerto Internacional de Ezeiza a las 23.30 horas. Los jueves y los domingos se agregar\u00e1 una segunda opci\u00f3n a las 7.30 de la ma\u00f1ana.\n<\/p>\n<p>\nEn tanto, las partidas desde Miami est\u00e1n previstas todos los d\u00edas a las 18.40 horas, menos los martes. Los jueves habr\u00e1 dos regresos: al de las 18.40 horas se sumar\u00e1 uno a las 10.40 de la ma\u00f1ana.\n<\/p>\n<p>\nLos aviones de Aerol\u00edneas hacia los Estados Unidos salieron con un 74% de ocupaci\u00f3n promedio en la \u00faltima semana. En abril, fue del 62% y, en lo que va del a\u00f1o, del 52%. La a\u00e9rea es la \u00fanica que actualmente vuela a ese pa\u00eds, junto a American Airways.\n<\/p>\n<p><b><br \/>\nSeg\u00fan fuentes del sector aerocomercial, m\u00e1s de 11.000 pasajeros viajaron desde Buenos Aires hacia ese destino tanto en marzo como en abril, comparado a los m\u00e1s de 8000 que partieron en febrero.<br \/>\n<\/b><\/p>\n<p>En las \u00faltimas semanas, la venta de pasajes a los Estados Unidos aument\u00f3 exponencialmente. Las principales agencias de viajes registraron subas de hasta el 60 por ciento en operaciones.<\/p>\n<p>El pa\u00eds encabeza la demanda de t\u00edckets a\u00e9reos en el Scorching Sale 2021.<\/p>\n<p> &#8220;Adem\u00e1s de Miami, se destacan Fort Lauderdale y Orlando. La marcada elecci\u00f3n de destinos estadounidenses, puntualmente del estado de la Florida, est\u00e1 directamente relacionada a la vacunaci\u00f3n en ese pa\u00eds. Algo similar sucede en el caso de New York, que desde hace una semana vacuna a extranjeros y turistas&#8221;, analiza Francisco Vigo, CEO de Almundo.\n<\/p>\n<p>\nEn la primera jornada del evento que organiza la C\u00e1mara Argentina de Comercio Electr\u00f3nico (CACE), casi el 60% de los vuelos vendidos por esta agencia son para los Estados Unidos, principalmente Miami, con un 42 por ciento.\n<\/p>\n<p>\nEn Avantrip, leen el fen\u00f3meno como una se\u00f1al de que existe la necesidad de asegurarse un cupo en este destino altamente demandado. &#8220;Comprar el a\u00e9reo r\u00e1pido y primero suele ser prioridad&#8221;, cube Nicol\u00e1s Posse, gerente comercial de la compa\u00f1\u00eda.\n<\/p>\n<p>\nEl ejecutivo destaca la continuidad de la tendencia que se inici\u00f3 el 15 de abril, cuando se dispar\u00f3 la compra de vuelos a los Estados Unidos. Miami lidera el rating de compras de Avantrip y atr\u00e1s queda Orlando, en tercera posici\u00f3n, y Nueva York, en cuarto lugar.\n<\/p>\n<p>En Volal\u00e1, el 60% de las reservas concretadas en lo que va de la marat\u00f3n de descuentos corresponde a destinos de los Estados Unidos: Miami, Los \u00c1ngeles y Nueva York, en ese orden.<\/p>\n<p>&#8220;Esperamos duplicar la venta de la semana pasada, en la que hubo un incremento. De todas maneras, los vol\u00famenes contin\u00faan siendo bajos comparados con los que se daban previamente al inicio de la cuarentena&#8221;, aclara Magal\u00ed \u00c1lvarez Howlin, gerente de Advertising and marketing de la empresa.\n<\/p>\n<p>\nEl elevado inter\u00e9s por viajar y las restricciones a\u00e9reas, que derivan en un recorte de operaciones, dispararon los precios de los asientos disponibles, que var\u00edan seg\u00fan las fechas. <\/p>\n<p>En las agencias, informan que las tarifas de vuelos directos parten desde $ 90.000 y llegan hasta $ 500.000 por tramo, aunque se consiguen alternativas desde $ 70.000 para agosto y septiembre. Seg\u00fan las publicaciones del sitio net de Aerol\u00edneas, se consiguen pasajes desde $ 90.585 hasta $ 283.442.<b>\/cronista.com<\/b><\/p>\n<\/p><\/div>\n<p><script>(function(d, s, id) {\n  var js, fjs = d.getElementsByTagName(s)[0];\n  if (d.getElementById(id)) return;\n  js = d.createElement(s); js.id = id;\n  js.src = \"http:\/\/connect.facebook.net\/es_LA\/sdk.js#xfbml=1&appId=110226895662447&version=v2.0\";\n  fjs.parentNode.insertBefore(js, fjs);\n}(document, 'script', 'facebook-jssdk'));<\/script><br \/>\n<br \/><\/p>\n<p><em> &#8221; Fuentes www.primerafuente.com.ar &#8221; <\/em><\/p>\n","protected":false},"excerpt":{"rendered":"<p>La aerol\u00ednea de bandera sum\u00f3 dos frecuencias. Tiene pr\u00e1cticamente todo cubierto para lo que resta de mayo. Aerol\u00edneas Argentinas sum\u00f3 dos frecuencias a Miami en su cronograma de vuelos de junio. Lo hizo motivada por la mayor demanda de los argentinos que viajan para acceder a la vacunaci\u00f3n contra el coronavirus en los Estados Unidos [&hellip;]<\/p>\n","protected":false},"author":4,"featured_media":0,"comment_status":"open","ping_status":"closed","sticky":false,"template":"","format":"standard","meta":{"om_disable_all_campaigns":false,"jnews-multi-image_gallery":[],"jnews_single_post":[],"jnews_primary_category":[],"jnews_social_meta":[],"footnotes":""},"categories":[40],"tags":[],"class_list":["post-125451","post","type-post","status-publish","format-standard","hentry","category-industria"],"_links":{"self":[{"href":"https:\/\/dimensionturistica.com\/es\/wp-json\/wp\/v2\/posts\/125451","targetHints":{"allow":["GET"]}}],"collection":[{"href":"https:\/\/dimensionturistica.com\/es\/wp-json\/wp\/v2\/posts"}],"about":[{"href":"https:\/\/dimensionturistica.com\/es\/wp-json\/wp\/v2\/types\/post"}],"author":[{"embeddable":true,"href":"https:\/\/dimensionturistica.com\/es\/wp-json\/wp\/v2\/users\/4"}],"replies":[{"embeddable":true,"href":"https:\/\/dimensionturistica.com\/es\/wp-json\/wp\/v2\/comments?post=125451"}],"version-history":[{"count":0,"href":"https:\/\/dimensionturistica.com\/es\/wp-json\/wp\/v2\/posts\/125451\/revisions"}],"wp:attachment":[{"href":"https:\/\/dimensionturistica.com\/es\/wp-json\/wp\/v2\/media?parent=125451"}],"wp:term":[{"taxonomy":"category","embeddable":true,"href":"https:\/\/dimensionturistica.com\/es\/wp-json\/wp\/v2\/categories?post=125451"},{"taxonomy":"post_tag","embeddable":true,"href":"https:\/\/dimensionturistica.com\/es\/wp-json\/wp\/v2\/tags?post=125451"}],"curies":[{"name":"wp","href":"https:\/\/api.w.org\/{rel}","templated":true}]}}