{"id":125391,"date":"2021-05-11T21:52:15","date_gmt":"2021-05-11T21:52:15","guid":{"rendered":"https:\/\/dimensionturistica.com\/es\/?p=125391"},"modified":"2021-05-11T21:52:15","modified_gmt":"2021-05-11T21:52:15","slug":"grupo-pinero-estara-en-fitur-2021-mostrando-su-apuesta-y-apo","status":"publish","type":"post","link":"https:\/\/dimensionturistica.com\/es\/grupo-pinero-estara-en-fitur-2021-mostrando-su-apuesta-y-apo\/","title":{"rendered":"Grupo Pinero estara en FITUR 2021 mostrando su apuesta y apo"},"content":{"rendered":"<p> <br \/>\n<\/p>\n<div>\n<p>Grupo Pi\u00f1ero, compa\u00f1\u00eda tur\u00edstica espa\u00f1ola con m\u00e1s de 40 a\u00f1os de historia, asistir\u00e1 a la edici\u00f3n especial de FITUR,\u00a0Tourism is again,\u00a0un evento clave para la recuperaci\u00f3n del sector tur\u00edstico. Bajo el lema \u201cEl reencuentro con la ilusi\u00f3n\u201d, apuesta por aprovechar esta importante cita para que se convierta en un punto de inflexi\u00f3n en el sector tur\u00edstico y anima a todos los agentes de este a reencontrarse en la que ser\u00e1 una de las ediciones m\u00e1s importantes de la feria. Para Grupo Pi\u00f1ero, dicho reencuentro debe centrarse en la colaboraci\u00f3n, ya que trabajando todos juntos los viajes se convertir\u00e1n en un s\u00edmbolo de recuperaci\u00f3n y superaci\u00f3n de la pandemia.<\/p>\n<p>Esta edici\u00f3n de FITUR 2021 estar\u00e1 enfocada en visibilizar el sector, analizar las claves para su reactivaci\u00f3n y ahondar en las \u00faltimas tendencias en materia medioambiental y tecnol\u00f3gica. Del 19 al 23 de mayo en IFEMA, Madrid, los asistentes podr\u00e1n visitar el stand de Grupo Pi\u00f1ero, en el que se puede hacer un recorrido por las diferentes \u00e1reas de negocio y destinos en los que est\u00e1 presente.<\/p>\n<p>Protagonista del reencuentro con la ilusi\u00f3n<\/p>\n<p>Pese a que 2021 todav\u00eda plantea retos, Grupo Pi\u00f1ero espera que en el tercer trimestre del a\u00f1o comience la revitalizaci\u00f3n del sector y est\u00e1 centrando todos sus esfuerzos en promover un reencuentro con la ilusi\u00f3n. La compa\u00f1\u00eda valora muy positivamente su trabajo realizado durante 2020 y est\u00e1 m\u00e1s convencida que nunca de que la transformaci\u00f3n sostenible ser\u00e1 la clave de la reactivaci\u00f3n econ\u00f3mica, social y ambiental a la que nos enfrentamos.<\/p>\n<p>As\u00ed, pese a la coyuntura y las dificultades que han tenido lugar, Grupo Pi\u00f1ero durante el pasado a\u00f1o se ha mantenido en el compromiso de trabajar bajo un modelo de gesti\u00f3n responsable, alineado con sus valores: pasi\u00f3n, colaboraci\u00f3n, respeto, ejemplaridad, mejora continua, y siempre fiel a su prop\u00f3sito:\u00a0\u201cSer una compa\u00f1\u00eda referente en el mercado tur\u00edstico internacional, manteniendo su esencia 100% familiar y gestionando de forma responsable para ofrecer la mejor experiencia a clientes y empleados, y contribuir activamente al desarrollo sostenible\u201d.<\/p>\n<p>Todo ello bajo el convencimiento de que los principales marcos de referencia internacionales promovidos por Naciones Unidas son un motor esencial para el Desarrollo Sostenible y la prosperidad Humana, siendo los Objetivos de Desarrollo Sostenible su gu\u00eda.<\/p>\n<p>En esta cita especial del sector, una de las principales novedades que presentar\u00e1 Grupo Pi\u00f1ero ser\u00e1 uno de los movimientos m\u00e1s importantes del sector y que se anunciaron en el sector durante el a\u00f1o pasado: la creaci\u00f3n de una Joint Enterprise con Logitravel Group mediante la uni\u00f3n de Smytravel y Soltour, que acaba de ser autorizada por la Comisi\u00f3n Nacional de los Mercados y la Competencia (CNMC) constituyendo as\u00ed un nuevo y moderno gran touroperador.<\/p>\n<\/p><\/div>\n\n<p><em> &#8221; Fuentes es.travel2latam.com &#8221; <\/em><\/p>\n","protected":false},"excerpt":{"rendered":"<p>Grupo Pi\u00f1ero, compa\u00f1\u00eda tur\u00edstica espa\u00f1ola con m\u00e1s de 40 a\u00f1os de historia, asistir\u00e1 a la edici\u00f3n especial de FITUR,\u00a0Tourism is again,\u00a0un evento clave para la recuperaci\u00f3n del sector tur\u00edstico. Bajo el lema \u201cEl reencuentro con la ilusi\u00f3n\u201d, apuesta por aprovechar esta importante cita para que se convierta en un punto de inflexi\u00f3n en el sector [&hellip;]<\/p>\n","protected":false},"author":4,"featured_media":0,"comment_status":"open","ping_status":"closed","sticky":false,"template":"","format":"standard","meta":{"om_disable_all_campaigns":false,"jnews-multi-image_gallery":[],"jnews_single_post":[],"jnews_primary_category":[],"jnews_social_meta":[],"footnotes":""},"categories":[40],"tags":[],"class_list":["post-125391","post","type-post","status-publish","format-standard","hentry","category-industria"],"_links":{"self":[{"href":"https:\/\/dimensionturistica.com\/es\/wp-json\/wp\/v2\/posts\/125391","targetHints":{"allow":["GET"]}}],"collection":[{"href":"https:\/\/dimensionturistica.com\/es\/wp-json\/wp\/v2\/posts"}],"about":[{"href":"https:\/\/dimensionturistica.com\/es\/wp-json\/wp\/v2\/types\/post"}],"author":[{"embeddable":true,"href":"https:\/\/dimensionturistica.com\/es\/wp-json\/wp\/v2\/users\/4"}],"replies":[{"embeddable":true,"href":"https:\/\/dimensionturistica.com\/es\/wp-json\/wp\/v2\/comments?post=125391"}],"version-history":[{"count":0,"href":"https:\/\/dimensionturistica.com\/es\/wp-json\/wp\/v2\/posts\/125391\/revisions"}],"wp:attachment":[{"href":"https:\/\/dimensionturistica.com\/es\/wp-json\/wp\/v2\/media?parent=125391"}],"wp:term":[{"taxonomy":"category","embeddable":true,"href":"https:\/\/dimensionturistica.com\/es\/wp-json\/wp\/v2\/categories?post=125391"},{"taxonomy":"post_tag","embeddable":true,"href":"https:\/\/dimensionturistica.com\/es\/wp-json\/wp\/v2\/tags?post=125391"}],"curies":[{"name":"wp","href":"https:\/\/api.w.org\/{rel}","templated":true}]}}