{"id":125200,"date":"2021-05-11T18:26:34","date_gmt":"2021-05-11T18:26:34","guid":{"rendered":"https:\/\/dimensionturistica.com\/es\/?p=125200"},"modified":"2021-05-11T18:26:34","modified_gmt":"2021-05-11T18:26:34","slug":"nicaragua-continua-aislada-sin-vuelos-internacionales","status":"publish","type":"post","link":"https:\/\/dimensionturistica.com\/es\/nicaragua-continua-aislada-sin-vuelos-internacionales\/","title":{"rendered":"Nicaragua contin\u00faa aislada sin vuelos internacionales"},"content":{"rendered":"<p> <br \/>\n<\/p>\n<div>\n<p><img decoding=\"async\" data-attachment-id=\"203456\" data-permalink=\"https:\/\/www.elmundo.cr\/mundo\/nicaragua-continua-aislada-sin-vuelos-internacionales\/attachment\/nicaragua-aeropuerto\/\" data-orig-file=\"https:\/\/www.elmundo.cr\/wp-content\/uploads\/2021\/05\/Nicaragua-aeropuerto.jpg\" data-orig-size=\"1273,711\" data-comments-opened=\"0\" data-image-meta=\"{&quot;aperture&quot;:&quot;0&quot;,&quot;credit&quot;:&quot;&quot;,&quot;camera&quot;:&quot;&quot;,&quot;caption&quot;:&quot;&quot;,&quot;created_timestamp&quot;:&quot;0&quot;,&quot;copyright&quot;:&quot;&quot;,&quot;focal_length&quot;:&quot;0&quot;,&quot;iso&quot;:&quot;0&quot;,&quot;shutter_speed&quot;:&quot;0&quot;,&quot;title&quot;:&quot;&quot;,&quot;orientation&quot;:&quot;0&quot;}\" data-image-title=\"Nicaragua-aeropuerto\" data-image-description=\"\" data-medium-file=\"\/wp-content\/uploads\/2021\/05\/Nicaragua-aeropuerto-300x168.jpg\" data-large-file=\"\/wp-content\/uploads\/2021\/05\/Nicaragua-aeropuerto-1024x572.jpg\" class=\"alignnone size-full wp-image-203456\" src=\"https:\/\/www.elmundo.cr\/wp-content\/uploads\/2021\/05\/Nicaragua-aeropuerto.jpg\" alt=\"\" width=\"1273\" height=\"711\" srcset=\"https:\/\/www.elmundo.cr\/wp-content\/uploads\/2021\/05\/Nicaragua-aeropuerto.jpg 1273w, https:\/\/www.elmundo.cr\/wp-content\/uploads\/2021\/05\/Nicaragua-aeropuerto-300x168.jpg 300w, https:\/\/www.elmundo.cr\/wp-content\/uploads\/2021\/05\/Nicaragua-aeropuerto-768x429.jpg 768w, https:\/\/www.elmundo.cr\/wp-content\/uploads\/2021\/05\/Nicaragua-aeropuerto-1024x572.jpg 1024w\" sizes=\"(max-width: 1273px) 100vw, 1273px\"\/><\/p>\n<p>Managua, 11 might (VOA) \u2013 Mientras a nivel mundial el tr\u00e1fico a\u00e9reo comienza a dar se\u00f1ales de recuperaci\u00f3n, Nicaragua contin\u00faa estancada y las aerol\u00edneas internacionales siguen postergando su regreso al pa\u00eds ante la postura del gobierno de no flexibilizar las medidas de bioseguridad.<\/p>\n<p>United Airways fue la primera en informar a las agencias de viaje que no regresar\u00eda al pa\u00eds hasta el 31 de octubre, mientras American posterg\u00f3 su retorno para el 17 de agosto y ahora Aerom\u00e9xico retras\u00f3 la fecha para julio. En tanto Spirit Airways sigue sin definir una fecha exacta para su retorno a las operaciones para Nicaragua.<\/p>\n<p>De esta manera el Aeropuerto Internacional de Managua se queda operando solo con la colombiana Avianca y la paname\u00f1a Copa Airways, lo que termina perjudicando directamente al sector del turismo, que sufre tres a\u00f1os de recesi\u00f3n econ\u00f3mica y que en reiteradas ocasiones ha pedido al Gobierno de Nicaragua revisar, flexibilizar y negociar las medidas.<\/p>\n<p>Leonardo Torr\u00e9s, presidente de la C\u00e1mara Nicarag\u00fcense de la Micro, Peque\u00f1a y Mediana Empresa del Turismo, explic\u00f3 a la Voz de Am\u00e9rica la urgencia del reinicio de las operaciones de todas las aerol\u00edneas.<\/p>\n<p>\u00abYo creo que debe haber un mejor entendimiento entre el Instituto Nacional de Aeron\u00e1utica Civil, que es quien autoriza las operaciones de las l\u00edneas a\u00e9reas en Nicaragua, las l\u00edneas a\u00e9reas y el Ministerio de Salud nicarag\u00fcense\u00bb, dijo Torr\u00e9s.<\/p>\n<p>\u201cSi ya hemos avanzado en el proceso de vacunaci\u00f3n, la tripulaci\u00f3n ya puede traer su certificaci\u00f3n de vacunaci\u00f3n completa. Eso puedo ayudar e ir flexibilizando el protocolo de seguridad y ponerlo a tono con el resto de la regi\u00f3n. Debo se\u00f1alar que en el resto de la regi\u00f3n ya est\u00e1n operando todas las l\u00edneas a\u00e9reas\u00a8, agreg\u00f3.<\/p>\n<p>Para los empresarios tur\u00edsticos es muy dif\u00edcil que las aerol\u00edneas de Estados Unidos regresen a Nicaragua bajo las condiciones actuales que exige el gobierno, particularmente cuando se pide una prueba negativa de COVID-19 de la tripulaci\u00f3n, contradiciendo las leyes de protecci\u00f3n de informaci\u00f3n del pa\u00eds.<\/p>\n<p>La presidenta de la C\u00e1mara Nacional de Turismo de Nicaragua, Lucy Valenti, insiste en que la soluci\u00f3n del problema est\u00e1 en manos del gobierno.<\/p>\n<p>\u201cDefinitivamente, si hay preocupaci\u00f3n de que este problema se siga extendiendo, es un problema planteado por el gobierno y es el mismo gobierno que tiene en sus manos la soluci\u00f3n, si las l\u00edneas empiezan a operar antes o no, porque son ellos que han impuestos unas medidas, fuera de lo regular, fuera de lo com\u00fan, medidas que no se est\u00e1n solicitando en otros pa\u00edses\u00bb.<\/p>\n<p>El Instituto Nicarag\u00fcense de Aeron\u00e1utica Civil exige adem\u00e1s a todas las aerol\u00edneas que, para autorizarse su llegada al pa\u00eds, env\u00eden con 72 horas de antelaci\u00f3n las fotocopias de los pasaportes de los pasajeros y la tripulaci\u00f3n de los vuelos, una medida con la que tampoco quieren enfrentarse las aerol\u00edneas.<\/p>\n<h3 class=\"face-titulado\">Comentarios<\/h3>\n<p class=\"face-comentado\"><comments-count href=\"https:\/\/www.elmundo.cr\/mundo\/nicaragua-continua-aislada-sin-vuelos-internacionales\/\"\/> comentarios<\/p>\n<h4 class=\"mh-widget-title\"><span class=\"mh-widget-title-inner\">Art\u00edculos de inter\u00e9s<\/span><\/h4>\n<\/div>\n<p><script>\n!function(f,b,e,v,n,t,s)\n{if(f.fbq)return;n=f.fbq=function(){n.callMethod?\nn.callMethod.apply(n,arguments):n.queue.push(arguments)};\nif(!f._fbq)f._fbq=n;n.push=n;n.loaded=!0;n.version='2.0';\nn.queue=[];t=b.createElement(e);t.async=!0;\nt.src=v;s=b.getElementsByTagName(e)[0];\ns.parentNode.insertBefore(t,s)}(window,document,'script',\n'https:\/\/connect.facebook.net\/en_US\/fbevents.js');\n fbq('init', '385140885615293'); \nfbq('track', 'PageView');\n<\/script><script>(function(d, s, id) {\n  var js, fjs = d.getElementsByTagName(s)[0];\n  if (d.getElementById(id)) return;\n  js = d.createElement(s); js.id = id;\n  js.src = \"https:\/\/connect.facebook.net\/es_LA\/sdk.js#xfbml=1&appId=574722722708404&version=v2.3\";\n  fjs.parentNode.insertBefore(js, fjs);\n}(document, 'script', 'facebook-jssdk'));<\/script><br \/>\n<br \/><\/p>\n<p><em> &#8221; Fuentes www.elmundo.cr &#8221; <\/em><\/p>\n","protected":false},"excerpt":{"rendered":"<p>Managua, 11 might (VOA) \u2013 Mientras a nivel mundial el tr\u00e1fico a\u00e9reo comienza a dar se\u00f1ales de recuperaci\u00f3n, Nicaragua contin\u00faa estancada y las aerol\u00edneas internacionales siguen postergando su regreso al pa\u00eds ante la postura del gobierno de no flexibilizar las medidas de bioseguridad. United Airways fue la primera en informar a las agencias de viaje [&hellip;]<\/p>\n","protected":false},"author":4,"featured_media":125201,"comment_status":"open","ping_status":"closed","sticky":false,"template":"","format":"standard","meta":{"om_disable_all_campaigns":false,"jnews-multi-image_gallery":[],"jnews_single_post":[],"jnews_primary_category":[],"jnews_social_meta":[],"footnotes":""},"categories":[40],"tags":[],"class_list":["post-125200","post","type-post","status-publish","format-standard","has-post-thumbnail","hentry","category-industria"],"_links":{"self":[{"href":"https:\/\/dimensionturistica.com\/es\/wp-json\/wp\/v2\/posts\/125200","targetHints":{"allow":["GET"]}}],"collection":[{"href":"https:\/\/dimensionturistica.com\/es\/wp-json\/wp\/v2\/posts"}],"about":[{"href":"https:\/\/dimensionturistica.com\/es\/wp-json\/wp\/v2\/types\/post"}],"author":[{"embeddable":true,"href":"https:\/\/dimensionturistica.com\/es\/wp-json\/wp\/v2\/users\/4"}],"replies":[{"embeddable":true,"href":"https:\/\/dimensionturistica.com\/es\/wp-json\/wp\/v2\/comments?post=125200"}],"version-history":[{"count":0,"href":"https:\/\/dimensionturistica.com\/es\/wp-json\/wp\/v2\/posts\/125200\/revisions"}],"wp:featuredmedia":[{"embeddable":true,"href":"https:\/\/dimensionturistica.com\/es\/wp-json\/wp\/v2\/media\/125201"}],"wp:attachment":[{"href":"https:\/\/dimensionturistica.com\/es\/wp-json\/wp\/v2\/media?parent=125200"}],"wp:term":[{"taxonomy":"category","embeddable":true,"href":"https:\/\/dimensionturistica.com\/es\/wp-json\/wp\/v2\/categories?post=125200"},{"taxonomy":"post_tag","embeddable":true,"href":"https:\/\/dimensionturistica.com\/es\/wp-json\/wp\/v2\/tags?post=125200"}],"curies":[{"name":"wp","href":"https:\/\/api.w.org\/{rel}","templated":true}]}}