{"id":125171,"date":"2021-05-11T18:02:53","date_gmt":"2021-05-11T18:02:53","guid":{"rendered":"https:\/\/dimensionturistica.com\/es\/?p=125171"},"modified":"2021-05-11T18:02:53","modified_gmt":"2021-05-11T18:02:53","slug":"carlos-barragan-abandono-la-campana-y-se-fue-a-estados-unidos-a-hacer-turismo-de-vacunas","status":"publish","type":"post","link":"https:\/\/dimensionturistica.com\/es\/carlos-barragan-abandono-la-campana-y-se-fue-a-estados-unidos-a-hacer-turismo-de-vacunas\/","title":{"rendered":"Carlos Barrag\u00e1n abandon\u00f3 la campa\u00f1a y se fue a Estados Unidos a hacer turismo de vacunas"},"content":{"rendered":"<p> <br \/>\n<\/p>\n<div>\n<p>Siempre acostumbrado a la pol\u00e9mica, a la controversia, en esta ocasi\u00f3n no ha sido la excepci\u00f3n, pues se cube que Carlos Barrag\u00e1n Amador apenas iniciada su campa\u00f1a electoral como candidato independiente a edil de Xicotepec de Ju\u00e1rez, abandon\u00f3 sus actividades proselitistas para hacer el llamado \u201cturismo de vacunas\u201d a Estados Unidos.<\/p>\n<p>Quien fuera ya dos veces edil de Xicotepec de Ju\u00e1rez, dos veces legislador y en 2018 coordinara la campa\u00f1a presidencial del priista Jos\u00e9 Antonio Meade Kuribre\u00f1a, se cube que opt\u00f3 por tomar un avi\u00f3n privado y subir a su familia para irse a Houston, Texas, a vacunarse contra el Covid\u201319, en lugar de esperar la campa\u00f1a de aplicaci\u00f3n del biol\u00f3gico por parte del gobierno federal.<\/p>\n<p>Se cuenta que Barrag\u00e1n habr\u00eda alquilado un avi\u00f3n modelo Learjet, de 16 plazas, que es propiedad del priista Carlos Urz\u00faa y quien posee una importante flota aeron\u00e1utica que renta a la clase pol\u00edtica del pa\u00eds. O mejor dicho, a la elite de la clase pol\u00edtica de M\u00e9xico.<\/p>\n<p><span class=\"td-adspot-title\">&#8211; Anuncio &#8211;<\/span><\/p>\n<p>Dicen los enterados que Barrag\u00e1n Amador solo cumpli\u00f3 con la formalidad de su primer d\u00eda de campa\u00f1a y luego, sin ning\u00fan empacho, abandon\u00f3 a su equipo proselitista para viajar a Estados Unido, en donde habr\u00eda permanecido hasta el 8 de mayo, con el prop\u00f3sito de hacer turismo e inmunizarse contra el coronavirus.<\/p>\n<p>Al parecer, Carlos Barrag\u00e1n se hizo acompa\u00f1ar de 5 familiares y el resto de los asientos del avi\u00f3n, los habr\u00edan ocupado Ricardo Urz\u00faa y sus hermanos Luis, Mauricio y Gilberto.<\/p>\n<p>Desde hace algunas semanas, ha surgido el llamado \u201cturismo de vacunas\u201d, que han utilizado unos 120 mil mexicanos, que pertenecen a las clases pudientes del pa\u00eds, que han pagado entre 40 y 60 mil pesos por persona, para que agencias de viajes les tramiten los boletos de avi\u00f3n, el hospedaje y sobre todo, la aplicaci\u00f3n del la vacuna anti\u2013Covid en ciudades como Los \u00c1ngeles, Houston, Las Vegas y Miami, en Estados Unidos.<\/p>\n<p>Lo que habr\u00eda hecho Carlos Barrag\u00e1n fue a un precio de otro orden, pues se sabe que el costo por persona y hora de vuelo, es de unos 10 mil d\u00f3lares, m\u00e1s el pago del hangar en donde aterriza el avi\u00f3n. Si se estima que hay 4 horas de ida y de regreso entre Houston y la Ciudad de M\u00e9xico, entonces resulta que el periplo le habr\u00eda costado unos 120 mil d\u00f3lares al pol\u00edtico ex priista.<\/p>\n<p>O al menos, que Urz\u00faa haya abaratado el costo del vuelo de avi\u00f3n entre M\u00e9xico y Estados Unidos.<\/p>\n<p>Lo que llama la atenci\u00f3n, es que Barrag\u00e1n hace campa\u00f1a electoral en la Sierra Norte, de siempre, ostent\u00e1ndose como un hombre \u201cdel pueblo\u201d, que se dedica a la crianza de ganado.<\/p>\n<p>Siempre acompa\u00f1ado de hechos graves de violencia, que nunca se han podido explicar de d\u00f3nde surgen, como fue el asesinato de dos de sus operadores electorales a finales del a\u00f1o pasado, Barrag\u00e1n lleva varios meses haciendo sorteos deportivos y regalando despensas con el af\u00e1n de ganar la pr\u00f3xima votaci\u00f3n del 6 de junio.<\/p>\n<p>Es decir, lucra con la pobreza de la poblaci\u00f3n de la regi\u00f3n de Xicotepec.<\/p>\n<p>Hace un par de meses, el ex legislador rompi\u00f3 con el PRI, luego de que no funcion\u00f3 el amago que hab\u00eda hecho de que se ir\u00eda del partido si no le daban la postulaci\u00f3n de candidato a alcalde.<\/p>\n<p>Al last, la nominaci\u00f3n recay\u00f3 en Guadalupe Vargas, quien busca reelegirse como presidente municipal y es hija del temido Ardelio Vargas Fosado, precise subsecretario de Gobernaci\u00f3n en el Poder Ejecutivo estatal.<\/p>\n<p>La otra rival que tiene Barrag\u00e1n es la candidata de Morena, Gabriela Alvarado Lorenzo, quien es hermana de Gabriel Alvarado Lorenzo, exedil de Huauchinango y un pol\u00edtico de los \u00faltimos remanentes del morenovallismo que quedan en la Sierra Norte de Puebla\u00a0 y ahora es un converso de la 4T.<\/p>\n<p>Para muchos ese viaje que hizo Carlos Barrag\u00e1n y Ricardo Urz\u00faa es una muestra de que a ambos poco o nada ya les interesa el precise proceso electoral, luego de que los dos fueron excluidos por el PRI.<\/p>\n<p>Ricardo Urz\u00faa hasta principios de este a\u00f1o ten\u00eda asegurado el primer lugar de la lista de candidatos plurinominales a diputados locales.<\/p>\n<p>Incluso se sab\u00eda que Alejandro Moreno C\u00e1rdenas, el presidente nacional del PRI, ya hab\u00eda dado la instrucci\u00f3n de que Urz\u00faa no solamente ten\u00eda garantizado un lugar en el Congreso, sino que ser\u00eda el coordinador de la fracci\u00f3n priista en el Poder Legislativo native.<\/p>\n<p>Esa posici\u00f3n, comentan en el PRI, la hab\u00eda logrado afianzar Urz\u00faa por el resultado electoral en Hidalgo, del a\u00f1o pasado, en donde sali\u00f3 triunfante el priismo y resulta que el pol\u00edtico poblano es el delegado del Comit\u00e9 Ejecutivo Nacional del Partido Revolucionario Institucional.<\/p>\n<p>Al last, esa promesa no se cumpli\u00f3 por las intrigas que armaron Javier Casique Z\u00e1rate y N\u00e9stor Camarillo Medina, en su calidad de dirigentes priistas, quienes convencieron a Alejandro C\u00e1rdenas de dar el n\u00famero uno de los plurinominales a Jorge Estefan Chidiac.<\/p>\n<p>El sue\u00f1o de Casique es ser el candidato del PRI a gobernador de Puebla en el a\u00f1o 2024 y por esa raz\u00f3n, ya empez\u00f3 a eliminar a sus posibles rivales. Y en ese sentido, sinti\u00f3 que Urz\u00faa period un \u201cpol\u00edtico de peligro\u201d si consegu\u00eda una diputaci\u00f3n native.<\/p>\n<p><span class=\"td-adspot-title\">&#8211; Anuncio &#8211;<\/span><br \/>\n<!-- 2018_ads_responsive --><\/p>\n<\/div>\n\n<p><em> &#8221; Fuentes www.lajornadadeoriente.com.mx &#8221; <\/em><\/p>\n","protected":false},"excerpt":{"rendered":"<p>Siempre acostumbrado a la pol\u00e9mica, a la controversia, en esta ocasi\u00f3n no ha sido la excepci\u00f3n, pues se cube que Carlos Barrag\u00e1n Amador apenas iniciada su campa\u00f1a electoral como candidato independiente a edil de Xicotepec de Ju\u00e1rez, abandon\u00f3 sus actividades proselitistas para hacer el llamado \u201cturismo de vacunas\u201d a Estados Unidos. Quien fuera ya dos [&hellip;]<\/p>\n","protected":false},"author":4,"featured_media":125172,"comment_status":"open","ping_status":"closed","sticky":false,"template":"","format":"standard","meta":{"om_disable_all_campaigns":false,"jnews-multi-image_gallery":[],"jnews_single_post":[],"jnews_primary_category":[],"jnews_social_meta":[],"footnotes":""},"categories":[40],"tags":[],"class_list":["post-125171","post","type-post","status-publish","format-standard","has-post-thumbnail","hentry","category-industria"],"_links":{"self":[{"href":"https:\/\/dimensionturistica.com\/es\/wp-json\/wp\/v2\/posts\/125171","targetHints":{"allow":["GET"]}}],"collection":[{"href":"https:\/\/dimensionturistica.com\/es\/wp-json\/wp\/v2\/posts"}],"about":[{"href":"https:\/\/dimensionturistica.com\/es\/wp-json\/wp\/v2\/types\/post"}],"author":[{"embeddable":true,"href":"https:\/\/dimensionturistica.com\/es\/wp-json\/wp\/v2\/users\/4"}],"replies":[{"embeddable":true,"href":"https:\/\/dimensionturistica.com\/es\/wp-json\/wp\/v2\/comments?post=125171"}],"version-history":[{"count":0,"href":"https:\/\/dimensionturistica.com\/es\/wp-json\/wp\/v2\/posts\/125171\/revisions"}],"wp:featuredmedia":[{"embeddable":true,"href":"https:\/\/dimensionturistica.com\/es\/wp-json\/wp\/v2\/media\/125172"}],"wp:attachment":[{"href":"https:\/\/dimensionturistica.com\/es\/wp-json\/wp\/v2\/media?parent=125171"}],"wp:term":[{"taxonomy":"category","embeddable":true,"href":"https:\/\/dimensionturistica.com\/es\/wp-json\/wp\/v2\/categories?post=125171"},{"taxonomy":"post_tag","embeddable":true,"href":"https:\/\/dimensionturistica.com\/es\/wp-json\/wp\/v2\/tags?post=125171"}],"curies":[{"name":"wp","href":"https:\/\/api.w.org\/{rel}","templated":true}]}}