{"id":125158,"date":"2021-05-11T17:56:18","date_gmt":"2021-05-11T17:56:18","guid":{"rendered":"https:\/\/dimensionturistica.com\/es\/?p=125158"},"modified":"2021-05-11T17:56:18","modified_gmt":"2021-05-11T17:56:18","slug":"piensa-viajar-a-eeuu-para-vacunarse-contra-el-covid-19-tome-nota-a-las-recomendaciones-de-expertos","status":"publish","type":"post","link":"https:\/\/dimensionturistica.com\/es\/piensa-viajar-a-eeuu-para-vacunarse-contra-el-covid-19-tome-nota-a-las-recomendaciones-de-expertos\/","title":{"rendered":"\u00bfPiensa viajar a EEUU para vacunarse contra el Covid-19? Tome nota a las recomendaciones de expertos"},"content":{"rendered":"<p> <br \/>\n<\/p>\n<div id=\"\">\n<p>SALUD <\/p>\n<p>10 mayo, 2021<\/p>\n<div class=\"thumb\">\n      <img decoding=\"async\" src=\"https:\/\/d1lofqbqbj927c.cloudfront.net\/monumental\/2021\/05\/covid-19-vaccination-1500-991-21.jpg\" class=\"attachment-large size-large wp-post-image\" alt=\"\"\/>    <\/div>\n<div class=\"excerpt\">\n<p>Recomiendan durante el viaje usar mascarilla KN95<\/p>\n<\/p><\/div>\n<p>Por: Fernanda Romero<\/p>\n<p><a rel=\"nofollow noopener\" target=\"_blank\" href=\"https:\/\/www.monumental.co.cr\/2021\/05\/10\/piensa-viajar-a-eeuu-para-vacunarse-contra-el-covid-19-tome-nota-a-las-recomendaciones-de-expertos\/mailto:fernanda.romero@monumental.co.cr\">fernanda.romero@monumental.co.cr<\/a><\/p>\n<p>En las \u00faltimas semanas, muchos costarricenses viajaron a Estados Unidos para vacunarse contra el Covid-19 y las agencias de viajes reportaron m\u00e1s de mil reservas en paquetes de viajes con destino a ese pa\u00eds, justamente para hacer turismo m\u00e9dico.<\/p>\n<p>Es por esta raz\u00f3n que expertos en epidemiologia de la Universidad Nacional (UNA) brindan una serie de recomendaciones para quienes viajen a EEUU a aplicarse la vacuna.<\/p>\n<p>El epidemi\u00f3logo, Juan Jos\u00e9 Romero, explic\u00f3 que una de las recomendaciones m\u00e1s importantes es permanecer al menos dos d\u00edas m\u00e1s en EEUU luego de la vacunaci\u00f3n, por si presenta alguna reacci\u00f3n adversa.<\/p>\n<figure class=\"wp-block-audio\"><audio controls=\"\" src=\"https:\/\/d1lofqbqbj927c.cloudfront.net\/monumental\/2021\/05\/RECOMENDACIONES-ROMERO-10-Y.mp3\"\/><\/figure>\n<p>Adem\u00e1s, Romero recomienda usar mascarilla KN95 durante el vuelo, en los aeropuertos y para el traslado al lodge; as\u00ed como llevar alcohol en gel para desinfectar las manos constantemente.<\/p>\n<p>Si usted solo puede y quiere hacer un \u00fanico viaje debe pedir que le apliquen la vacuna de Johnson &amp; Johnson. En el caso contrario deber\u00e1 hacer dos viajes, ya que para la vacuna de Pfizer y Moderna se necesitan dos dosis.<\/p>\n<figure class=\"wp-block-audio\"><audio controls=\"\" src=\"https:\/\/d1lofqbqbj927c.cloudfront.net\/monumental\/2021\/05\/RECOMENDACIONES-JUAN-10-Y.mp3\"\/><\/figure>\n<p>Tal y como lo han indicado las autoridades del Ministerio de Salud, es importante que las personas vacunadas contra el Covid-19 no se conf\u00eden y mantengan los protocolos sanitarios, entre ellos el uso de la mascarilla y el distanciamiento f\u00edsico.<\/p>\n<div class=\"titicuponMobile\">\n<div class=\"block titicupon\">\n\t\t\t\t<a rel=\"nofollow noopener\" target=\"_blank\" href=\"https:\/\/www.titicupon.com\/titicupon\/%C2%A1relajate-en-san-carlos-estad%C3%ADa-en-monta%C3%B1a-de-fuego-mountain-resort-al-50\"><br \/>\n\t\t\t\t\t<img decoding=\"async\" src=\"https:\/\/d1lofqbqbj927c.cloudfront.net\/monumental\/2021\/05\/Monta%C3%B1a.jpg\" alt=\"\"\/><br \/>\n\t\t\t\t<\/a>\n\t\t\t<\/div><\/div>\n<div class=\"titicuponMobile\">\n<div class=\"block titicupon\">\n\t\t\t\t<a rel=\"nofollow noopener\" target=\"_blank\" href=\"https:\/\/www.titicupon.com\/titicupon\/%C2%BFamante-del-sushi-obten%C3%A9-un-banquete-de-70-piezas-por-tan-s%C3%B3lo-%E2%82%A114000\"><br \/>\n\t\t\t\t\t<img decoding=\"async\" src=\"https:\/\/d1lofqbqbj927c.cloudfront.net\/monumental\/2021\/05\/Sapporo.jpg\" alt=\"\"\/><br \/>\n\t\t\t\t<\/a>\n\t\t\t<\/div><\/div><\/div>\n<p><script async defer crossorigin=\"anonymous\" src=\"https:\/\/connect.facebook.net\/es_LA\/sdk.js#xfbml=1&#038;version=v5.0&#038;appId=296379937054691&#038;autoLogAppEvents=1\"><\/script><br \/>\n<br \/><\/p>\n<p><em> &#8221; Fuentes www.monumental.co.cr &#8221; <\/em><\/p>\n","protected":false},"excerpt":{"rendered":"<p>SALUD 10 mayo, 2021 Recomiendan durante el viaje usar mascarilla KN95 Por: Fernanda Romero fernanda.romero@monumental.co.cr En las \u00faltimas semanas, muchos costarricenses viajaron a Estados Unidos para vacunarse contra el Covid-19 y las agencias de viajes reportaron m\u00e1s de mil reservas en paquetes de viajes con destino a ese pa\u00eds, justamente para hacer turismo m\u00e9dico. Es [&hellip;]<\/p>\n","protected":false},"author":4,"featured_media":125159,"comment_status":"open","ping_status":"closed","sticky":false,"template":"","format":"standard","meta":{"om_disable_all_campaigns":false,"jnews-multi-image_gallery":[],"jnews_single_post":[],"jnews_primary_category":[],"jnews_social_meta":[],"footnotes":""},"categories":[40],"tags":[],"class_list":["post-125158","post","type-post","status-publish","format-standard","has-post-thumbnail","hentry","category-industria"],"_links":{"self":[{"href":"https:\/\/dimensionturistica.com\/es\/wp-json\/wp\/v2\/posts\/125158","targetHints":{"allow":["GET"]}}],"collection":[{"href":"https:\/\/dimensionturistica.com\/es\/wp-json\/wp\/v2\/posts"}],"about":[{"href":"https:\/\/dimensionturistica.com\/es\/wp-json\/wp\/v2\/types\/post"}],"author":[{"embeddable":true,"href":"https:\/\/dimensionturistica.com\/es\/wp-json\/wp\/v2\/users\/4"}],"replies":[{"embeddable":true,"href":"https:\/\/dimensionturistica.com\/es\/wp-json\/wp\/v2\/comments?post=125158"}],"version-history":[{"count":0,"href":"https:\/\/dimensionturistica.com\/es\/wp-json\/wp\/v2\/posts\/125158\/revisions"}],"wp:featuredmedia":[{"embeddable":true,"href":"https:\/\/dimensionturistica.com\/es\/wp-json\/wp\/v2\/media\/125159"}],"wp:attachment":[{"href":"https:\/\/dimensionturistica.com\/es\/wp-json\/wp\/v2\/media?parent=125158"}],"wp:term":[{"taxonomy":"category","embeddable":true,"href":"https:\/\/dimensionturistica.com\/es\/wp-json\/wp\/v2\/categories?post=125158"},{"taxonomy":"post_tag","embeddable":true,"href":"https:\/\/dimensionturistica.com\/es\/wp-json\/wp\/v2\/tags?post=125158"}],"curies":[{"name":"wp","href":"https:\/\/api.w.org\/{rel}","templated":true}]}}