{"id":125016,"date":"2021-05-11T13:40:27","date_gmt":"2021-05-11T13:40:27","guid":{"rendered":"https:\/\/dimensionturistica.com\/es\/?p=125016"},"modified":"2021-05-11T13:40:27","modified_gmt":"2021-05-11T13:40:27","slug":"almunecar-muestra-su-malestar-a-la-mancomunidad-por-no-contar-con-el-municipio-sexitano-en-materia-de-promocion-turistica","status":"publish","type":"post","link":"https:\/\/dimensionturistica.com\/es\/almunecar-muestra-su-malestar-a-la-mancomunidad-por-no-contar-con-el-municipio-sexitano-en-materia-de-promocion-turistica\/","title":{"rendered":"Almu\u00f1\u00e9car muestra su malestar a la Mancomunidad por no contar con el municipio sexitano en materia de promoci\u00f3n tur\u00edstica."},"content":{"rendered":"<p> <br \/>\n<\/p>\n<div>\n<figure class=\"entry-thumbnail\">\n<img decoding=\"async\" src=\"https:\/\/i0.wp.com\/diariosexitano.com\/wp-content\/uploads\/2021\/05\/PALACETE-LA-NAJARRA-SEDE-PATRONATO-DE-TURISMO-ALMUNECAR-.jpg?resize=678%2C381&amp;ssl=1?v=1620740008\" alt=\"\" title=\"PALACETE LA NAJARRA SEDE PATRONATO DE TURISMO ALMU\u00d1ECAR\"\/><br \/>\n<\/figure>\n<p style=\"text-align: justify;\"><strong>\u00a0<\/strong><strong>As\u00ed se lo ha trasladado a trav\u00e9s de una carta recogiendo tambi\u00e9n el sentir del sector empresarial sexitano. <\/strong><\/p>\n<p style=\"text-align: justify;\">La alcaldesa y presidenta del Patronato Municipal de Turismo de Almu\u00f1\u00e9car \u2013 La Herradura, Trinidad Herrera ha remitido una carta a la presidenta del Mancomunidad de\u00a0 Municipios de la Costa Tropical, Maria Jos\u00e9 S\u00e1nchez, en la que le manifiesta el<strong> \u201c<\/strong>profundo malestar con el modo de proceder en materia de promoci\u00f3n tur\u00edstica, desde el \u00e1mbito de las competencias mancomunadas en la esfera tur\u00edstica\u201d.<\/p>\n<p style=\"text-align: justify;\">Trinidad Herrera, tras recordarle a que el destino Almu\u00f1\u00e9car-La Herradura constituye el principal n\u00facleo tur\u00edstico de la Costa tropical (segundo en el contexto provincial), aglutinando en torno al 80% de la oferta tur\u00edstica de la comarca, \u201csin embargo, esa relevancia tur\u00edstica no se est\u00e1 teniendo en cuenta desde la Delegaci\u00f3n de Turismo de la Mancomunidad\u201d, le se\u00f1ala.<\/p>\n<p style=\"text-align: justify;\">\u201cMuy a nuestro pesar, observamos como continuamente quedamos al margen de la mayor parte de acciones promocionales que se desarrollan. Valga, a modo de ejemplo, la visita que giraron a \u201cs\u00f3lo una parte\u201d de la comarca el pasado fin de semana los asistentes al 33\u00ba Congreso OPC Spain. \u00bfRealmente cree l\u00f3gico\/conveniente para los intereses tur\u00edsticos de esta comarca que un grupo especializado en MICE y que visita la Costa Tropical se marche sin conocer las potencialidades que Almu\u00f1\u00e9car ofrece en este segmento?\u201d, cube la alcaldesa sexitana.<\/p>\n<p style=\"text-align: justify;\">Trinidad Herrera manifiesta que \u201ces reiterativo observar c\u00f3mo en los \u00faltimos a\u00f1os Almu\u00f1\u00e9car-La Herradura quedan excluidas, de manera casi sistem\u00e1tica, de los programas que se elaboran desde el \u00c1rea de Turismo de Mancomunidad para agentes de viajes, periodistas, medios de comunicaci\u00f3n, etc. En paralelo a lo anterior, a\u00f1ade, \u00a0procede poner sobre la mesa el flaco favor que est\u00e1 dispensando a tantos empresarios tur\u00edsticos del municipio que observan, sin salir de su asombro, (y as\u00ed nos lo han trasladado en m\u00e1s de una ocasi\u00f3n), el uso partidista que viene realizando desde la instituci\u00f3n que representa\u201d, se\u00f1ala la edil de Almu\u00f1\u00e9car.<\/p>\n<p style=\"text-align: justify;\">La alcaldesa y presidenta del Patronato de Almu\u00f1\u00e9car \u2013 La Herradura, en base a lo expuesto y en aras de dar a Almu\u00f1\u00e9car \u2013 La Herradura el trato tur\u00edstico que merecen en el contexto comarcal, le pide a la presidenta de la Mancomunidad de la Costa Tropical, \u00a0que \u201ccuente a futuro con nuestro municipio para todas las actuaciones que se programen\u201d, subraya.<\/p>\n<p>\u00a0<\/p>\n<p><h3 class=\"jp-relatedposts-headline\"><em>Relacionado<\/em><\/h3>\n<\/p><\/div>\n\n<p><em> &#8221; Fuentes diariosexitano.com &#8221; <\/em><\/p>\n","protected":false},"excerpt":{"rendered":"<p>\u00a0As\u00ed se lo ha trasladado a trav\u00e9s de una carta recogiendo tambi\u00e9n el sentir del sector empresarial sexitano. La alcaldesa y presidenta del Patronato Municipal de Turismo de Almu\u00f1\u00e9car \u2013 La Herradura, Trinidad Herrera ha remitido una carta a la presidenta del Mancomunidad de\u00a0 Municipios de la Costa Tropical, Maria Jos\u00e9 S\u00e1nchez, en la que [&hellip;]<\/p>\n","protected":false},"author":4,"featured_media":125017,"comment_status":"open","ping_status":"closed","sticky":false,"template":"","format":"standard","meta":{"om_disable_all_campaigns":false,"jnews-multi-image_gallery":[],"jnews_single_post":[],"jnews_primary_category":[],"jnews_social_meta":[],"footnotes":""},"categories":[40],"tags":[],"class_list":["post-125016","post","type-post","status-publish","format-standard","has-post-thumbnail","hentry","category-industria"],"_links":{"self":[{"href":"https:\/\/dimensionturistica.com\/es\/wp-json\/wp\/v2\/posts\/125016","targetHints":{"allow":["GET"]}}],"collection":[{"href":"https:\/\/dimensionturistica.com\/es\/wp-json\/wp\/v2\/posts"}],"about":[{"href":"https:\/\/dimensionturistica.com\/es\/wp-json\/wp\/v2\/types\/post"}],"author":[{"embeddable":true,"href":"https:\/\/dimensionturistica.com\/es\/wp-json\/wp\/v2\/users\/4"}],"replies":[{"embeddable":true,"href":"https:\/\/dimensionturistica.com\/es\/wp-json\/wp\/v2\/comments?post=125016"}],"version-history":[{"count":0,"href":"https:\/\/dimensionturistica.com\/es\/wp-json\/wp\/v2\/posts\/125016\/revisions"}],"wp:featuredmedia":[{"embeddable":true,"href":"https:\/\/dimensionturistica.com\/es\/wp-json\/wp\/v2\/media\/125017"}],"wp:attachment":[{"href":"https:\/\/dimensionturistica.com\/es\/wp-json\/wp\/v2\/media?parent=125016"}],"wp:term":[{"taxonomy":"category","embeddable":true,"href":"https:\/\/dimensionturistica.com\/es\/wp-json\/wp\/v2\/categories?post=125016"},{"taxonomy":"post_tag","embeddable":true,"href":"https:\/\/dimensionturistica.com\/es\/wp-json\/wp\/v2\/tags?post=125016"}],"curies":[{"name":"wp","href":"https:\/\/api.w.org\/{rel}","templated":true}]}}