{"id":125011,"date":"2021-05-11T13:33:15","date_gmt":"2021-05-11T13:33:15","guid":{"rendered":"https:\/\/dimensionturistica.com\/es\/?p=125011"},"modified":"2021-05-11T13:33:15","modified_gmt":"2021-05-11T13:33:15","slug":"felipe-vi-recibe-a-alberto-fernandez-en-su-viaje-oficial-a-espana","status":"publish","type":"post","link":"https:\/\/dimensionturistica.com\/es\/felipe-vi-recibe-a-alberto-fernandez-en-su-viaje-oficial-a-espana\/","title":{"rendered":"Felipe VI recibe a Alberto Fern\u00e1ndez en su viaje oficial a Espa\u00f1a"},"content":{"rendered":"<p> <br \/>\n<\/p>\n<div>\n<div class=\"visual__image  \"><img decoding=\"async\" alt=\"El rey Felipe recibe al presidente de Argentina, Alberto Fern\u00e1ndez, este martes en el Palacio de la Zarzuela, en Madrid. EFE\/ Casa S.M. El Rey\/Francisco G\u00f3mez&#13;&#10;\" height=\"1756\" width=\"2603\" src=\"https:\/\/www.infobae.com\/new-resizer\/6VsUj1FfOuqGict9Xl3A87SfVak=\/420x280\/filters:format(jpg):quality(85)\/cloudfront-us-east-1.images.arcpublishing.com\/infobae\/L7UUS244PNCRJOFTBHD5RJFJTY.jpg\" srcset=\"https:\/\/www.infobae.com\/new-resizer\/6VsUj1FfOuqGict9Xl3A87SfVak=\/420x280\/filters:format(jpg):quality(85)\/cloudfront-us-east-1.images.arcpublishing.com\/infobae\/L7UUS244PNCRJOFTBHD5RJFJTY.jpg 420w,https:\/\/www.infobae.com\/new-resizer\/RXhNDaw-RF8dBZSeAk6PWmmz3pA=\/768x512\/filters:format(jpg):quality(85)\/cloudfront-us-east-1.images.arcpublishing.com\/infobae\/L7UUS244PNCRJOFTBHD5RJFJTY.jpg 768w,https:\/\/www.infobae.com\/new-resizer\/D82k3igV5xHF8SKwY2FzwSmqQpg=\/992x661\/filters:format(jpg):quality(85)\/cloudfront-us-east-1.images.arcpublishing.com\/infobae\/L7UUS244PNCRJOFTBHD5RJFJTY.jpg 992w,https:\/\/www.infobae.com\/new-resizer\/tiUp6X8zdhoG4aN5KFq3lC7vmas=\/1200x800\/filters:format(jpg):quality(85)\/cloudfront-us-east-1.images.arcpublishing.com\/infobae\/L7UUS244PNCRJOFTBHD5RJFJTY.jpg 1200w\" sizes=\"auto, (min-width: 800px) 50vw, 90vw\" loading=\"lazy\"\/><figcaption class=\"\">El rey Felipe recibe al presidente de Argentina, Alberto Fern\u00e1ndez, este martes en el Palacio de la Zarzuela, en Madrid. EFE\/ Casa S.M. El Rey\/Francisco G\u00f3mez&#13;<br \/>\n<\/figcaption><\/div>\n<p class=\"paragraph\">Madrid, 11 could (EFE).- El rey de Espa\u00f1a, Felipe VI, recibi\u00f3 este martes al presidente de Argentina, Alberto Fern\u00e1ndez, en el inicio de la visita del mandatario argentino a Madrid como parte de un viaje oficial por varios pa\u00edses europeos con el objetivo de obtener apoyos para la negociaci\u00f3n de la deuda con el Fondo Monetario Internacional (FMI).<br \/>El encuentro comenz\u00f3 con un saludo cordial entre ambos en las escaleras de acceso al Palacio de la Zarzuela, cogi\u00e9ndose los brazos mutuamente y, tras posar ante los medios gr\u00e1ficos, se reunieron en el despacho del monarca espa\u00f1ol.<br \/>En su gira, acompa\u00f1an a Fern\u00e1ndez el ministro de Econom\u00eda argentino, Mart\u00edn Guzm\u00e1n, quien ya estuvo en Madrid a mediados de abril, y el canciller Felipe Sol\u00e1, quien previamente se reuni\u00f3 con su hom\u00f3loga espa\u00f1ola, Arancha Gonz\u00e1lez Laya. <br \/>Desde all\u00ed, el mandatario argentino se desplaz\u00f3 al Palacio de la Moncloa, la sede del Ejecutivo espa\u00f1ol, donde le esperaba el presidente del Gobierno espa\u00f1ol, el socialista Pedro S\u00e1nchez.<br \/>Fern\u00e1ndez ya estuvo en Madrid en febrero de 2020, dos meses despu\u00e9s de relevar en el poder a Mauricio Macri y en el marco tambi\u00e9n de una gira europea, con el mismo objetivo de buscar apoyos ante la negociaci\u00f3n del pago de la deuda de Argentina con el FMI, aunque por entonces no hab\u00eda estallado la pandemia del coronavirus.<br \/>Entonces, el mandatario argentino se entrevist\u00f3 tambi\u00e9n con Felipe VI y con S\u00e1nchez, a quien agradeci\u00f3 el &#8220;sincero apoyo&#8221; del Gobierno espa\u00f1ol para que el pa\u00eds sudamericano pueda &#8220;salir adelante y ponerse de pie&#8221;.<\/p>\n<\/div>\n<p><script defer=\"\">!function(f,b,e,v,n,t,s) {if(f.fbq)return;n=f.fbq=function(){n.callMethod? n.callMethod.apply(n,arguments):n.queue.push(arguments)}; if(!f._fbq)f._fbq=n;n.push=n;n.loaded=!0;n.version='2.0'; n.queue=[];t=b.createElement(e);t.async=!0; t.src=v;s=b.getElementsByTagName(e)[0]; s.parentNode.insertBefore(t,s)}(window, document,'script', 'https:\/\/connect.facebook.net\/en_US\/fbevents.js'); fbq('init', '336383993555320'); fbq('track', 'PageView'); fbq('track', 'ViewContent');<\/script><br \/>\n<br \/><\/p>\n<p><em> &#8221; Fuentes www.infobae.com &#8221; <\/em><\/p>\n","protected":false},"excerpt":{"rendered":"<p>El rey Felipe recibe al presidente de Argentina, Alberto Fern\u00e1ndez, este martes en el Palacio de la Zarzuela, en Madrid. EFE\/ Casa S.M. El Rey\/Francisco G\u00f3mez&#13; Madrid, 11 could (EFE).- El rey de Espa\u00f1a, Felipe VI, recibi\u00f3 este martes al presidente de Argentina, Alberto Fern\u00e1ndez, en el inicio de la visita del mandatario argentino a [&hellip;]<\/p>\n","protected":false},"author":4,"featured_media":125012,"comment_status":"open","ping_status":"closed","sticky":false,"template":"","format":"standard","meta":{"om_disable_all_campaigns":false,"jnews-multi-image_gallery":[],"jnews_single_post":[],"jnews_primary_category":[],"jnews_social_meta":[],"footnotes":""},"categories":[40],"tags":[],"class_list":["post-125011","post","type-post","status-publish","format-standard","has-post-thumbnail","hentry","category-industria"],"_links":{"self":[{"href":"https:\/\/dimensionturistica.com\/es\/wp-json\/wp\/v2\/posts\/125011","targetHints":{"allow":["GET"]}}],"collection":[{"href":"https:\/\/dimensionturistica.com\/es\/wp-json\/wp\/v2\/posts"}],"about":[{"href":"https:\/\/dimensionturistica.com\/es\/wp-json\/wp\/v2\/types\/post"}],"author":[{"embeddable":true,"href":"https:\/\/dimensionturistica.com\/es\/wp-json\/wp\/v2\/users\/4"}],"replies":[{"embeddable":true,"href":"https:\/\/dimensionturistica.com\/es\/wp-json\/wp\/v2\/comments?post=125011"}],"version-history":[{"count":0,"href":"https:\/\/dimensionturistica.com\/es\/wp-json\/wp\/v2\/posts\/125011\/revisions"}],"wp:featuredmedia":[{"embeddable":true,"href":"https:\/\/dimensionturistica.com\/es\/wp-json\/wp\/v2\/media\/125012"}],"wp:attachment":[{"href":"https:\/\/dimensionturistica.com\/es\/wp-json\/wp\/v2\/media?parent=125011"}],"wp:term":[{"taxonomy":"category","embeddable":true,"href":"https:\/\/dimensionturistica.com\/es\/wp-json\/wp\/v2\/categories?post=125011"},{"taxonomy":"post_tag","embeddable":true,"href":"https:\/\/dimensionturistica.com\/es\/wp-json\/wp\/v2\/tags?post=125011"}],"curies":[{"name":"wp","href":"https:\/\/api.w.org\/{rel}","templated":true}]}}