{"id":124973,"date":"2021-05-11T12:18:15","date_gmt":"2021-05-11T12:18:15","guid":{"rendered":"https:\/\/dimensionturistica.com\/es\/?p=124973"},"modified":"2021-05-11T12:18:15","modified_gmt":"2021-05-11T12:18:15","slug":"restauranteros-optimistas-ante-el-10-de-mayo","status":"publish","type":"post","link":"https:\/\/dimensionturistica.com\/es\/restauranteros-optimistas-ante-el-10-de-mayo\/","title":{"rendered":"Restauranteros optimistas ante el 10 de mayo"},"content":{"rendered":"<p> <br \/>\n<\/p>\n<div>\n<h2>Mantienen esperanza de operar en \u201cEscenario A\u201d, ante indicadores controlados en contagios<\/h2>\n<p>Por Josefina Herrera<\/p>\n<p>Noticias<\/p>\n<p>Antonio Rosas Carapia, presidente del Consejo Queretano de Restauranteros, A. C.\u00a0 indic\u00f3 que se mantienen optimistas para este 10 de mayo, ya que esperan que prevalezca el \u201cEscenario\u00a0 A\u201d, lo cual les dar\u00e1 mayor oportunidad de generar m\u00e1s ingresos dentro de su capacidad de aforo.<\/p>\n<p><!-- Composite Start --><\/p>\n<p><!-- Composite End --><\/p>\n<p>En este sentido, dijo que hay tienen varias reservaciones entre el domingo y el lunes, pero a\u00fan contin\u00faan a la espera de no tener que cancelar ante un retroceso de escenario, de acuerdo a las indicaciones que pueda manejar el gobierno estatal, sin embargo, los \u00faltimos indicadores han se\u00f1alado que los contagios se mantienen controlados y a la baja, lo cual es positivo para el comercio en basic.<\/p>\n<p>\u201cTenemos la esperanza de que el domingo tengamos los aforos debidamente, respetando con los aforos y el tr\u00e1nsito aceptable, pero tambi\u00e9n estamos esperando el lunes\u00a0 que tambi\u00e9n tengamos un lunes extraordinario de alguna manera, me refiero extraordinario porque no es un lunes com\u00fan, no vamos a tener a lo mejor el n\u00famero de comensales como cualquier lunes, sino porque es lunes 10 de mayo, entonces mucha gente a lo mejor va a dividir su festejo entre el domingo y el lunes, entonces nos va a permitir que la gente se distribuya, y no habl\u00f3 de los restaurantes, sino de acuerdo a la capacidad que tenemos, mucha gente va a poder distribuir su festejo en esos dos d\u00edas\u201d.<\/p>\n<p>Al respecto, se\u00f1al\u00f3 que algunos restaurantes armaron paquetes para poder reactivarse en esos d\u00edas, pero tambi\u00e9n aunque mantienen la oferta de la carta regular, se encuentran esperanzados a que este D\u00eda de las Madres sea totalmente distinto al del a\u00f1o pasado, pues ahora est\u00e1n en la posibilidad de contar con servicio al inside.<\/p>\n<p>\u201cPues ah\u00ed se quedan reservados y ya no entra m\u00e1s gente, y obviamente est\u00e1n mencionando a los clientes que est\u00e1 la reservaci\u00f3n y va de acuerdo si la autoridad no hace un cambio de escenario, precisamente para que la gente no piense que nosotros de alguna manera la modificamos, es bajo reserva de que el escenario se mantenga en el A, y sin en cambio no se va a poder respetar porque va a depender de la autoridad, pero la finalidad es que podemos reservar con tiempo, es de que no nos excedamos en ning\u00fan momento con el n\u00famero de comensales autorizados en el escenario\u201d.<\/p>\n<p>Finalmente, se\u00f1al\u00f3 que esta vez reforzar\u00e1n tambi\u00e9n el servicio para llevar, pues de acuerdo al aforo que deben mantener dentro del \u201cEscenario A\u201d, pueden tener la alternativa de disfrutar de los alimentos en el hogar, y as\u00ed tampoco ellos podr\u00e1n abusar del n\u00famero de mesas o comensales, \u201ccontinuemos con todos los protocolos debidos para que el contagio se siga controlando y vayan disminuyendo, y para que los negocios podamos irnos reactivando con esa frecuencia, esa fluidez econ\u00f3mica que nos beneficia a todos estos sectores y que sale benefici\u00e1ndose toda la comunidad,\u00a0 la poblaci\u00f3n en general, entonces hay que reforzar esas medidas todav\u00eda y mantenerlas por supuesto hasta que las cosas est\u00e9n totalmente controladas\u201d, enfatiz\u00f3 Rosas Carapia.<\/p>\n<p>\u00a0<\/p>\n<\/div>\n<p><script>(function(d, s, id) {\n  var js, fjs = d.getElementsByTagName(s)[0];\n  if (d.getElementById(id)) return;\n  js = d.createElement(s); js.id = id;\n  js.src = \"https:\/\/connect.facebook.net\/es_LA\/sdk.js#xfbml=1&appId=546007945598485&version=v2.3\";\n  fjs.parentNode.insertBefore(js, fjs);\n}(document, 'script', 'facebook-jssdk'));<\/script><br \/>\n<br \/><\/p>\n<p><em> &#8221; Fuentes noticiasdequeretaro.com.mx &#8221; <\/em><\/p>\n","protected":false},"excerpt":{"rendered":"<p>Mantienen esperanza de operar en \u201cEscenario A\u201d, ante indicadores controlados en contagios Por Josefina Herrera Noticias Antonio Rosas Carapia, presidente del Consejo Queretano de Restauranteros, A. C.\u00a0 indic\u00f3 que se mantienen optimistas para este 10 de mayo, ya que esperan que prevalezca el \u201cEscenario\u00a0 A\u201d, lo cual les dar\u00e1 mayor oportunidad de generar m\u00e1s ingresos [&hellip;]<\/p>\n","protected":false},"author":4,"featured_media":124974,"comment_status":"open","ping_status":"closed","sticky":false,"template":"","format":"standard","meta":{"om_disable_all_campaigns":false,"jnews-multi-image_gallery":[],"jnews_single_post":[],"jnews_primary_category":[],"jnews_social_meta":[],"footnotes":""},"categories":[40],"tags":[],"class_list":["post-124973","post","type-post","status-publish","format-standard","has-post-thumbnail","hentry","category-industria"],"_links":{"self":[{"href":"https:\/\/dimensionturistica.com\/es\/wp-json\/wp\/v2\/posts\/124973","targetHints":{"allow":["GET"]}}],"collection":[{"href":"https:\/\/dimensionturistica.com\/es\/wp-json\/wp\/v2\/posts"}],"about":[{"href":"https:\/\/dimensionturistica.com\/es\/wp-json\/wp\/v2\/types\/post"}],"author":[{"embeddable":true,"href":"https:\/\/dimensionturistica.com\/es\/wp-json\/wp\/v2\/users\/4"}],"replies":[{"embeddable":true,"href":"https:\/\/dimensionturistica.com\/es\/wp-json\/wp\/v2\/comments?post=124973"}],"version-history":[{"count":0,"href":"https:\/\/dimensionturistica.com\/es\/wp-json\/wp\/v2\/posts\/124973\/revisions"}],"wp:featuredmedia":[{"embeddable":true,"href":"https:\/\/dimensionturistica.com\/es\/wp-json\/wp\/v2\/media\/124974"}],"wp:attachment":[{"href":"https:\/\/dimensionturistica.com\/es\/wp-json\/wp\/v2\/media?parent=124973"}],"wp:term":[{"taxonomy":"category","embeddable":true,"href":"https:\/\/dimensionturistica.com\/es\/wp-json\/wp\/v2\/categories?post=124973"},{"taxonomy":"post_tag","embeddable":true,"href":"https:\/\/dimensionturistica.com\/es\/wp-json\/wp\/v2\/tags?post=124973"}],"curies":[{"name":"wp","href":"https:\/\/api.w.org\/{rel}","templated":true}]}}