{"id":124933,"date":"2021-05-11T11:04:50","date_gmt":"2021-05-11T11:04:50","guid":{"rendered":"https:\/\/dimensionturistica.com\/es\/?p=124933"},"modified":"2021-05-11T11:04:51","modified_gmt":"2021-05-11T11:04:51","slug":"enrique-maya-recibe-a-la-seccion-navarra-de-la-federacion-empresarial-de-asociaciones-de-agencias-de-viajes-espanolas","status":"publish","type":"post","link":"https:\/\/dimensionturistica.com\/es\/enrique-maya-recibe-a-la-seccion-navarra-de-la-federacion-empresarial-de-asociaciones-de-agencias-de-viajes-espanolas\/","title":{"rendered":"Enrique Maya recibe a la secci\u00f3n navarra de la Federaci\u00f3n Empresarial de Asociaciones de Agencias de Viajes Espa\u00f1olas &#8211;"},"content":{"rendered":"<p> <br \/>\n<\/p>\n<div id=\"post-315954\">\n<div class=\"entry-content clearfix\">\n<figure class=\"entry-thumbnail\">\n<img decoding=\"async\" src=\"https:\/\/pamplonaactual.com\/wp-content\/uploads\/2021\/05\/AGENCIA-VIAJES_EE5A9880-678x381.jpg\" alt=\"\" title=\"REUNI\u00d3N AGENCIA DE VIAJES\"\/><br \/>\n<\/figure>\n<p>\n<button class=\"simplesocial-fb-share\" target=\"_blank\" data-href=\"https:\/\/www.facebook.com\/sharer\/sharer.php?u=https:\/\/pamplonaactual.com\/enrique-maya-recibe-a-la-seccion-navarra-de-la-federacion-empresarial-de-asociaciones-de-agencias-de-viajes-espanolas\/\" onclick=\"javascript:window.open(this.dataset.href, '', 'menubar=no,toolbar=no,resizable=yes,scrollbars=yes,height=600,width=600');return false;\"><span class=\"simplesocialtxt\">Fb <\/span> <\/button><br \/>\n<button class=\"simplesocial-twt-share\" data-href=\"https:\/\/twitter.com\/share?text=Enrique+Maya+recibe+a+la+secci%C3%B3n+navarra+de+la+Federaci%C3%B3n+Empresarial+de+Asociaciones+de+Agencias+de+Viajes+Espa%C3%B1olas&amp;url=https:\/\/pamplonaactual.com\/enrique-maya-recibe-a-la-seccion-navarra-de-la-federacion-empresarial-de-asociaciones-de-agencias-de-viajes-espanolas\/\" rel=\"nofollow\" onclick=\"javascript:window.open(this.dataset.href, '', 'menubar=no,toolbar=no,resizable=yes,scrollbars=yes,height=600,width=600');return false;\"><span class=\"simplesocialtxt\">Twitter<\/span> <\/button><br \/>\n<button onclick=\"javascript:window.open(this.dataset.href, '_blank' );return false;\" class=\"simplesocial-whatsapp-share\" data-href=\"https:\/\/web.whatsapp.com\/send?text=https:\/\/pamplonaactual.com\/enrique-maya-recibe-a-la-seccion-navarra-de-la-federacion-empresarial-de-asociaciones-de-agencias-de-viajes-espanolas\/\"><span class=\"simplesocialtxt\">WhatsApp<\/span><\/button>\n<\/p>\n<h4>El sector tur\u00edstico, uno de los m\u00e1s afectados econ\u00f3micamente por la pandemia, est\u00e1 manteniendo contactos con distintas instituciones<\/h4>\n<p>El alcalde de Pamplona, Enrique Maya, acompa\u00f1ada de la concejala delegada directora el \u00c1rea de Gobierno Estrat\u00e9gico, Comercio y Turismo, Ana Elizalde, se han reunido con representantes navarras de la Federaci\u00f3n Empresarial de Asociaciones de Agencias de Viajes Espa\u00f1olas (FETAVE). En nombre de la secci\u00f3n de la Comunidad foral\u00a0han acudido al encuentro Amaia Irigoyen y Ana Larri\u00f3n, presidenta y vocal, respectivamente.<\/p>\n<p>FETAVE solicit\u00f3 la reuni\u00f3n para trasladar al Ayuntamiento de Pamplona las demandas de un sector que se est\u00e1 viendo especialmente afectado por las restricciones generales de movilidad adoptadas por la COVID-19, por un lado, y por la complicada situaci\u00f3n de las fronteras internacionales y los cambios en los plazos de presentaci\u00f3n de PCR de acceso a algunos pa\u00edses, por otro.<\/p>\n<p>La asociaci\u00f3n est\u00e1 manteniendo en estos momentos reuniones con distintas instituciones para tantear posibles v\u00edas de apoyo al sector, incluyendo campa\u00f1as de sensibilizaci\u00f3n. El Ayuntamiento de Pamplona incluy\u00f3 servicios tur\u00edsticos, entre ellos agencias de viaje, en la campa\u00f1a de bonos PamplonUp, una iniciativa destinada a fomentar la compra en establecimientos de proximidad.<\/p>\n<p>\n<button class=\"simplesocial-fb-share\" target=\"_blank\" data-href=\"https:\/\/www.facebook.com\/sharer\/sharer.php?u=https:\/\/pamplonaactual.com\/enrique-maya-recibe-a-la-seccion-navarra-de-la-federacion-empresarial-de-asociaciones-de-agencias-de-viajes-espanolas\/\" onclick=\"javascript:window.open(this.dataset.href, '', 'menubar=no,toolbar=no,resizable=yes,scrollbars=yes,height=600,width=600');return false;\"><span class=\"simplesocialtxt\">Fb <\/span> <\/button><br \/>\n<button class=\"simplesocial-twt-share\" data-href=\"https:\/\/twitter.com\/share?text=Enrique+Maya+recibe+a+la+secci%C3%B3n+navarra+de+la+Federaci%C3%B3n+Empresarial+de+Asociaciones+de+Agencias+de+Viajes+Espa%C3%B1olas&amp;url=https:\/\/pamplonaactual.com\/enrique-maya-recibe-a-la-seccion-navarra-de-la-federacion-empresarial-de-asociaciones-de-agencias-de-viajes-espanolas\/\" rel=\"nofollow\" onclick=\"javascript:window.open(this.dataset.href, '', 'menubar=no,toolbar=no,resizable=yes,scrollbars=yes,height=600,width=600');return false;\"><span class=\"simplesocialtxt\">Twitter<\/span> <\/button><br \/>\n<button onclick=\"javascript:window.open(this.dataset.href, '_blank' );return false;\" class=\"simplesocial-whatsapp-share\" data-href=\"https:\/\/web.whatsapp.com\/send?text=https:\/\/pamplonaactual.com\/enrique-maya-recibe-a-la-seccion-navarra-de-la-federacion-empresarial-de-asociaciones-de-agencias-de-viajes-espanolas\/\"><span class=\"simplesocialtxt\">WhatsApp<\/span><\/button>\n<\/p>\n<\/p><\/div>\n<p>\t<amp-ad type=\"invibes\" width=\"300\" height=\"1\" layout=\"responsive\" data-block-on=\"\" till_responded=\"\" data-html-access-allowed=\"\" data-custom-endpoint=\"https:\/\/k.r66net.com\/GetAmpLink\"> <\/amp-ad><\/p>\n<div id=\"text-201\" class=\"mh-widget mh-posts-2 widget_text\">\n<div class=\"textwidget\">\n<div class=\"a-single a-6\"><a rel=\"nofollow noopener\" target=\"_blank\" class=\"gofollow\" data-track=\"NiwwLDEsNjA=\" href=\"https:\/\/damashishas.es\/\"><img decoding=\"async\" src=\"https:\/\/pamplonaactual.com\/wp-content\/uploads\/2021\/04\/Damashisha300x600.jpg\"\/><\/a><\/div>\n<\/div><\/div>\n<div id=\"custom_html-40\" class=\"widget_text mh-widget mh-posts-2 widget_custom_html\">\n<div class=\"textwidget custom-html-widget\"><a rel=\"nofollow noopener\" target=\"_blank\" href=\"https:\/\/pamplonaactual.com\/suscribete-a-nuestro-canal-de-whatsapp\/\"><img decoding=\"async\" src=\"https:\/\/pamplonaactual.com\/wp-content\/uploads\/2018\/06\/Banner-600-x-100.png\"\/><\/a>\n<\/div>\n<\/div>\n<\/div>\n<p><script async src=\"\/\/platform.twitter.com\/widgets.js\" charset=\"utf-8\"><\/script><script>\n  !function(f,b,e,v,n,t,s)\n  {if(f.fbq)return;n=f.fbq=function(){n.callMethod?\n  n.callMethod.apply(n,arguments):n.queue.push(arguments)};\n  if(!f._fbq)f._fbq=n;n.push=n;n.loaded=!0;n.version='2.0';\n  n.queue=[];t=b.createElement(e);t.async=!0;\n  t.src=v;s=b.getElementsByTagName(e)[0];\n  s.parentNode.insertBefore(t,s)}(window, document,'script',\n  'https:\/\/connect.facebook.net\/en_US\/fbevents.js');\n  fbq('init', '2293613014289444');\n  fbq('track', 'PageView');\n<\/script><script>\n\t\t\t\t(function(d, s, id){\n\t\t\t\t\tvar js, fjs = d.getElementsByTagName(s)[0];\n\t\t\t\t\tif (d.getElementById(id)) return;\n\t\t\t\t\tjs = d.createElement(s); js.id = id;\n\t\t\t\t\tjs.src = \"https:\/\/connect.facebook.net\/es_ES\/sdk.js#xfbml=1&version=v2.9\";\n\t\t\t\t\tfjs.parentNode.insertBefore(js, fjs);\n\t\t\t\t}(document, 'script', 'facebook-jssdk'));\n\t\t\t<\/script><br \/>\n<br \/><\/p>\n<p><em> &#8221; Fuentes pamplonaactual.com &#8221; <\/em><\/p>\n","protected":false},"excerpt":{"rendered":"<p>Fb Twitter WhatsApp El sector tur\u00edstico, uno de los m\u00e1s afectados econ\u00f3micamente por la pandemia, est\u00e1 manteniendo contactos con distintas instituciones El alcalde de Pamplona, Enrique Maya, acompa\u00f1ada de la concejala delegada directora el \u00c1rea de Gobierno Estrat\u00e9gico, Comercio y Turismo, Ana Elizalde, se han reunido con representantes navarras de la Federaci\u00f3n Empresarial de Asociaciones [&hellip;]<\/p>\n","protected":false},"author":4,"featured_media":124934,"comment_status":"open","ping_status":"closed","sticky":false,"template":"","format":"standard","meta":{"om_disable_all_campaigns":false,"jnews-multi-image_gallery":[],"jnews_single_post":[],"jnews_primary_category":[],"jnews_social_meta":[],"footnotes":""},"categories":[40],"tags":[],"class_list":["post-124933","post","type-post","status-publish","format-standard","has-post-thumbnail","hentry","category-industria"],"_links":{"self":[{"href":"https:\/\/dimensionturistica.com\/es\/wp-json\/wp\/v2\/posts\/124933","targetHints":{"allow":["GET"]}}],"collection":[{"href":"https:\/\/dimensionturistica.com\/es\/wp-json\/wp\/v2\/posts"}],"about":[{"href":"https:\/\/dimensionturistica.com\/es\/wp-json\/wp\/v2\/types\/post"}],"author":[{"embeddable":true,"href":"https:\/\/dimensionturistica.com\/es\/wp-json\/wp\/v2\/users\/4"}],"replies":[{"embeddable":true,"href":"https:\/\/dimensionturistica.com\/es\/wp-json\/wp\/v2\/comments?post=124933"}],"version-history":[{"count":0,"href":"https:\/\/dimensionturistica.com\/es\/wp-json\/wp\/v2\/posts\/124933\/revisions"}],"wp:featuredmedia":[{"embeddable":true,"href":"https:\/\/dimensionturistica.com\/es\/wp-json\/wp\/v2\/media\/124934"}],"wp:attachment":[{"href":"https:\/\/dimensionturistica.com\/es\/wp-json\/wp\/v2\/media?parent=124933"}],"wp:term":[{"taxonomy":"category","embeddable":true,"href":"https:\/\/dimensionturistica.com\/es\/wp-json\/wp\/v2\/categories?post=124933"},{"taxonomy":"post_tag","embeddable":true,"href":"https:\/\/dimensionturistica.com\/es\/wp-json\/wp\/v2\/tags?post=124933"}],"curies":[{"name":"wp","href":"https:\/\/api.w.org\/{rel}","templated":true}]}}