{"id":124897,"date":"2021-05-11T09:14:58","date_gmt":"2021-05-11T09:14:58","guid":{"rendered":"https:\/\/dimensionturistica.com\/es\/?p=124897"},"modified":"2021-05-11T09:14:58","modified_gmt":"2021-05-11T09:14:58","slug":"armengol-vende-balears-en-alemania-como-el-destino-turistico-mas-seguro-del-mediterraneo","status":"publish","type":"post","link":"https:\/\/dimensionturistica.com\/es\/armengol-vende-balears-en-alemania-como-el-destino-turistico-mas-seguro-del-mediterraneo\/","title":{"rendered":"Armengol vende Balears en Alemania como el destino tur\u00edstico m\u00e1s seguro del Mediterr\u00e1neo"},"content":{"rendered":"<p> <br \/>\n<\/p>\n<div>\n<p data-gtm-element-container=\"modulo-texto-link\" class=\"paragraph\">Baleares quiere convertirse en el primer destino del Mediterr\u00e1neo que se abra de forma masiva a turismo alem\u00e1n y, con ese prop\u00f3sito la presidenta balear, Francina Armengol, y el conseller de Mannequin Econ\u00f2mic, Iago Negueruela, se re\u00fanen hoy en Berl\u00edn los principales touroperadores del pa\u00eds germano y con otros representantes del sector tur\u00edstico.<\/p>\n<p data-gtm-element-container=\"modulo-texto-link\" class=\"paragraph\">El Govern de Armengol pretende lanzar un mensaje de tranquilidad en los mercados emisores y convencer a los actores tur\u00edsticos de que el archipi\u00e9lago es el destino m\u00e1s seguro del Mediterr\u00e1neo. Armengol explicar\u00e1 a los touroperadores alemanes que su gobierno ha puesto en marcha una serie de medidas de seguridad en turismo, agrupadas en los que se ha llamado el &#8216;security pack&#8217;, que incluye la repatriaci\u00f3n gratuita en caso de que fuera necesario por causas sanitarias. Tambi\u00e9n se prev\u00e9 la habilitaci\u00f3n de hoteles puente donde se puedan alojar turistas contagiados.<\/p>\n<p><span class=\"content-ad-module  hidden-ad hidden-ad\"><\/p>\n<p><span class=\"content-ad visible-xs roba-container  hidden-ad\"><span class=\"ad-unit roba\"><\/p>\n<p>                <\/span><\/span><span class=\"content-ad visible-md irr-container  hidden-ad\"><span class=\"ad-unit irr\"><\/p>\n<p>                <\/span><\/span><span class=\"content-html\"><span class=\"intext-md hidden-xs hidden-md\"\/><\/span><\/span><span class=\"content-related content-border content-related-default \" data-gtm-element-container=\"modulo-noticias-relacionadas\"><\/p>\n<p>    <span class=\"module-details\"><br \/>\n        <span class=\"module-supra-title\"><\/p>\n<p>        <span>Lee tambi\u00e9n<\/span><\/span><\/p>\n<p>    <span class=\"module-author \">EFE (Palma)<\/span><\/span><\/p>\n<figure class=\"image-container\"><picture><source media=\"(min-width: 480px)\" data-srcset=\"https:\/\/www.lavanguardia.com\/files\/image_80_83\/files\/fp\/uploads\/2021\/03\/16\/605073ee6dab8.r_d.1877-1370.jpeg\"><img decoding=\"async\" data-full-src=\"https:\/\/www.lavanguardia.com\/uploads\/2021\/03\/16\/605073ee6dab8.jpeg\" alt=\"PALMA DE MALLORCA, 12\/03\/2021.- Llegada de vuelos procedentes de Alemania este viernes en el aeropuerto de Son San Joan de Mallorca. La presidenta de la Federaci\u00f3n Empresarial Hotelera de Mallorca (FEHM), Mar\u00eda Frontera, ha celebrado la decisi\u00f3n del Gobierno alem\u00e1n de que Baleares deje de ser zona de riesgo por coronavirus y ha abogado por que la reactivaci\u00f3n del turismo sea progresiva, \" src=\"https:\/\/www.lavanguardia.com\/files\/image_104_108\/files\/fp\/uploads\/2021\/03\/16\/605073ee6dab8.r_d.1877-1370.jpeg\" class=\"lazy\"\/><\/source><\/picture><\/figure>\n<p><\/span><\/p>\n<p data-gtm-element-container=\"modulo-texto-link\" class=\"paragraph\">El Govern de Armengol cree que la seguridad ser\u00e1 a partir de ahora el nuevo valor en alza del turismo mundial, por lo que han decidido explicar en personas las medidas que se han puesto en marcha en las islas y\u00a0 que se dar\u00e1n a conocer profusamente a partir de la pr\u00f3xima semana en la feria tur\u00edstica Fitur.\u00a0 Adem\u00e1s de las medidas de atenci\u00f3n sanitaria, el Govern podr\u00e1 en marcha una aplicaci\u00f3n m\u00f3vil,\u00a0SafeBeach, que controlar\u00e1 la ocupaci\u00f3n en las playa en tiempo actual.<\/p>\n<p data-gtm-element-container=\"modulo-texto-link\" class=\"paragraph\">El embajador de Espa\u00f1a en Alemania, Ricardo Mart\u00ednez, recibi\u00f3 ayer lunes a la presidenta y al conseller de Mannequin Econ\u00f2mic, que hoy tienen previsto reunirse con el presidente de la principal patronal de agencias de viajes germ\u00e1nica, la DRV, con responsables de touroperador\u00a0 TUI y con el director de la Oficina Espa\u00f1ola de Turismo (OET) de Berl\u00edn, Arturo Ortiz.<\/p>\n<p><span class=\"content-subtitle \"><\/p>\n<h2 class=\"subtitle\">M\u00e1s medidas<\/h2>\n<h3 class=\"subtitle\">Baleares dar\u00e1 bonos de 100 euros a los residentes para fomentar el turismo inside<\/h3>\n<p><\/span><span class=\"content-ad-module  hidden-ad\"><\/p>\n<p><span class=\"content-ad visible-xs irr-container  hidden-ad\"><span class=\"ad-unit irr\"><\/p>\n<p>                <\/span><\/span><span class=\"content-html\"><span class=\"intext-xs hidden-xs hidden-md\"\/><\/span><\/span><\/p>\n<p data-gtm-element-container=\"modulo-texto-link\" class=\"paragraph\">Adem\u00e1s del fomento del turismo alem\u00e1n, Baleares se ha propuesto relanzar el turismo inside en las islas, por lo que regalar\u00e1 bonos de 100 euros a los residentes que decidan contratar unas vacaciones en el archipi\u00e9lago. Los interesados deber\u00e1n contratar el paquete en alguna de las agencias de viaje conveniadas y tendr\u00e1n que\u00a0 pasar al menos dos noches en su destino. A cambio, recibir\u00e1n un descuento de 100 euros en el precio del paquete. El Govern balear ha destinado dos millones de euros a este plan.<\/p>\n<p><span class=\"content-ad-module  hidden-ad\"><\/p>\n<p><span class=\"content-ad visible-xs roba-container  hidden-ad\"><span class=\"ad-unit roba\"><\/p>\n<p>                <\/span><\/span><\/span>\n<\/div>\n<p><script type=\"script\/gg\">\ngg.didomi.doWhenConsent(!window.didomiBypass, 'c:facebooka-frU9M5JY', function () {\n!function(f,b,e,v,n,t,s)\n{if(f.fbq)return;n=f.fbq=function(){n.callMethod?\nn.callMethod.apply(n,arguments):n.queue.push(arguments)};\nif(!f._fbq)f._fbq=n;n.push=n;n.loaded=!0;n.version='2.0';\nn.queue=[];t=b.createElement(e);t.async=!0;\nt.src=v;s=b.getElementsByTagName(e)[0];\ns.parentNode.insertBefore(t,s)}(window, document,'script',\n'https:\/\/connect.facebook.net\/en_US\/fbevents.js');\nfbq('init', '161843274362284');\nfbq('track', 'PageView');\n});\n<\/script><br \/>\n<br \/><\/p>\n<p><em> &#8221; Fuentes www.lavanguardia.com &#8221; <\/em><\/p>\n","protected":false},"excerpt":{"rendered":"<p>Baleares quiere convertirse en el primer destino del Mediterr\u00e1neo que se abra de forma masiva a turismo alem\u00e1n y, con ese prop\u00f3sito la presidenta balear, Francina Armengol, y el conseller de Mannequin Econ\u00f2mic, Iago Negueruela, se re\u00fanen hoy en Berl\u00edn los principales touroperadores del pa\u00eds germano y con otros representantes del sector tur\u00edstico. El Govern [&hellip;]<\/p>\n","protected":false},"author":4,"featured_media":124898,"comment_status":"open","ping_status":"closed","sticky":false,"template":"","format":"standard","meta":{"om_disable_all_campaigns":false,"jnews-multi-image_gallery":[],"jnews_single_post":[],"jnews_primary_category":[],"jnews_social_meta":[],"footnotes":""},"categories":[40],"tags":[],"class_list":["post-124897","post","type-post","status-publish","format-standard","has-post-thumbnail","hentry","category-industria"],"_links":{"self":[{"href":"https:\/\/dimensionturistica.com\/es\/wp-json\/wp\/v2\/posts\/124897","targetHints":{"allow":["GET"]}}],"collection":[{"href":"https:\/\/dimensionturistica.com\/es\/wp-json\/wp\/v2\/posts"}],"about":[{"href":"https:\/\/dimensionturistica.com\/es\/wp-json\/wp\/v2\/types\/post"}],"author":[{"embeddable":true,"href":"https:\/\/dimensionturistica.com\/es\/wp-json\/wp\/v2\/users\/4"}],"replies":[{"embeddable":true,"href":"https:\/\/dimensionturistica.com\/es\/wp-json\/wp\/v2\/comments?post=124897"}],"version-history":[{"count":0,"href":"https:\/\/dimensionturistica.com\/es\/wp-json\/wp\/v2\/posts\/124897\/revisions"}],"wp:featuredmedia":[{"embeddable":true,"href":"https:\/\/dimensionturistica.com\/es\/wp-json\/wp\/v2\/media\/124898"}],"wp:attachment":[{"href":"https:\/\/dimensionturistica.com\/es\/wp-json\/wp\/v2\/media?parent=124897"}],"wp:term":[{"taxonomy":"category","embeddable":true,"href":"https:\/\/dimensionturistica.com\/es\/wp-json\/wp\/v2\/categories?post=124897"},{"taxonomy":"post_tag","embeddable":true,"href":"https:\/\/dimensionturistica.com\/es\/wp-json\/wp\/v2\/tags?post=124897"}],"curies":[{"name":"wp","href":"https:\/\/api.w.org\/{rel}","templated":true}]}}