{"id":124876,"date":"2021-05-11T08:09:55","date_gmt":"2021-05-11T08:09:55","guid":{"rendered":"https:\/\/dimensionturistica.com\/es\/?p=124876"},"modified":"2021-05-11T08:09:55","modified_gmt":"2021-05-11T08:09:55","slug":"desde-mendoza-funcionarios-y-empresarios-de-turismo-destacan-la-necesidad-de-aporte-estatal","status":"publish","type":"post","link":"https:\/\/dimensionturistica.com\/es\/desde-mendoza-funcionarios-y-empresarios-de-turismo-destacan-la-necesidad-de-aporte-estatal\/","title":{"rendered":"Desde Mendoza, funcionarios y empresarios de turismo destacan la necesidad de aporte estatal"},"content":{"rendered":"<p> <br \/>\n<\/p>\n<div>\n<p>Funcionarios del \u00e1rea de Turismo de Mendoza y empresarios coincidieron en definir como &#8220;necesario&#8221; el apoyo del Estado para el sector ante la perspectiva de una nueva temporada invernal con cierre de fronteras debido a la pandemia de coronavirus.<\/p>\n<p>As\u00ed lo expresaron tras una reuni\u00f3n que mantuvieron para iniciar el armado de una estrategia de cara a las pr\u00f3ximas vacaciones de invierno, en el marco de la pandemia de coronavirus y ante la continuidad de las medidas restrictivas para mitigar la propagaci\u00f3n de la enfermedad.<\/p>\n<p>En ese contexto, la ministra de Cultura y Turismo de Mendoza, Mariana Juri, destac\u00f3 se trata de &#8220;la \u00fanica provincia que tiene todos sus hoteles 5 estrellas abiertos y donde el turismo interno est\u00e1 habilitado desde hace casi un a\u00f1o (desde el 15 de junio) sin interrupciones&#8221;.<\/p>\n<p>Adem\u00e1s, indic\u00f3 que apoyos estatales como el a\u00f1o pasado fue la Asistencia de Emergencia al Trabajo y la Producci\u00f3n (ATP), constituyen herramientas &#8220;necesariasn ante el cierre de fronteras y la situaci\u00f3n macroecon\u00f3mica, que impacta en la baja de ventas y demanda, y que deriva en cierres y la consecuente p\u00e9rdida de puestos de trabajo en el sector&#8221;.<\/p>\n<p>Seg\u00fan se inform\u00f3 a trav\u00e9s de un comunicado, en el marco del encuentro, Diego Stortini, representante de la C\u00e1mara de Comercio y Turismo de Tunuy\u00e1n, indic\u00f3 que &#8220;el \u00e9xito de las medidas permitir\u00e1 enfocarnos en mantener la calidad del destino Mendoza en vistas a la pospandemia&#8221;.<\/p>\n<p>&#8220;Ha sido una oportuna reuni\u00f3n entre los referentes del sector privado y los ministros provinciales. Consideramos que la pol\u00edtica de aperturas estrat\u00e9gicas, sumada a las iniciativas de apoyo impulsadas desde el Gobierno provincial, permitir\u00e1 mejorar el flujo de caja principalmente de las pymes&#8221;, precisaron desde el sector.<\/p>\n<p>Por parte de las c\u00e1maras sectoriales, estuvieron presentes en la reuni\u00f3n Carolina Montivero, por la Uni\u00f3n de Trabajadores Hoteleros y Gastron\u00f3micos (Uthgra); Edmundo Day, por la Asociaci\u00f3n de Empresarios Hoteleros y Gastron\u00f3micos (Aehga); Mauricio Badaloni, por la Uni\u00f3n Industrial de Mendoza; Pablo Garc\u00eda, por la Asociaci\u00f3n Mendocina de Agentes de Viajes, y Diego Stortini, por la C\u00e1mara de Comercio y Turismo de Tunuy\u00e1n.<\/p>\n<p>(T\u00e9lam)<\/p>\n<\/div>\n\n<p><em> &#8221; Fuentes www.grupolaprovincia.com &#8221; <\/em><\/p>\n","protected":false},"excerpt":{"rendered":"<p>Funcionarios del \u00e1rea de Turismo de Mendoza y empresarios coincidieron en definir como &#8220;necesario&#8221; el apoyo del Estado para el sector ante la perspectiva de una nueva temporada invernal con cierre de fronteras debido a la pandemia de coronavirus. As\u00ed lo expresaron tras una reuni\u00f3n que mantuvieron para iniciar el armado de una estrategia de [&hellip;]<\/p>\n","protected":false},"author":4,"featured_media":0,"comment_status":"open","ping_status":"closed","sticky":false,"template":"","format":"standard","meta":{"om_disable_all_campaigns":false,"jnews-multi-image_gallery":[],"jnews_single_post":[],"jnews_primary_category":[],"jnews_social_meta":[],"footnotes":""},"categories":[40],"tags":[],"class_list":["post-124876","post","type-post","status-publish","format-standard","hentry","category-industria"],"_links":{"self":[{"href":"https:\/\/dimensionturistica.com\/es\/wp-json\/wp\/v2\/posts\/124876","targetHints":{"allow":["GET"]}}],"collection":[{"href":"https:\/\/dimensionturistica.com\/es\/wp-json\/wp\/v2\/posts"}],"about":[{"href":"https:\/\/dimensionturistica.com\/es\/wp-json\/wp\/v2\/types\/post"}],"author":[{"embeddable":true,"href":"https:\/\/dimensionturistica.com\/es\/wp-json\/wp\/v2\/users\/4"}],"replies":[{"embeddable":true,"href":"https:\/\/dimensionturistica.com\/es\/wp-json\/wp\/v2\/comments?post=124876"}],"version-history":[{"count":0,"href":"https:\/\/dimensionturistica.com\/es\/wp-json\/wp\/v2\/posts\/124876\/revisions"}],"wp:attachment":[{"href":"https:\/\/dimensionturistica.com\/es\/wp-json\/wp\/v2\/media?parent=124876"}],"wp:term":[{"taxonomy":"category","embeddable":true,"href":"https:\/\/dimensionturistica.com\/es\/wp-json\/wp\/v2\/categories?post=124876"},{"taxonomy":"post_tag","embeddable":true,"href":"https:\/\/dimensionturistica.com\/es\/wp-json\/wp\/v2\/tags?post=124876"}],"curies":[{"name":"wp","href":"https:\/\/api.w.org\/{rel}","templated":true}]}}