{"id":124867,"date":"2021-05-11T07:53:46","date_gmt":"2021-05-11T07:53:46","guid":{"rendered":"https:\/\/dimensionturistica.com\/es\/?p=124867"},"modified":"2021-05-11T07:53:46","modified_gmt":"2021-05-11T07:53:46","slug":"los-funcionarios-que-participaron-en-desvios-deberan-sujetarse-a-la-ley-polo-barcenas","status":"publish","type":"post","link":"https:\/\/dimensionturistica.com\/es\/los-funcionarios-que-participaron-en-desvios-deberan-sujetarse-a-la-ley-polo-barcenas\/","title":{"rendered":"\u201cLos funcionarios que participaron en desv\u00edos deber\u00e1n sujetarse a la ley\u201d: Polo B\u00e1rcenas"},"content":{"rendered":"<p> <br \/>\n<\/p>\n<div>\n<p>Por Tina Hern\u00e1ndez\u00a0<\/p>\n<p>Noticias\u00a0<\/p>\n<p>Respecto a las investigaciones en el municipio de Col\u00f3n a funcionarios p\u00fablicos, el abanderado de la candidatura com\u00fan del PAN y Quer\u00e9taro Independiente (QI), Polo B\u00e1rcenas, lament\u00f3 las acusaciones de presuntos desv\u00edos de recursos en el municipio, pues manifest\u00f3 que los colonenses son personas trabajadoras que requieren de un gobierno que los impulse en la b\u00fasqueda de mayores oportunidades.\u00a0<\/p>\n<p><!-- Composite Start --><\/p>\n<p><!-- Composite End --><\/p>\n<p>De ganar la elecci\u00f3n del 06 de junio, Polo B\u00e1rcenas comparti\u00f3 que los funcionarios salientes deber\u00e1n afrontar sus responsabilidades con las autoridades correspondientes; adem\u00e1s comparti\u00f3 que en su equipo de campa\u00f1a uno de los requisitos es que quien quiera sumarse deber\u00e1 estar libre de alg\u00fan procedimiento ante las autoridades p\u00fablicas de fiscalizaci\u00f3n.<\/p>\n<p>\u201cLa realidad es que nosotros estamos muy convencidos de que se est\u00e1 actuando en un tema de leyes y en estos modelos de la desmarcada, al unirse el PAN en este proyecto lo que nosotros tambi\u00e9n les dijimos es que cualquier funcionario p\u00fablico que hoy tenga se\u00f1alamientos de las entidades de fiscalizaci\u00f3n, de la auditoria superior o de la contralor\u00eda municipal, pues van a tener que sujetos a las reglas, y no solo ellos, sino todos debemos sujetarnos\u201d.<\/p>\n<p>Respecto a su colaboraci\u00f3n en la administraci\u00f3n de alcalde Alejandro Ochoa Valencia, como secretario de Desarrollo Econ\u00f3mico, Polo B\u00e1rcenas asever\u00f3 que solo participo ocho meses, y despu\u00e9s de ello se desmarc\u00f3 de la administraci\u00f3n municipal debido a que no concordaba con la forma de trabajar en el gobierno colonense.\u00a0<\/p>\n<p>Polo B\u00e1rcenas asever\u00f3 que de llegar al gobierno se termin\u00f3 la administraci\u00f3n de esc\u00e1ndalos, y comenzar\u00e1 un gobierno de trabajo y de cercan\u00eda con la ciudadan\u00eda, con el fin de detonar Col\u00f3n ofrecer mejores alternativas de movilidad, educaci\u00f3n salud, deporte, cultura y educaci\u00f3n.\u00a0<\/p>\n<p>\u201cM\u00e1s all\u00e1 del tema pasional de las campa\u00f1as, desde hace m\u00e1s de un a\u00f1o vimos como el PAN desconoce a Alejandro, todav\u00eda en funciones, pues el partido yo creo que vio todos los elementos me esarios para decir que rompi\u00f3 con toda la doctrina de ese partido, de hecho no desconocen que haya llegado v\u00eda candidatura ciudadana, pero s\u00ed al decir que el dej\u00f3 de ser alcalde del PAN por desv\u00edos que empezaron a detectar los \u00f3rganos de fiscalizaci\u00f3n\u201d.<\/p>\n<p><strong>\u00a0<\/strong><\/p>\n<\/div>\n<p><script>(function(d, s, id) {\n  var js, fjs = d.getElementsByTagName(s)[0];\n  if (d.getElementById(id)) return;\n  js = d.createElement(s); js.id = id;\n  js.src = \"https:\/\/connect.facebook.net\/es_LA\/sdk.js#xfbml=1&appId=546007945598485&version=v2.3\";\n  fjs.parentNode.insertBefore(js, fjs);\n}(document, 'script', 'facebook-jssdk'));<\/script><br \/>\n<br \/><\/p>\n<p><em> &#8221; Fuentes noticiasdequeretaro.com.mx &#8221; <\/em><\/p>\n","protected":false},"excerpt":{"rendered":"<p>Por Tina Hern\u00e1ndez\u00a0 Noticias\u00a0 Respecto a las investigaciones en el municipio de Col\u00f3n a funcionarios p\u00fablicos, el abanderado de la candidatura com\u00fan del PAN y Quer\u00e9taro Independiente (QI), Polo B\u00e1rcenas, lament\u00f3 las acusaciones de presuntos desv\u00edos de recursos en el municipio, pues manifest\u00f3 que los colonenses son personas trabajadoras que requieren de un gobierno que [&hellip;]<\/p>\n","protected":false},"author":4,"featured_media":124868,"comment_status":"open","ping_status":"closed","sticky":false,"template":"","format":"standard","meta":{"om_disable_all_campaigns":false,"jnews-multi-image_gallery":[],"jnews_single_post":[],"jnews_primary_category":[],"jnews_social_meta":[],"footnotes":""},"categories":[40],"tags":[],"class_list":["post-124867","post","type-post","status-publish","format-standard","has-post-thumbnail","hentry","category-industria"],"_links":{"self":[{"href":"https:\/\/dimensionturistica.com\/es\/wp-json\/wp\/v2\/posts\/124867","targetHints":{"allow":["GET"]}}],"collection":[{"href":"https:\/\/dimensionturistica.com\/es\/wp-json\/wp\/v2\/posts"}],"about":[{"href":"https:\/\/dimensionturistica.com\/es\/wp-json\/wp\/v2\/types\/post"}],"author":[{"embeddable":true,"href":"https:\/\/dimensionturistica.com\/es\/wp-json\/wp\/v2\/users\/4"}],"replies":[{"embeddable":true,"href":"https:\/\/dimensionturistica.com\/es\/wp-json\/wp\/v2\/comments?post=124867"}],"version-history":[{"count":0,"href":"https:\/\/dimensionturistica.com\/es\/wp-json\/wp\/v2\/posts\/124867\/revisions"}],"wp:featuredmedia":[{"embeddable":true,"href":"https:\/\/dimensionturistica.com\/es\/wp-json\/wp\/v2\/media\/124868"}],"wp:attachment":[{"href":"https:\/\/dimensionturistica.com\/es\/wp-json\/wp\/v2\/media?parent=124867"}],"wp:term":[{"taxonomy":"category","embeddable":true,"href":"https:\/\/dimensionturistica.com\/es\/wp-json\/wp\/v2\/categories?post=124867"},{"taxonomy":"post_tag","embeddable":true,"href":"https:\/\/dimensionturistica.com\/es\/wp-json\/wp\/v2\/tags?post=124867"}],"curies":[{"name":"wp","href":"https:\/\/api.w.org\/{rel}","templated":true}]}}