{"id":124786,"date":"2021-05-11T03:16:02","date_gmt":"2021-05-11T03:16:02","guid":{"rendered":"https:\/\/dimensionturistica.com\/es\/?p=124786"},"modified":"2021-05-11T03:16:02","modified_gmt":"2021-05-11T03:16:02","slug":"mincit-fortalece-la-responsabilidad-y-calidad-turistica-de-colombia","status":"publish","type":"post","link":"https:\/\/dimensionturistica.com\/es\/mincit-fortalece-la-responsabilidad-y-calidad-turistica-de-colombia\/","title":{"rendered":"Mincit fortalece la responsabilidad y calidad tur\u00edstica de Colombia"},"content":{"rendered":"<p> <br \/>\n<\/p>\n<div id=\"post-153683\">\n<p class=\"antetitulo\" style=\"margin-top: 10px;\">PARA GENERAR IMPACTO POSITIVO EN LOS DESTINOS<\/p>\n<hr style=\"margin: 10px 0 3px\" \/>\n<p class=\"autor\" style=\"font-size: 12px; margin: 10px 0;\">R. R. | Bogot\u00e1 | 10 de  mayo de 2021 &#13;<br \/>\n\t <a rel=\"nofollow noopener\" target=\"_blank\" href=\"https:\/\/www.reportur.com\/colombia\/2021\/05\/10\/mincit-fortalece-la-responsabilidad-calidad-turistica-colombia\/#respond\" style=\"float:right; text-decoration: none; color:#000000\">&#13;<br \/>\n    <img decoding=\"async\" src=\"https:\/\/www.reportur.com\/wp-content\/themes\/reportur\/images\/comment.png\" align=\"absmiddle\" style=\"margin-right: 0;\" \/> Deja un comentario\t\t<\/a>&#13;\n\t\t<\/p>\n<hr style=\"margin: 3px 0 10px\" \/>\n<p class=\"relacionadosSingle\"><b>TEMAS RELACIONADOS: <a rel=\"nofollow noopener\" target=\"_blank\" href=\"https:\/\/www.reportur.com\/tag\/ex-ministro-de-comercio-industria-y-turismo\/\">ex ministro de Comercio Industria y Turismo<\/a>, <a rel=\"nofollow noopener\" target=\"_blank\" href=\"https:\/\/www.reportur.com\/tag\/jose-manuel-restrepo\/\">Jos\u00e9 Manuel Restrepo<\/a>, <a rel=\"nofollow noopener\" target=\"_blank\" href=\"https:\/\/www.reportur.com\/tag\/ministerio-de-comercio-industria-y-turismo\/\">Ministerio de Comercio Industria y Turismo<\/a><\/b><\/p>\n<hr style=\"margin-bottom: 15px;\" \/>\n<div class=\"post\">\n<p><img decoding=\"async\" class=\"aligncenter size-full wp-image-113279\" src=\"https:\/\/www.reportur.com\/wp-content\/uploads\/2019\/05\/encuentro-nacional-de-lideres-de-autoridades-de-turismo.jpg\" alt=\"\" width=\"640\" height=\"366\" srcset=\"https:\/\/www.reportur.com\/wp-content\/uploads\/2019\/05\/encuentro-nacional-de-lideres-de-autoridades-de-turismo.jpg 640w, https:\/\/www.reportur.com\/wp-content\/uploads\/2019\/05\/encuentro-nacional-de-lideres-de-autoridades-de-turismo-550x315.jpg 550w\" sizes=\"(max-width: 640px) 100vw, 640px\" \/><\/p>\n<p>Con el programa de Turismo Responsable, en el marco de la estrategia de la campa\u00f1a Colombia Limpia, el Ministerio de Comercio, Industria Turismo, busca el fortalecimiento de la responsabilidad y calidad de la industria tur\u00edstica en el pa\u00eds.<\/p>\n<p>As\u00ed mismo, con el Turismo Responsable se busca, que cada visitante impacte de la mejor forma los destinos. Este programa se enfoca en turistas, comunidades y autoridades para que sean conscientes de que el desplazamiento a otro lugar puede generar un impacto positivo o negativo en el destino. Por todo esto, el objetivo de Colombia Limpia es dejar huella positiva en cada territorio.<\/p>\n<p>Para lograr esto, Mincit llevar\u00e1 a cabo capacitaciones virtuales durante mayo y junio, sobre el \u201cComercio justo y negocios inclusivos en el sector turismo\u201d para las regiones:\u00a0Andina, Pac\u00edfica, Caribe, Orinoqu\u00eda y Amazon\u00eda.\u00a0 Colombia Limpia es una de las estrategias del programa de Turismo Responsable del Ministerio de Comercio, Industria y Turismo, que abre camino a la sostenibilidad en los territorios, a la pr\u00e1ctica responsable del turismo y que, finalmente, da como resultado el desarrollo de las comunidades y su entorno.<\/p>\n<p>Como lo inform\u00f3 <em>REPORTUR.co<\/em>, como parte de la reactivaci\u00f3n del turismo en Colombia, el Ministerio de Comercio, Industria y Turismo, lanz\u00f3 a finales de 2020 la primera \u2018Pol\u00edtica de Turismo Sostenible: Unidos por la Naturaleza\u2019, la cual reconoce la importancia del turismo como parte de la conservaci\u00f3n de la biodiversidad, paisajes, ecosistemas y recursos naturales de Colombia, explic\u00f3 en su momento el entonces ministro de Comercio, Industria y Turismo, Jos\u00e9 Manuel Restrepo.<a rel=\"nofollow noopener\" target=\"_blank\" href=\"https:\/\/www.reportur.com\/colombia\/2020\/12\/22\/mincit-lanza-primera-politica-turismo-sostenible-colombia\/\"> (Gobierno lanza primera pol\u00edtica de turismo sostenible de Colombia).<\/a><\/p>\n<p><!-- AddThis Advanced Settings above via filter on the_content --><!-- AddThis Advanced Settings below via filter on the_content --><!-- AddThis Advanced Settings generic via filter on the_content --><!-- AddThis Share Buttons above via filter on the_content --><!-- AddThis Share Buttons below via filter on the_content --><!-- AddThis Share Buttons generic via filter on the_content --><\/div>\n<hr class=\"noCss\" \/><\/div>\n\n<p><em> &#8221; Fuentes www.reportur.com &#8221; <\/em><\/p>\n","protected":false},"excerpt":{"rendered":"<p>PARA GENERAR IMPACTO POSITIVO EN LOS DESTINOS R. R. | Bogot\u00e1 | 10 de mayo de 2021 &#13; &#13; Deja un comentario &#13; TEMAS RELACIONADOS: ex ministro de Comercio Industria y Turismo, Jos\u00e9 Manuel Restrepo, Ministerio de Comercio Industria y Turismo Con el programa de Turismo Responsable, en el marco de la estrategia de la [&hellip;]<\/p>\n","protected":false},"author":4,"featured_media":0,"comment_status":"open","ping_status":"closed","sticky":false,"template":"","format":"standard","meta":{"om_disable_all_campaigns":false,"jnews-multi-image_gallery":[],"jnews_single_post":[],"jnews_primary_category":[],"jnews_social_meta":[],"footnotes":""},"categories":[40],"tags":[],"class_list":["post-124786","post","type-post","status-publish","format-standard","hentry","category-industria"],"_links":{"self":[{"href":"https:\/\/dimensionturistica.com\/es\/wp-json\/wp\/v2\/posts\/124786","targetHints":{"allow":["GET"]}}],"collection":[{"href":"https:\/\/dimensionturistica.com\/es\/wp-json\/wp\/v2\/posts"}],"about":[{"href":"https:\/\/dimensionturistica.com\/es\/wp-json\/wp\/v2\/types\/post"}],"author":[{"embeddable":true,"href":"https:\/\/dimensionturistica.com\/es\/wp-json\/wp\/v2\/users\/4"}],"replies":[{"embeddable":true,"href":"https:\/\/dimensionturistica.com\/es\/wp-json\/wp\/v2\/comments?post=124786"}],"version-history":[{"count":0,"href":"https:\/\/dimensionturistica.com\/es\/wp-json\/wp\/v2\/posts\/124786\/revisions"}],"wp:attachment":[{"href":"https:\/\/dimensionturistica.com\/es\/wp-json\/wp\/v2\/media?parent=124786"}],"wp:term":[{"taxonomy":"category","embeddable":true,"href":"https:\/\/dimensionturistica.com\/es\/wp-json\/wp\/v2\/categories?post=124786"},{"taxonomy":"post_tag","embeddable":true,"href":"https:\/\/dimensionturistica.com\/es\/wp-json\/wp\/v2\/tags?post=124786"}],"curies":[{"name":"wp","href":"https:\/\/api.w.org\/{rel}","templated":true}]}}