{"id":124656,"date":"2021-05-10T21:46:06","date_gmt":"2021-05-10T21:46:06","guid":{"rendered":"https:\/\/dimensionturistica.com\/es\/?p=124656"},"modified":"2021-05-10T21:46:06","modified_gmt":"2021-05-10T21:46:06","slug":"imserso-mundosenior-en-el-punto-de-mira-por-su-estrategia-noticias-de-agencias-de-viajes-rss1","status":"publish","type":"post","link":"https:\/\/dimensionturistica.com\/es\/imserso-mundosenior-en-el-punto-de-mira-por-su-estrategia-noticias-de-agencias-de-viajes-rss1\/","title":{"rendered":"Imserso: Mundosenior, en el punto de mira por su estrategia | Noticias de Agencias de viajes, rss1"},"content":{"rendered":"<p> <br \/>\n<\/p>\n<div>\n<p><a rel=\"nofollow noopener\" target=\"_blank\" href=\"https:\/\/www.preferente.com\/wp-content\/uploads\/2021\/05\/mundosenior.jpg\"><img decoding=\"async\" class=\"aligncenter wp-image-309060 size-full\" src=\"https:\/\/www.preferente.com\/wp-content\/uploads\/2021\/05\/mundosenior.jpg\" alt=\"\" width=\"600\" height=\"335\" srcset=\"https:\/\/www.preferente.com\/wp-content\/uploads\/2021\/05\/mundosenior.jpg 600w, https:\/\/www.preferente.com\/wp-content\/uploads\/2021\/05\/mundosenior-300x168.jpg 300w, https:\/\/www.preferente.com\/wp-content\/uploads\/2021\/05\/mundosenior-358x200.jpg 358w, https:\/\/www.preferente.com\/wp-content\/uploads\/2021\/05\/mundosenior-269x150.jpg 269w, https:\/\/www.preferente.com\/wp-content\/uploads\/2021\/05\/mundosenior-134x75.jpg 134w, https:\/\/www.preferente.com\/wp-content\/uploads\/2021\/05\/mundosenior-107x60.jpg 107w, https:\/\/www.preferente.com\/wp-content\/uploads\/2021\/05\/mundosenior-251x140.jpg 251w, https:\/\/www.preferente.com\/wp-content\/uploads\/2021\/05\/mundosenior-57x32.jpg 57w, https:\/\/www.preferente.com\/wp-content\/uploads\/2021\/05\/mundosenior-582x325.jpg 582w, https:\/\/www.preferente.com\/wp-content\/uploads\/2021\/05\/mundosenior-174x97.jpg 174w, https:\/\/www.preferente.com\/wp-content\/uploads\/2021\/05\/mundosenior-270x151.jpg 270w\" sizes=\"(max-width: 600px) 100vw, 600px\"\/><\/a><\/p>\n<p>La pol\u00e9mica est\u00e1 servida. Como adelant\u00f3 en exclusiva <em>preferente.com<\/em>, \u00c1voris Corporaci\u00f3n Empresarial se ha adelantado al programa de turismo del Imserso, cuyos pliegos a\u00fan no han sido publicados, con una oferta de viajes paralela que est\u00e1 generando gran confusi\u00f3n tanto entre los mayores como incluso entre los propios agentes de viajes (<a rel=\"nofollow noopener\" target=\"_blank\" href=\"https:\/\/www.preferente.com\/noticias-de-agencias-de-viajes\/mundosenior-lanza-su-propio-imserso-con-precios-rompedores-309123.html\">Mundosenior lanza su Imserso con precios rompedores<\/a>).<\/p>\n<p>El principal motivo es que el grupo ha recuperado la marca Mundosenior, que hasta finales de 2019 fue utilizada, durante d\u00e9cadas, para la gesti\u00f3n del programa oficial del Imserso. Y no solo eso. Seg\u00fan denuncian la Asociaci\u00f3n de Operadores Tur\u00edsticos y Agencias de Viajes de Asturias (OTAVA) y profesionales del sector que se han puesto en contacto con este digital, supuestamente utilizando la base de datos del Imserso para ponerse en contacto con los pensionistas, a los que est\u00e1 enviando SMS y correos electr\u00f3nicos (<a rel=\"nofollow noopener\" target=\"_blank\" href=\"https:\/\/www.preferente.com\/rss1\/imserso-avoris-recupera-la-marca-mundosenior-309059.html\">Imserso: \u00c1voris recupera la marca Mundosenior<\/a>).<\/p>\n<p>\u201cEntendemos que el uso de la imagen y formas gr\u00e1ficas del programa de viajes del Imserso, utilizadas previamente por Mundosenior, el anterior concesionario, puede llevar a enga\u00f1o\u201d y \u201cgenerar gran confusi\u00f3n\u201d a los beneficiarios del programa oficial, denuncia la organizaci\u00f3n empresarial. Por este motivo, ha emitido un comunicado en el que muestra su oposici\u00f3n a estas pr\u00e1cticas y alerta a los usuarios \u201cde que estos viajes anunciados no son promovidos, patrocinados ni subvencionados por el Imserso\u201d.<\/p>\n<p>M\u00e1s all\u00e1 de la posible utilizaci\u00f3n de la base de datos, hay otros aspectos que podr\u00edan confundir a los clientes. Por ejemplo, el programa lanzado por Mundosenior se denomina \u201cTurismo Social\u201d, el mismo nombre que tiene la empresa (tambi\u00e9n propiedad de \u00c1voris Corporaci\u00f3n Empresarial) que ha gestionado dos de los tres lotes del Imserso durante los dos \u00faltimos a\u00f1os. Asimismo, en los comunicados emitidos, Mundosenior insiste en que \u201cno es necesario acreditaci\u00f3n\u201d, sin especificar que no tienen vinculaci\u00f3n alguna con el Imserso (<a rel=\"nofollow noopener\" target=\"_blank\" href=\"https:\/\/www.preferente.com\/noticias-de-agencias-de-viajes\/mundosenior-se-adelanta-al-programa-oficial-del-imserso-309061.html\">Mundosenior se adelanta al programa oficial del Imserso<\/a>).<\/p>\n<p><!-- AddThis Advanced Settings above via filter on the_content --><!-- AddThis Advanced Settings below via filter on the_content --><!-- AddThis Advanced Settings generic via filter on the_content --><!-- AddThis Share Buttons above via filter on the_content --><!-- AddThis Share Buttons below via filter on the_content --><!-- AddThis Share Buttons generic via filter on the_content -->\t\t\t<\/div>\n\n<p><em> &#8221; Fuentes www.preferente.com &#8221; <\/em><\/p>\n","protected":false},"excerpt":{"rendered":"<p>La pol\u00e9mica est\u00e1 servida. Como adelant\u00f3 en exclusiva preferente.com, \u00c1voris Corporaci\u00f3n Empresarial se ha adelantado al programa de turismo del Imserso, cuyos pliegos a\u00fan no han sido publicados, con una oferta de viajes paralela que est\u00e1 generando gran confusi\u00f3n tanto entre los mayores como incluso entre los propios agentes de viajes (Mundosenior lanza su Imserso [&hellip;]<\/p>\n","protected":false},"author":4,"featured_media":121244,"comment_status":"open","ping_status":"closed","sticky":false,"template":"","format":"standard","meta":{"om_disable_all_campaigns":false,"jnews-multi-image_gallery":[],"jnews_single_post":[],"jnews_primary_category":[],"jnews_social_meta":[],"footnotes":""},"categories":[40],"tags":[],"class_list":["post-124656","post","type-post","status-publish","format-standard","has-post-thumbnail","hentry","category-industria"],"_links":{"self":[{"href":"https:\/\/dimensionturistica.com\/es\/wp-json\/wp\/v2\/posts\/124656","targetHints":{"allow":["GET"]}}],"collection":[{"href":"https:\/\/dimensionturistica.com\/es\/wp-json\/wp\/v2\/posts"}],"about":[{"href":"https:\/\/dimensionturistica.com\/es\/wp-json\/wp\/v2\/types\/post"}],"author":[{"embeddable":true,"href":"https:\/\/dimensionturistica.com\/es\/wp-json\/wp\/v2\/users\/4"}],"replies":[{"embeddable":true,"href":"https:\/\/dimensionturistica.com\/es\/wp-json\/wp\/v2\/comments?post=124656"}],"version-history":[{"count":0,"href":"https:\/\/dimensionturistica.com\/es\/wp-json\/wp\/v2\/posts\/124656\/revisions"}],"wp:featuredmedia":[{"embeddable":true,"href":"https:\/\/dimensionturistica.com\/es\/wp-json\/wp\/v2\/media\/121244"}],"wp:attachment":[{"href":"https:\/\/dimensionturistica.com\/es\/wp-json\/wp\/v2\/media?parent=124656"}],"wp:term":[{"taxonomy":"category","embeddable":true,"href":"https:\/\/dimensionturistica.com\/es\/wp-json\/wp\/v2\/categories?post=124656"},{"taxonomy":"post_tag","embeddable":true,"href":"https:\/\/dimensionturistica.com\/es\/wp-json\/wp\/v2\/tags?post=124656"}],"curies":[{"name":"wp","href":"https:\/\/api.w.org\/{rel}","templated":true}]}}