{"id":124621,"date":"2021-05-10T20:15:49","date_gmt":"2021-05-10T20:15:49","guid":{"rendered":"https:\/\/dimensionturistica.com\/es\/?p=124621"},"modified":"2021-05-10T20:15:50","modified_gmt":"2021-05-10T20:15:50","slug":"dit-gestion-convoca-la-primera-convencion-multitudinaria-de-agencias-noticias-de-agencias-de-viajes","status":"publish","type":"post","link":"https:\/\/dimensionturistica.com\/es\/dit-gestion-convoca-la-primera-convencion-multitudinaria-de-agencias-noticias-de-agencias-de-viajes\/","title":{"rendered":"Dit Gesti\u00f3n convoca la primera convenci\u00f3n multitudinaria de agencias | Noticias de Agencias de viajes"},"content":{"rendered":"<p> <br \/>\n<\/p>\n<div>\n<p><a rel=\"nofollow noopener\" target=\"_blank\" href=\"https:\/\/www.preferente.com\/wp-content\/uploads\/2021\/05\/dit-gestion.jpg\"><img decoding=\"async\" class=\"aligncenter wp-image-309221 size-full\" src=\"https:\/\/www.preferente.com\/wp-content\/uploads\/2021\/05\/dit-gestion.jpg\" alt=\"\" width=\"600\" height=\"341\" srcset=\"https:\/\/www.preferente.com\/wp-content\/uploads\/2021\/05\/dit-gestion.jpg 600w, https:\/\/www.preferente.com\/wp-content\/uploads\/2021\/05\/dit-gestion-300x171.jpg 300w, https:\/\/www.preferente.com\/wp-content\/uploads\/2021\/05\/dit-gestion-352x200.jpg 352w, https:\/\/www.preferente.com\/wp-content\/uploads\/2021\/05\/dit-gestion-264x150.jpg 264w, https:\/\/www.preferente.com\/wp-content\/uploads\/2021\/05\/dit-gestion-132x75.jpg 132w, https:\/\/www.preferente.com\/wp-content\/uploads\/2021\/05\/dit-gestion-106x60.jpg 106w, https:\/\/www.preferente.com\/wp-content\/uploads\/2021\/05\/dit-gestion-246x140.jpg 246w, https:\/\/www.preferente.com\/wp-content\/uploads\/2021\/05\/dit-gestion-56x32.jpg 56w, https:\/\/www.preferente.com\/wp-content\/uploads\/2021\/05\/dit-gestion-572x325.jpg 572w, https:\/\/www.preferente.com\/wp-content\/uploads\/2021\/05\/dit-gestion-174x99.jpg 174w, https:\/\/www.preferente.com\/wp-content\/uploads\/2021\/05\/dit-gestion-270x153.jpg 270w\" sizes=\"(max-width: 600px) 100vw, 600px\"\/><\/a><\/p>\n<p>Dit Gesti\u00f3n se atreve con la organizaci\u00f3n de la que ser\u00e1 la primera gran convenci\u00f3n de agencias desde el estallido de la disaster sanitaria. El evento, que congregar\u00e1 a entre 800 y 1.000 profesionales, tendr\u00e1 lugar en Punta Umbr\u00eda (Huelva) del 11 al 14 de noviembre del presente a\u00f1o.<\/p>\n<p>\u201cDespu\u00e9s de m\u00e1s de un a\u00f1o sufriendo, creemos que es el momento de dar un gran empuje a nuestro sector, y que mejor manera de hacerlo que plantear a los agentes y al p\u00fablico en general que apostamos por una gran convenci\u00f3n\u201d, subraya su presidente, Jon Arriaga, quien incide en que \u201csomos el \u00fanico grupo capaz de aglutinar tal n\u00famero de agencias\u201d. \u201cLa experiencia de a\u00f1os anteriores nos invita a este optimismo y para poder ubicar a tanto profesional hemos contratado el Barcel\u00f3 Punta Umbr\u00eda\u201d, revela.<\/p>\n<p>El evento albergar\u00e1 unas jornadas t\u00e9cnicas y un gran workshop con la participaci\u00f3n de una cifra aproximada de 130 proveedores. Seg\u00fan avanza Arriaga, \u201cuno de los puntos m\u00e1s importantes de la misma va a ser a presentaci\u00f3n de los turoperadores y proveedores en la era poscoronavirus\u201d.<\/p>\n<p>\u201cEntendemos que despu\u00e9s de tanto tiempo sin contacto, las agencias est\u00e1n \u00e1vidas de informaci\u00f3n. Por ello lo enfocamos como nuestro peque\u00f1o Fitur\u201d, se\u00f1ala. Priorizando la participaci\u00f3n, Dit Gesti\u00f3n asegura haber fijado \u201cuna cantidad de colaboraci\u00f3n muy inferior a la habitual, siendo totalmente asequible incluso en la actual situaci\u00f3n\u201d.<\/p>\n<p><!-- AddThis Advanced Settings above via filter on the_content --><!-- AddThis Advanced Settings below via filter on the_content --><!-- AddThis Advanced Settings generic via filter on the_content --><!-- AddThis Share Buttons above via filter on the_content --><!-- AddThis Share Buttons below via filter on the_content --><!-- AddThis Share Buttons generic via filter on the_content -->\t\t\t<\/div>\n\n<p><em> &#8221; Fuentes www.preferente.com &#8221; <\/em><\/p>\n","protected":false},"excerpt":{"rendered":"<p>Dit Gesti\u00f3n se atreve con la organizaci\u00f3n de la que ser\u00e1 la primera gran convenci\u00f3n de agencias desde el estallido de la disaster sanitaria. El evento, que congregar\u00e1 a entre 800 y 1.000 profesionales, tendr\u00e1 lugar en Punta Umbr\u00eda (Huelva) del 11 al 14 de noviembre del presente a\u00f1o. \u201cDespu\u00e9s de m\u00e1s de un a\u00f1o [&hellip;]<\/p>\n","protected":false},"author":4,"featured_media":124622,"comment_status":"open","ping_status":"closed","sticky":false,"template":"","format":"standard","meta":{"om_disable_all_campaigns":false,"jnews-multi-image_gallery":[],"jnews_single_post":[],"jnews_primary_category":[],"jnews_social_meta":[],"footnotes":""},"categories":[40],"tags":[],"class_list":["post-124621","post","type-post","status-publish","format-standard","has-post-thumbnail","hentry","category-industria"],"_links":{"self":[{"href":"https:\/\/dimensionturistica.com\/es\/wp-json\/wp\/v2\/posts\/124621","targetHints":{"allow":["GET"]}}],"collection":[{"href":"https:\/\/dimensionturistica.com\/es\/wp-json\/wp\/v2\/posts"}],"about":[{"href":"https:\/\/dimensionturistica.com\/es\/wp-json\/wp\/v2\/types\/post"}],"author":[{"embeddable":true,"href":"https:\/\/dimensionturistica.com\/es\/wp-json\/wp\/v2\/users\/4"}],"replies":[{"embeddable":true,"href":"https:\/\/dimensionturistica.com\/es\/wp-json\/wp\/v2\/comments?post=124621"}],"version-history":[{"count":0,"href":"https:\/\/dimensionturistica.com\/es\/wp-json\/wp\/v2\/posts\/124621\/revisions"}],"wp:featuredmedia":[{"embeddable":true,"href":"https:\/\/dimensionturistica.com\/es\/wp-json\/wp\/v2\/media\/124622"}],"wp:attachment":[{"href":"https:\/\/dimensionturistica.com\/es\/wp-json\/wp\/v2\/media?parent=124621"}],"wp:term":[{"taxonomy":"category","embeddable":true,"href":"https:\/\/dimensionturistica.com\/es\/wp-json\/wp\/v2\/categories?post=124621"},{"taxonomy":"post_tag","embeddable":true,"href":"https:\/\/dimensionturistica.com\/es\/wp-json\/wp\/v2\/tags?post=124621"}],"curies":[{"name":"wp","href":"https:\/\/api.w.org\/{rel}","templated":true}]}}