{"id":124359,"date":"2021-05-10T12:37:07","date_gmt":"2021-05-10T12:37:07","guid":{"rendered":"https:\/\/dimensionturistica.com\/es\/?p=124359"},"modified":"2021-05-10T12:37:07","modified_gmt":"2021-05-10T12:37:07","slug":"ouigo-inicia-sus-viajes-con-una-prevision-de-impacto-de-320-millones-en-aragon","status":"publish","type":"post","link":"https:\/\/dimensionturistica.com\/es\/ouigo-inicia-sus-viajes-con-una-prevision-de-impacto-de-320-millones-en-aragon\/","title":{"rendered":"Ouigo inicia sus viajes con una previsi\u00f3n de impacto de 320 millones en Arag\u00f3n"},"content":{"rendered":"<p> <br \/>\n<\/p>\n<div>\n<p class=\"article-body__text article-body__text--entry article-body__text-middle\">\n        La <strong>operadora ferroviara francesa SNCF<\/strong>, con su marca de bajo coste, <strong>Ouigo<\/strong>, ha comenzado este lunes sus <strong>viajes comerciales por las v\u00edas de alta velocidad Madrid-Barcelona<\/strong> con la previsi\u00f3n de generar un impacto econ\u00f3mico de <strong>320 millones de euros en Arag\u00f3n y en Zaragoza<\/strong>, donde tambi\u00e9n paran sus trenes.\n<\/p>\n<p class=\"article-body__text \">\n        Los andenes de la <strong>Estaci\u00f3n Delicias<\/strong> de la capital aragonesa han recibido a las <strong>11.20 horas el primer tren<\/strong> desde Madrid con destino Barcelona, mientras que a las <strong>12.06 horas ha partido con direcci\u00f3n a la capital <\/strong>espa\u00f1ola otro convoy, procedente de la ciudad condal, en el que se ha subido el alcalde de Zaragoza, <strong>Jorge Azc\u00f3n<\/strong>, entre otras autoridades.\n<\/p>\n<p class=\"article-body__text \">\n        La directora basic de Ouigo Espa\u00f1a, <strong>H\u00e9l\u00e8ne Valenzuela<\/strong>, ha destacado la apuesta de la compa\u00f1\u00eda francesa por ser un &#8220;<strong>catalizador<\/strong>&#8221; de la <strong>econom\u00eda espa\u00f1ola y funcionar como &#8220;palanca&#8221; <\/strong>para la recuperaci\u00f3n.\n<\/p>\n<p class=\"article-body__text \">\n        De los cinco servicios Madrid-Barcelona diarios de ida y otros tantos de vuelta, tres en cada sentido tendr\u00e1n parada en Zaragoza, lo que supondr\u00e1 que los empresarios puedan hacer negocios de manera m\u00e1s &#8220;\u00e1gil&#8221; y &#8220;accesible&#8221;, a trav\u00e9s de un modelo<strong> &#8220;sostenible&#8221; y &#8220;digital&#8221;.<\/strong>\n<\/p>\n<p class=\"article-body__text \">\n        A este respecto, Valenzuela ha remarcado que un viaje con <strong>Ouigo contamina 80 veces menos que en avi\u00f3n y 50 veces menos que en coche.<\/strong>\n<\/p>\n<p class=\"article-body__text \">\n        Con <strong>billetes desde 9 euros<\/strong>, Ouigo llega a Espa\u00f1a para &#8220;popularizar&#8221; la alta velocidad en el pa\u00eds, ha manifestado la directora basic.\n<\/p>\n<p class=\"article-body__text \">\n        Por su parte, el director de Viajes de SNCF, <strong>Alain Krakovitch,<\/strong> ha recordado que<strong> 50 millones de viajeros ya se han subido a sus convoyes en Francia <\/strong>y ha recalcado que <strong>los precios <\/strong>de Ouigo son un<strong> cincuenta por ciento de media m\u00e1s baratos que los de Renfe.<\/strong>\n<\/p>\n<p class=\"article-body__text \">\n        La directora basic de Turismo del Gobierno aragon\u00e9s,<strong> Elena Allu\u00e9,<\/strong> ha aplaudido la parada de los trenes franceses en Zaragoza<strong>, una ciudad &#8220;magn\u00edfica&#8221; para el turismo<\/strong>, en especial el de congresos y eventos.\n<\/p>\n<p class=\"article-body__text \">\n        En la misma l\u00ednea se ha expresado Azc\u00f3n, quien ha celebrado la <strong>liberalizaci\u00f3n del transporte ferroviario<\/strong> de viajeros en Espa\u00f1a.\n<\/p>\n<p class=\"article-body__text \">\n        Esta liberalizaci\u00f3n, ha resaltado el alcalde, supondr\u00e1 precios m\u00e1s bajos, m\u00e1s posibilidades de viaje, m\u00e1s medio ambiente y m\u00e1s visitantes para Zaragoza.\n<\/p>\n<p class=\"article-body__text \">\n        Ouigo es, desde este lunes, la primera empresa que compite con Renfe en el transporte ferroviario de viajeros en Espa\u00f1a, pero Azc\u00f3n ha confiado en que <strong>&#8220;no va a ser la \u00faltima&#8221;.<\/strong>\n<\/p>\n<p class=\"article-body__text \">\n        Adem\u00e1s de la l\u00ednea Madrid-Barcelona (con parada en Zaragoza y Tarragona), la compa\u00f1\u00eda pretende extender su oferta a las l\u00edneas con Valencia y Alicante (para finales de 2021), y con C\u00f3rdoba, Sevilla y M\u00e1laga (en 2022), hasta 30 frecuencias.\n<\/p>\n<\/p><\/div>\n\n<p><em> &#8221; Fuentes www.elperiodicodearagon.com &#8221; <\/em><\/p>\n","protected":false},"excerpt":{"rendered":"<p>La operadora ferroviara francesa SNCF, con su marca de bajo coste, Ouigo, ha comenzado este lunes sus viajes comerciales por las v\u00edas de alta velocidad Madrid-Barcelona con la previsi\u00f3n de generar un impacto econ\u00f3mico de 320 millones de euros en Arag\u00f3n y en Zaragoza, donde tambi\u00e9n paran sus trenes. Los andenes de la Estaci\u00f3n Delicias [&hellip;]<\/p>\n","protected":false},"author":4,"featured_media":124360,"comment_status":"open","ping_status":"closed","sticky":false,"template":"","format":"standard","meta":{"om_disable_all_campaigns":false,"jnews-multi-image_gallery":[],"jnews_single_post":[],"jnews_primary_category":[],"jnews_social_meta":[],"footnotes":""},"categories":[39],"tags":[738,7886,18756,7314,545],"class_list":["post-124359","post","type-post","status-publish","format-standard","has-post-thumbnail","hentry","category-viajes","tag-impacto","tag-inicia","tag-ouigo","tag-prevision","tag-viajes"],"_links":{"self":[{"href":"https:\/\/dimensionturistica.com\/es\/wp-json\/wp\/v2\/posts\/124359","targetHints":{"allow":["GET"]}}],"collection":[{"href":"https:\/\/dimensionturistica.com\/es\/wp-json\/wp\/v2\/posts"}],"about":[{"href":"https:\/\/dimensionturistica.com\/es\/wp-json\/wp\/v2\/types\/post"}],"author":[{"embeddable":true,"href":"https:\/\/dimensionturistica.com\/es\/wp-json\/wp\/v2\/users\/4"}],"replies":[{"embeddable":true,"href":"https:\/\/dimensionturistica.com\/es\/wp-json\/wp\/v2\/comments?post=124359"}],"version-history":[{"count":0,"href":"https:\/\/dimensionturistica.com\/es\/wp-json\/wp\/v2\/posts\/124359\/revisions"}],"wp:featuredmedia":[{"embeddable":true,"href":"https:\/\/dimensionturistica.com\/es\/wp-json\/wp\/v2\/media\/124360"}],"wp:attachment":[{"href":"https:\/\/dimensionturistica.com\/es\/wp-json\/wp\/v2\/media?parent=124359"}],"wp:term":[{"taxonomy":"category","embeddable":true,"href":"https:\/\/dimensionturistica.com\/es\/wp-json\/wp\/v2\/categories?post=124359"},{"taxonomy":"post_tag","embeddable":true,"href":"https:\/\/dimensionturistica.com\/es\/wp-json\/wp\/v2\/tags?post=124359"}],"curies":[{"name":"wp","href":"https:\/\/api.w.org\/{rel}","templated":true}]}}