{"id":124311,"date":"2021-05-10T11:39:34","date_gmt":"2021-05-10T11:39:34","guid":{"rendered":"https:\/\/dimensionturistica.com\/es\/?p=124311"},"modified":"2021-05-10T11:39:34","modified_gmt":"2021-05-10T11:39:34","slug":"la-gran-manzana-reinventa-su-oferta-turistica-y-abre-la-puerta-a-miles-de-empleos-para-familias-hispanas","status":"publish","type":"post","link":"https:\/\/dimensionturistica.com\/es\/la-gran-manzana-reinventa-su-oferta-turistica-y-abre-la-puerta-a-miles-de-empleos-para-familias-hispanas\/","title":{"rendered":"La Gran Manzana reinventa su oferta tur\u00edstica y abre la puerta a miles de empleos para familias hispanas"},"content":{"rendered":"<p> <br \/>\n<\/p>\n<div>\n<p>Las luces del <strong>mundo del entretenimiento<\/strong> y de la normalizaci\u00f3n de muchas actividades de la <a rel=\"nofollow noopener\" target=\"_blank\" href=\"https:\/\/eldiariony.com\/categoria\/nueva-york\/\">Gran Manzana<\/a> ya tienen <a rel=\"nofollow noopener\" target=\"_blank\" href=\"https:\/\/eldiariony.com\/2021\/05\/04\/adelanto-de-reapertura-economica-de-la-gran-manzana-entre-fuertes-aplausos-y-grandes-temores\/\">fecha de encendido: 19 de mayo, l<\/a>uego de m\u00e1s de un a\u00f1o de apag\u00f3n pand\u00e9mico. Con este anuncio, tambi\u00e9n se<strong> \u201cabre el tel\u00f3n\u201d<\/strong> de la recuperaci\u00f3n de por lo menos 90,000 puestos de trabajo, adem\u00e1s de emprendimientos y sue\u00f1os de miles de<strong> familias hispanas que dependen del turismo.<\/strong><\/p>\n<p>En el pr\u00f3ximo verano la ciudad de Nueva York apunta a <strong>retomar su oferta tur\u00edstica<\/strong>, con la mirada puesta en los visitantes de otros estados, reapertura de hoteles y <strong>100% de capacidad de restaurantes,<\/strong> con oferta al aire libre. Eso implica una buena noticia para la industria de la hospitalidad, en donde uno de cada cinco empleados es de origen latino.<\/p>\n<p>La <strong>puertorrique\u00f1a Luc\u00eda Mel\u00e9ndez, de 45 a\u00f1os<\/strong>, quien trabajaba en un resort de la <strong>cadena Hilton en Occasions Sq.<\/strong> ya cuenta siete meses cobrando seguro de desempleo. Esta semana, la isle\u00f1a fue llamada para reincorporarse en su posici\u00f3n de supervisora de habitaciones, lo cual significa el retorno de unas de las bondades m\u00e1s apetecibles de este mercado laboral: <strong>las propinas.<\/strong><\/p>\n<p>\u201cAunque mis compa\u00f1eros que ya empezaron a trabajar me dijeron que hay poco movimiento, se supone que con la reapertura que anunciaron, <strong>va a empezar a venir m\u00e1s gente<\/strong>. Aqu\u00ed se hace chavo (dinero) es con los tips (propina). Ojal\u00e1 que vuelvan los turistas\u201d, coment\u00f3 Luc\u00eda.<\/p>\n<p>M\u00e1s de <strong>25,000 empleados hoteleros<\/strong>, con base a los c\u00e1lculos de la <a rel=\"nofollow noopener\" target=\"_blank\" href=\"https:\/\/hanyc.org\/\">Asociaci\u00f3n de Hoteles de la Ciudad de Nueva York<\/a>, no han tenido trabajo durante m\u00e1s de 10 meses, convirtiendo a esta industria en una de las m\u00e1s severamente golpeadas en la Gran Manzana.<\/p>\n<p>Investigadores del\u00a0<strong>Metropolis College of New York (CUNY<\/strong>) encontraron, producto de una encuesta, que el <strong>41% de los hispanos<\/strong> dijeron que ellos o alguien m\u00e1s en su hogar, hab\u00edan perdido su trabajo en restaurantes u hoteles durante los \u00faltimos a\u00f1os.<\/p>\n<figure id=\"id=&quot;attachment_2576349&quot; \" class=\"wp-caption\"><img decoding=\"async\" loading=\"lazy\" class=\"size-full wp-image-2576349\" src=\"https:\/\/eldiariony.com\/wp-content\/plugins\/lazy-load-0.7\/images\/1x1.trans.gif\" alt=\"\" data-lazy-src=\"https:\/\/eldiariony.com\/wp-content\/uploads\/sites\/2\/2021\/05\/IMG_1396.jpg?quality=80&amp;strip=all\" data-lazy-srcset=\"https:\/\/eldiariony.com\/wp-content\/uploads\/sites\/2\/2021\/05\/IMG_1396.jpg 3504w, https:\/\/eldiariony.com\/wp-content\/uploads\/sites\/2\/2021\/05\/IMG_1396.jpg?resize=150,100 150w, https:\/\/eldiariony.com\/wp-content\/uploads\/sites\/2\/2021\/05\/IMG_1396.jpg?resize=300,200 300w, https:\/\/eldiariony.com\/wp-content\/uploads\/sites\/2\/2021\/05\/IMG_1396.jpg?resize=768,512 768w, https:\/\/eldiariony.com\/wp-content\/uploads\/sites\/2\/2021\/05\/IMG_1396.jpg?resize=1200,800 1200w, https:\/\/eldiariony.com\/wp-content\/uploads\/sites\/2\/2021\/05\/IMG_1396.jpg?resize=1536,1024 1536w, https:\/\/eldiariony.com\/wp-content\/uploads\/sites\/2\/2021\/05\/IMG_1396.jpg?resize=2048,1365 2048w, https:\/\/eldiariony.com\/wp-content\/uploads\/sites\/2\/2021\/05\/IMG_1396.jpg?resize=552,368 552w, https:\/\/eldiariony.com\/wp-content\/uploads\/sites\/2\/2021\/05\/IMG_1396.jpg?resize=50,33 50w\" data-lazy-sizes=\"(max-width: 1200px) 100vw, 1200px\"\/><noscript><img decoding=\"async\" loading=\"lazy\" class=\"size-full wp-image-2576349\" src=\"https:\/\/eldiariony.com\/wp-content\/uploads\/sites\/2\/2021\/05\/IMG_1396.jpg?quality=80&amp;strip=all\" alt=\"\" srcset=\"https:\/\/eldiariony.com\/wp-content\/uploads\/sites\/2\/2021\/05\/IMG_1396.jpg 3504w, https:\/\/eldiariony.com\/wp-content\/uploads\/sites\/2\/2021\/05\/IMG_1396.jpg?resize=150,100 150w, https:\/\/eldiariony.com\/wp-content\/uploads\/sites\/2\/2021\/05\/IMG_1396.jpg?resize=300,200 300w, https:\/\/eldiariony.com\/wp-content\/uploads\/sites\/2\/2021\/05\/IMG_1396.jpg?resize=768,512 768w, https:\/\/eldiariony.com\/wp-content\/uploads\/sites\/2\/2021\/05\/IMG_1396.jpg?resize=1200,800 1200w, https:\/\/eldiariony.com\/wp-content\/uploads\/sites\/2\/2021\/05\/IMG_1396.jpg?resize=1536,1024 1536w, https:\/\/eldiariony.com\/wp-content\/uploads\/sites\/2\/2021\/05\/IMG_1396.jpg?resize=2048,1365 2048w, https:\/\/eldiariony.com\/wp-content\/uploads\/sites\/2\/2021\/05\/IMG_1396.jpg?resize=552,368 552w, https:\/\/eldiariony.com\/wp-content\/uploads\/sites\/2\/2021\/05\/IMG_1396.jpg?resize=50,33 50w\" sizes=\"(max-width: 1200px) 100vw, 1200px\"\/><\/noscript><figcaption class=\"wp-caption-text\">La peruana \u201cMar\u00eda\u201d tiene esperanzas en el regreso masivo de visitantes (Foto: F. Mart\u00ednez)<\/figcaption><\/figure>\n<h3><strong>Esperando al visitante nacional<\/strong><\/h3>\n<p>La Ciudad anunci\u00f3 la\u00a0mayor campa\u00f1a tur\u00edstica de su historia, la cual recibir\u00e1 una inyecci\u00f3n de <strong>$30 millones de d\u00f3lares<\/strong> e ir\u00e1 dirigida principalmente al visitante nacional.<\/p>\n<p><strong>Fred Dixon<\/strong>, m\u00e1ximo ejecutivo del\u00a0<strong>\u2018NYC &amp; Company\u2019,<\/strong> asegur\u00f3 que apuestan a una recuperaci\u00f3n econ\u00f3mica \u201cgradual pero certera\u201d que se vislumbra a medida que avanzan las vacunaciones contra el<a rel=\"nofollow noopener\" target=\"_blank\" href=\"https:\/\/eldiariony.com\/tema\/coronavirus\/\"> COVID-19,<\/a> ya que la <strong>mitad del pa\u00eds<\/strong> ha recibido al menos una dosis.<\/p>\n<p>La campa\u00f1a tur\u00edstica buscar\u00e1 impulsar la concept de la recuperaci\u00f3n de una ciudad que en la primavera pasada fue el <strong>epicentro mundial de la pandemia.<\/strong> Y ahora trata de revivir con uno de sus pilares econ\u00f3micos esenciales.<\/p>\n<p>\u201cSi promovemos que vengan de manera segura millones de personas en el resto del a\u00f1o, eso se traduce autom\u00e1ticamente en una inyecci\u00f3n de recursos para quienes trabajan en esta industria, se <strong>levantar\u00e1n hoteles y restaurantes<\/strong>\u201d, dijo un portavoz de la agencia tur\u00edstica de la Ciudad.<\/p>\n<p>La Gran Manzana en 2019 registr\u00f3 un r\u00e9cord de <strong>66.,6 millones de visitantes<\/strong> y este 2021 proyecta atraer m\u00e1s de la mitad de esa cifra, <strong>36.4 millones<\/strong>, centr\u00e1ndose en turistas del pa\u00eds, debido a la serie de restricciones de entrada para los visitantes internacionales.<\/p>\n<figure id=\"id=&quot;attachment_2576351&quot; \" class=\"wp-caption\"><img decoding=\"async\" loading=\"lazy\" class=\"size-full wp-image-2576351\" src=\"https:\/\/eldiariony.com\/wp-content\/plugins\/lazy-load-0.7\/images\/1x1.trans.gif\" alt=\"\" data-lazy-src=\"https:\/\/eldiariony.com\/wp-content\/uploads\/sites\/2\/2021\/05\/IMG_1419.jpg?quality=80&amp;strip=all\" data-lazy-srcset=\"https:\/\/eldiariony.com\/wp-content\/uploads\/sites\/2\/2021\/05\/IMG_1419.jpg 3504w, https:\/\/eldiariony.com\/wp-content\/uploads\/sites\/2\/2021\/05\/IMG_1419.jpg?resize=150,100 150w, https:\/\/eldiariony.com\/wp-content\/uploads\/sites\/2\/2021\/05\/IMG_1419.jpg?resize=300,200 300w, https:\/\/eldiariony.com\/wp-content\/uploads\/sites\/2\/2021\/05\/IMG_1419.jpg?resize=768,512 768w, https:\/\/eldiariony.com\/wp-content\/uploads\/sites\/2\/2021\/05\/IMG_1419.jpg?resize=1200,800 1200w, https:\/\/eldiariony.com\/wp-content\/uploads\/sites\/2\/2021\/05\/IMG_1419.jpg?resize=1536,1024 1536w, https:\/\/eldiariony.com\/wp-content\/uploads\/sites\/2\/2021\/05\/IMG_1419.jpg?resize=2048,1365 2048w, https:\/\/eldiariony.com\/wp-content\/uploads\/sites\/2\/2021\/05\/IMG_1419.jpg?resize=552,368 552w, https:\/\/eldiariony.com\/wp-content\/uploads\/sites\/2\/2021\/05\/IMG_1419.jpg?resize=50,33 50w\" data-lazy-sizes=\"(max-width: 1200px) 100vw, 1200px\"\/><noscript><img decoding=\"async\" loading=\"lazy\" class=\"size-full wp-image-2576351\" src=\"https:\/\/eldiariony.com\/wp-content\/uploads\/sites\/2\/2021\/05\/IMG_1419.jpg?quality=80&amp;strip=all\" alt=\"\" srcset=\"https:\/\/eldiariony.com\/wp-content\/uploads\/sites\/2\/2021\/05\/IMG_1419.jpg 3504w, https:\/\/eldiariony.com\/wp-content\/uploads\/sites\/2\/2021\/05\/IMG_1419.jpg?resize=150,100 150w, https:\/\/eldiariony.com\/wp-content\/uploads\/sites\/2\/2021\/05\/IMG_1419.jpg?resize=300,200 300w, https:\/\/eldiariony.com\/wp-content\/uploads\/sites\/2\/2021\/05\/IMG_1419.jpg?resize=768,512 768w, https:\/\/eldiariony.com\/wp-content\/uploads\/sites\/2\/2021\/05\/IMG_1419.jpg?resize=1200,800 1200w, https:\/\/eldiariony.com\/wp-content\/uploads\/sites\/2\/2021\/05\/IMG_1419.jpg?resize=1536,1024 1536w, https:\/\/eldiariony.com\/wp-content\/uploads\/sites\/2\/2021\/05\/IMG_1419.jpg?resize=2048,1365 2048w, https:\/\/eldiariony.com\/wp-content\/uploads\/sites\/2\/2021\/05\/IMG_1419.jpg?resize=552,368 552w, https:\/\/eldiariony.com\/wp-content\/uploads\/sites\/2\/2021\/05\/IMG_1419.jpg?resize=50,33 50w\" sizes=\"(max-width: 1200px) 100vw, 1200px\"\/><\/noscript><figcaption class=\"wp-caption-text\">El ya famoso \u2018Batman\u2019 argentino de Occasions Sq. ha visto el auge y la caida del turismo. (Foto: F. Mart\u00ednez)<\/figcaption><\/figure>\n<h3><strong>Optimismo con bolsillos vac\u00edos<\/strong><\/h3>\n<p>La reactivaci\u00f3n es no solo a\u00f1orada por miles de trabajadores formales, directos e indirectos de corporaciones hoteleras, servicios tur\u00edsticos de paseos, teatros y emprendimientos gastron\u00f3micos, sino tambi\u00e9n quienes sobreviven en las calles <strong>con otra oferta del entretenimiento.<\/strong><\/p>\n<p>El <strong>\u2018Batman\u2019 argentino de Occasions Sq.<\/strong>, quien ha sido testigo del auge y la ca\u00edda de los visitantes en la denominada \u2018Encrucijada del Mundo\u2019, se muestra \u201cesperanzado y optimista\u201d.<\/p>\n<p>\u201cAhora con tanta gente que se est\u00e1 vacunando en todo el pa\u00eds y aqu\u00ed mismo, estoy seguro que la ciudad se levantar\u00e1 con el esfuerzo de todos. Poco a poco <strong>hemos visto m\u00e1s gente. <\/strong>Especialmente los fines de semana. Quienes trabajamos entreteniendo a la gente sabemos que en esta nueva etapa, ahora <strong>lo tenemos que hacer mejor<\/strong>\u201d, destac\u00f3 uno de los \u201cpersonajes\u201d que anima a los visitantes en uno de los puntos m\u00e1s visibles y visitados del mundo.<\/p>\n<p>En las calles y avenidas principales del coraz\u00f3n de Manhattan, decenas de <strong>teatros, restaurantes y negocios vac\u00edos,<\/strong> adem\u00e1s de una secuencia de hoteles esperan a los visitantes, al igual que <strong>\u201cLuisa\u201d, una peruana<\/strong> que como decenas de madres de familias se gana la vida representando a los ic\u00f3nicos mu\u00f1ecos y \u2018super h\u00e9roes\u2019 de Occasions Sq., a cambio de <strong>propinas por una foto.<\/strong><\/p>\n<p>\u201cEsto ha sido horrible. Estos meses hubo d\u00edas que solo est\u00e1bamos nosotros aqu\u00ed. Solo caminaban trabajadores de lo poco que estaba abierto. Era dif\u00edcil imaginarse a Nueva York sin un turista en sus calles. Ahora, pensamos que hay esperanzas, <strong>con las vacunas, con la reapertura\u201d<\/strong>, apuesta la inmigrante.<\/p>\n<p>Seg\u00fan la <a rel=\"nofollow noopener\" target=\"_blank\" href=\"https:\/\/eldiariony.com\/?s=La+Alianza+de+Times+Square\">Alianza de Times Square<\/a>, el conteo de peatones en uno de las v\u00edas m\u00e1s emblem\u00e1ticas de Nueva York \u00a0ha aumentado a un m\u00e1ximo de aproximadamente <strong>150,000 personas<\/strong> por d\u00eda durante el pasado fin de semana del 2 al 4 de abril, en comparaci\u00f3n con un promedio por debajo de 100,000 visitantes por d\u00eda <strong>desde septiembre de 2020.<\/strong><\/p>\n<p>Un vendedor de franelas y gorros, con el ic\u00f3nico emblem <strong>\u2018I Love NY\u2019,<\/strong> que durante siete a\u00f1os ha ofrecido sus productos en los alrededores de la <strong>S\u00e9ptima avenida y Broadway<\/strong>, cuenta que apenas los s\u00e1bados y domingos del \u00faltimo mes ha logrado<strong> \u201cvender algo\u201d.<\/strong> Luego de meses de regresar a su casa con los <strong>bolsillos vac\u00edos.<\/strong><\/p>\n<p>\u201cDe un mes para ac\u00e1 vienen turistas de estados cercanos. Veamos qu\u00e9 pasa ahora. No nos queda otra que seguir apostando a Nueva York. Qued\u00f3 claro con esta crisis que<strong> sin visitantes la econom\u00eda de aqu\u00ed muere<\/strong>. El turismo es nuestro motor\u201d, dijo el vendedor ambulante.<\/p>\n<figure id=\"id=&quot;attachment_2576354&quot; \" class=\"wp-caption\"><img decoding=\"async\" loading=\"lazy\" class=\"size-full wp-image-2576354\" src=\"https:\/\/eldiariony.com\/wp-content\/plugins\/lazy-load-0.7\/images\/1x1.trans.gif\" alt=\"\" data-lazy-src=\"https:\/\/eldiariony.com\/wp-content\/uploads\/sites\/2\/2021\/05\/IMG_1411.jpg?quality=80&amp;strip=all\" data-lazy-srcset=\"https:\/\/eldiariony.com\/wp-content\/uploads\/sites\/2\/2021\/05\/IMG_1411.jpg 3504w, https:\/\/eldiariony.com\/wp-content\/uploads\/sites\/2\/2021\/05\/IMG_1411.jpg?resize=150,100 150w, https:\/\/eldiariony.com\/wp-content\/uploads\/sites\/2\/2021\/05\/IMG_1411.jpg?resize=300,200 300w, https:\/\/eldiariony.com\/wp-content\/uploads\/sites\/2\/2021\/05\/IMG_1411.jpg?resize=768,512 768w, https:\/\/eldiariony.com\/wp-content\/uploads\/sites\/2\/2021\/05\/IMG_1411.jpg?resize=1200,800 1200w, https:\/\/eldiariony.com\/wp-content\/uploads\/sites\/2\/2021\/05\/IMG_1411.jpg?resize=1536,1024 1536w, https:\/\/eldiariony.com\/wp-content\/uploads\/sites\/2\/2021\/05\/IMG_1411.jpg?resize=2048,1365 2048w, https:\/\/eldiariony.com\/wp-content\/uploads\/sites\/2\/2021\/05\/IMG_1411.jpg?resize=552,368 552w, https:\/\/eldiariony.com\/wp-content\/uploads\/sites\/2\/2021\/05\/IMG_1411.jpg?resize=50,33 50w\" data-lazy-sizes=\"(max-width: 1200px) 100vw, 1200px\"\/><noscript><img decoding=\"async\" loading=\"lazy\" class=\"size-full wp-image-2576354\" src=\"https:\/\/eldiariony.com\/wp-content\/uploads\/sites\/2\/2021\/05\/IMG_1411.jpg?quality=80&amp;strip=all\" alt=\"\" srcset=\"https:\/\/eldiariony.com\/wp-content\/uploads\/sites\/2\/2021\/05\/IMG_1411.jpg 3504w, https:\/\/eldiariony.com\/wp-content\/uploads\/sites\/2\/2021\/05\/IMG_1411.jpg?resize=150,100 150w, https:\/\/eldiariony.com\/wp-content\/uploads\/sites\/2\/2021\/05\/IMG_1411.jpg?resize=300,200 300w, https:\/\/eldiariony.com\/wp-content\/uploads\/sites\/2\/2021\/05\/IMG_1411.jpg?resize=768,512 768w, https:\/\/eldiariony.com\/wp-content\/uploads\/sites\/2\/2021\/05\/IMG_1411.jpg?resize=1200,800 1200w, https:\/\/eldiariony.com\/wp-content\/uploads\/sites\/2\/2021\/05\/IMG_1411.jpg?resize=1536,1024 1536w, https:\/\/eldiariony.com\/wp-content\/uploads\/sites\/2\/2021\/05\/IMG_1411.jpg?resize=2048,1365 2048w, https:\/\/eldiariony.com\/wp-content\/uploads\/sites\/2\/2021\/05\/IMG_1411.jpg?resize=552,368 552w, https:\/\/eldiariony.com\/wp-content\/uploads\/sites\/2\/2021\/05\/IMG_1411.jpg?resize=50,33 50w\" sizes=\"(max-width: 1200px) 100vw, 1200px\"\/><\/noscript><figcaption class=\"wp-caption-text\">La oferta de musicales en Broadway se reactiva y con ello miles de empleos. (Foto: F. Mart\u00ednez)<\/figcaption><\/figure>\n<h3><strong>Hoteles no disponibles<\/strong><\/h3>\n<p>La recuperaci\u00f3n de uno de los motores principales de la ciudad de los rascacielos en esta primavera, vino acompa\u00f1ada de la <strong>flexibilizaci\u00f3n<\/strong> de las restricciones de viaje del estado de Nueva York, ya que los viajeros nacionales ya no tienen que <strong>ponerse en cuarentena<\/strong> cuando ingresan a Nueva York, desde otro estado o territorio de Estados Unidos.<\/p>\n<p>Y el \u201c<strong>baj\u00f3n\u201d de los precios<\/strong> de los boletos a\u00e9reos tambi\u00e9n est\u00e1 atrayendo a los visitantes.<\/p>\n<p>\u201c<strong>Pagu\u00e9 solo $60<\/strong> desde Miami en una oferta especial. Siempre hab\u00eda so\u00f1ado con venir, pero un \u2018tiquete\u2019 de ida y vuelta era muy caro en esta temporada de m\u00e1s calor\u201d, coment\u00f3 el costarricense que visitaba la ciudad el pasado fin de semana.<\/p>\n<p>Aunque mucho m\u00e1s de 30 hoteles de la ciudad han cerrado definitivamente sus puertas, porque no soportaron la sequ\u00eda econ\u00f3mica impuesta por el COVID-19, la ocupaci\u00f3n hotelera salt\u00f3 de <strong>5% a 50,.4%<\/strong> al inicio de esta primavera, de acuerdo con datos recientes compartidos por la publicaci\u00f3n <strong>\u2018Travel Weekly\u2019.<\/strong><\/p>\n<p>\u201cHay <strong>226 hoteles que est\u00e1n cerrados<\/strong>, ya sea temporal o permanentemente. Se presume que m\u00e1s de 30 hospedajes no volver\u00e1n y 139 hoteles son ahora refugios para personas sin hogar\u201d, reaccion\u00f3 <strong>Vijay Dandapani,<\/strong> presidente de la <strong>Asociaci\u00f3n de Hoteles de la Ciudad de Nueva York.<\/strong><\/p>\n<figure id=\"id=&quot;attachment_2576356&quot; \" class=\"wp-caption\"><img decoding=\"async\" loading=\"lazy\" class=\"size-full wp-image-2576356\" src=\"https:\/\/eldiariony.com\/wp-content\/plugins\/lazy-load-0.7\/images\/1x1.trans.gif\" alt=\"\" data-lazy-src=\"https:\/\/eldiariony.com\/wp-content\/uploads\/sites\/2\/2021\/05\/IMG_1405.jpg?quality=80&amp;strip=all\" data-lazy-srcset=\"https:\/\/eldiariony.com\/wp-content\/uploads\/sites\/2\/2021\/05\/IMG_1405.jpg 3504w, https:\/\/eldiariony.com\/wp-content\/uploads\/sites\/2\/2021\/05\/IMG_1405.jpg?resize=150,100 150w, https:\/\/eldiariony.com\/wp-content\/uploads\/sites\/2\/2021\/05\/IMG_1405.jpg?resize=300,200 300w, https:\/\/eldiariony.com\/wp-content\/uploads\/sites\/2\/2021\/05\/IMG_1405.jpg?resize=768,512 768w, https:\/\/eldiariony.com\/wp-content\/uploads\/sites\/2\/2021\/05\/IMG_1405.jpg?resize=1200,800 1200w, https:\/\/eldiariony.com\/wp-content\/uploads\/sites\/2\/2021\/05\/IMG_1405.jpg?resize=1536,1024 1536w, https:\/\/eldiariony.com\/wp-content\/uploads\/sites\/2\/2021\/05\/IMG_1405.jpg?resize=2048,1365 2048w, https:\/\/eldiariony.com\/wp-content\/uploads\/sites\/2\/2021\/05\/IMG_1405.jpg?resize=552,368 552w, https:\/\/eldiariony.com\/wp-content\/uploads\/sites\/2\/2021\/05\/IMG_1405.jpg?resize=50,33 50w\" data-lazy-sizes=\"(max-width: 1200px) 100vw, 1200px\"\/><noscript><img decoding=\"async\" loading=\"lazy\" class=\"size-full wp-image-2576356\" src=\"https:\/\/eldiariony.com\/wp-content\/uploads\/sites\/2\/2021\/05\/IMG_1405.jpg?quality=80&amp;strip=all\" alt=\"\" srcset=\"https:\/\/eldiariony.com\/wp-content\/uploads\/sites\/2\/2021\/05\/IMG_1405.jpg 3504w, https:\/\/eldiariony.com\/wp-content\/uploads\/sites\/2\/2021\/05\/IMG_1405.jpg?resize=150,100 150w, https:\/\/eldiariony.com\/wp-content\/uploads\/sites\/2\/2021\/05\/IMG_1405.jpg?resize=300,200 300w, https:\/\/eldiariony.com\/wp-content\/uploads\/sites\/2\/2021\/05\/IMG_1405.jpg?resize=768,512 768w, https:\/\/eldiariony.com\/wp-content\/uploads\/sites\/2\/2021\/05\/IMG_1405.jpg?resize=1200,800 1200w, https:\/\/eldiariony.com\/wp-content\/uploads\/sites\/2\/2021\/05\/IMG_1405.jpg?resize=1536,1024 1536w, https:\/\/eldiariony.com\/wp-content\/uploads\/sites\/2\/2021\/05\/IMG_1405.jpg?resize=2048,1365 2048w, https:\/\/eldiariony.com\/wp-content\/uploads\/sites\/2\/2021\/05\/IMG_1405.jpg?resize=552,368 552w, https:\/\/eldiariony.com\/wp-content\/uploads\/sites\/2\/2021\/05\/IMG_1405.jpg?resize=50,33 50w\" sizes=\"(max-width: 1200px) 100vw, 1200px\"\/><\/noscript><figcaption class=\"wp-caption-text\">Los transe\u00fantes por Occasions Sq. han aumentado a 150,000 personas por d\u00eda. (Foto: F. Mart\u00ednez)<\/figcaption><\/figure>\n<h3><strong>19 de mayo: el punto de arranque\u00a0<\/strong><\/h3>\n<ul>\n<li>Los <strong>restaurantes de la ciudad<\/strong> podr\u00e1n reabrir sus comedores completos por primera vez desde marzo de 2020, siempre que puedan mantener seis pies de distancia entre las mesas.<\/li>\n<li>El 17 de mayo terminar\u00e1 el toque de queda para las <strong>comidas al aire libre<\/strong> y el 31 de mayo para las comidas en el inside.<\/li>\n<li>Los centros de entretenimiento con pol\u00edticas de acceso a personas completamente vacunadas, no tienen que cumplir con la <strong>regla de los seis pies.<\/strong><\/li>\n<li>Los lugares pueden reservar \u00e1reas o admisiones para personas <strong>completamente vacunadas.<\/strong><\/li>\n<li>Tambi\u00e9n se permitir\u00e1 que las<strong> tiendas, gimnasios, salones de belleza, oficinas<\/strong> y \u201cnegocios de entretenimiento familiar\u201d alcancen el 100 por ciento de su capacidad.<\/li>\n<li>Los teatros de Broadway reiniciar\u00e1n sus producciones el <strong>14 septiembre<\/strong> a un 100% de su capacidad<\/li>\n<li>El <a rel=\"nofollow noopener\" target=\"_blank\" href=\"https:\/\/eldiariony.com\/?s=Subway\">Subway<\/a> reanudar\u00e1 el servicio las 24 horas, coincidiendo con el last del toque de queda de bares y restaurantes cuya fuerza laboral ten\u00eda pocas opciones para llegar a su casa entre las <strong>2:00 y las 4:00 de la ma\u00f1ana.<\/strong><\/li>\n<\/ul>\n<h3><strong>Los n\u00fameros de la debacle<\/strong><\/h3>\n<ul>\n<li><strong>90,000 empleos<\/strong> se perdieron en la industria del turismo en la ciudad de Nueva York debido al cierre econ\u00f3mico casuado por el coronavirus.<\/li>\n<li><strong>97,000 trabajadores<\/strong> dependen directa e indirectamente de las producciones musicales de Broadway<\/li>\n<li><strong>7% fue el promedio<\/strong> de ocupaci\u00f3n hotelera en los hoteles de la Gran Manzana en el verano pasado, cuando se inicio la fase de reactivaci\u00f3n econ\u00f3mica.<\/li>\n<li><strong>88% period la tasa promedio<\/strong> de ocupaci\u00f3n en estos hospedajes en NYC antes de las restricciones del COVID-19.<\/li>\n<li><strong>$3 mil millones de d\u00f3lares<\/strong> al a\u00f1o en impuestos para la Ciudad, y alrededor de $450 millones para el Estado generaba la industria hotelera de NYC antes de la disaster de salud p\u00fablica.<\/li>\n<\/ul>\n<p>\u00a0\n<\/p>\n<p>\u00a0&#13;\n\t\t\t\t\t\t\t\t\t\t<\/p>\n<\/p><\/div>\n\n<p><em> &#8221; Fuentes eldiariony.com &#8221; <\/em><\/p>\n","protected":false},"excerpt":{"rendered":"<p>Las luces del mundo del entretenimiento y de la normalizaci\u00f3n de muchas actividades de la Gran Manzana ya tienen fecha de encendido: 19 de mayo, luego de m\u00e1s de un a\u00f1o de apag\u00f3n pand\u00e9mico. Con este anuncio, tambi\u00e9n se \u201cabre el tel\u00f3n\u201d de la recuperaci\u00f3n de por lo menos 90,000 puestos de trabajo, adem\u00e1s de [&hellip;]<\/p>\n","protected":false},"author":4,"featured_media":124312,"comment_status":"open","ping_status":"closed","sticky":false,"template":"","format":"standard","meta":{"om_disable_all_campaigns":false,"jnews-multi-image_gallery":[],"jnews_single_post":[],"jnews_primary_category":[],"jnews_social_meta":[],"footnotes":""},"categories":[40],"tags":[55,2506,23520],"class_list":["post-124311","post","type-post","status-publish","format-standard","has-post-thumbnail","hentry","category-industria","tag-coronavirus","tag-nueva-york","tag-reapertura-nyc"],"_links":{"self":[{"href":"https:\/\/dimensionturistica.com\/es\/wp-json\/wp\/v2\/posts\/124311","targetHints":{"allow":["GET"]}}],"collection":[{"href":"https:\/\/dimensionturistica.com\/es\/wp-json\/wp\/v2\/posts"}],"about":[{"href":"https:\/\/dimensionturistica.com\/es\/wp-json\/wp\/v2\/types\/post"}],"author":[{"embeddable":true,"href":"https:\/\/dimensionturistica.com\/es\/wp-json\/wp\/v2\/users\/4"}],"replies":[{"embeddable":true,"href":"https:\/\/dimensionturistica.com\/es\/wp-json\/wp\/v2\/comments?post=124311"}],"version-history":[{"count":0,"href":"https:\/\/dimensionturistica.com\/es\/wp-json\/wp\/v2\/posts\/124311\/revisions"}],"wp:featuredmedia":[{"embeddable":true,"href":"https:\/\/dimensionturistica.com\/es\/wp-json\/wp\/v2\/media\/124312"}],"wp:attachment":[{"href":"https:\/\/dimensionturistica.com\/es\/wp-json\/wp\/v2\/media?parent=124311"}],"wp:term":[{"taxonomy":"category","embeddable":true,"href":"https:\/\/dimensionturistica.com\/es\/wp-json\/wp\/v2\/categories?post=124311"},{"taxonomy":"post_tag","embeddable":true,"href":"https:\/\/dimensionturistica.com\/es\/wp-json\/wp\/v2\/tags?post=124311"}],"curies":[{"name":"wp","href":"https:\/\/api.w.org\/{rel}","templated":true}]}}