{"id":124273,"date":"2021-05-10T10:24:30","date_gmt":"2021-05-10T10:24:30","guid":{"rendered":"https:\/\/dimensionturistica.com\/es\/?p=124273"},"modified":"2021-05-10T10:24:30","modified_gmt":"2021-05-10T10:24:30","slug":"abiertas-las-inscripciones-para-participar-en-fitur-travel-video-competition-noticias-de-madrid","status":"publish","type":"post","link":"https:\/\/dimensionturistica.com\/es\/abiertas-las-inscripciones-para-participar-en-fitur-travel-video-competition-noticias-de-madrid\/","title":{"rendered":"Abiertas las inscripciones para participar en &#8216;FITUR Travel Video Competition&#8217; &#8211; Noticias de Madrid"},"content":{"rendered":"<p> <br \/>\n<\/p>\n<div>\n<p>Ya est\u00e1 abierto el plazo de inscripci\u00f3n para participar en FITUR Journey Video Competitors , el certamen promovido por el \u00c1rea delegada de Turismo que est\u00e1 integrado en la programaci\u00f3n de Touchdown Madrid, el foro dedicado a la comunicaci\u00f3n tur\u00edstica audiovisual que tiene como objetivo situar a la ciudad como capital mundial en este \u00e1mbito.<\/p>\n<p>En esta nueva convocatoria, se premiar\u00e1n los mejores v\u00eddeos de los destinos, empresas y asociaciones presentes en la feria con dos competiciones (internacional y nacional) y cinco \u00e1mbitos tem\u00e1ticos (Destino Tur\u00edstico Ciudad, Destino Tur\u00edstico Regi\u00f3n, Destino Tur\u00edstico Pa\u00eds, Producto Tur\u00edstico y Servicio Tur\u00edstico). En el caso de la competici\u00f3n nacional, la categor\u00eda Destino Tur\u00edstico Pa\u00eds se sustituye por la de mejor destino de turismo cinematogr\u00e1fico. Adem\u00e1s, se otorgar\u00e1 un galard\u00f3n especial a la transformaci\u00f3n digital y un Grand Prix.<\/p>\n<p>Inscripciones gratuitas<\/p>\n<p>Las inscripciones son gratuitas y pueden realizarse a trav\u00e9s de la internet <a rel=\"nofollow noopener\" target=\"_blank\" href=\"http:\/\/www.landing-madrid.com\">www.landing-madrid.com<\/a> . Esta tercera edici\u00f3n del certamen se celebrar\u00e1 del 18 al 21 de mayo en el Centro de Cultura Contempor\u00e1nea Condeduque y FITUR, en donde tendr\u00e1 lugar la entrega de premios el d\u00eda 21.<\/p>\n<p>Dos de las piezas espa\u00f1olas premiadas en la edici\u00f3n 2020 han cosechado varios premios internacionales en festivales de todo el mundo. Es el caso de \u2018El Capit\u00e1n\u2019 (Ayuntamiento de Conil de la Frontera) y \u2018Hambre de Experiencias\u2019 (Diputaci\u00f3n de <a rel=\"nofollow noopener\" target=\"_blank\" href=\"https:\/\/www.lacerca.com\/etiquetas\/1\/pontevedra\">Pontevedra<\/a>).<\/p>\n<p>Touchdown Madrid (Touchdown-New Traits on Tourism Communication ) est\u00e1 impulsado por el \u00c1rea Delegada de Turismo en colaboraci\u00f3n con Terres Panorama and Journey Communication y CIFFT (Comit\u00e9 Internacional de Festivales de Movies Tur\u00edsticos), la pink mundial de festivales que, desde el a\u00f1o 1989 distingue a las mejores piezas de comunicaci\u00f3n audiovisual de la industria tur\u00edstica mundial. \/<\/p>\n<\/p><\/div>\n<p><script type=\"text\/plain\" class=\"cc-onconsent-social\">(function(d, s, id) {\n      var js, fjs = d.getElementsByTagName(s)[0];\n      if (d.getElementById(id)) return;\n      js = d.createElement(s); js.id = id;\n      js.src = \"https:\/\/connect.facebook.net\/es_ES\/all.js#xfbml=1&appId=183967301644474\";\n      fjs.parentNode.insertBefore(js, fjs);\n    }(document, 'script', 'facebook-jssdk'));<\/script><br \/>\n<br \/><\/p>\n<p><em> &#8221; Fuentes www.lacerca.com &#8221; <\/em><\/p>\n","protected":false},"excerpt":{"rendered":"<p>Ya est\u00e1 abierto el plazo de inscripci\u00f3n para participar en FITUR Journey Video Competitors , el certamen promovido por el \u00c1rea delegada de Turismo que est\u00e1 integrado en la programaci\u00f3n de Touchdown Madrid, el foro dedicado a la comunicaci\u00f3n tur\u00edstica audiovisual que tiene como objetivo situar a la ciudad como capital mundial en este \u00e1mbito. [&hellip;]<\/p>\n","protected":false},"author":4,"featured_media":0,"comment_status":"open","ping_status":"closed","sticky":false,"template":"","format":"standard","meta":{"om_disable_all_campaigns":false,"jnews-multi-image_gallery":[],"jnews_single_post":[],"jnews_primary_category":[],"jnews_social_meta":[],"footnotes":""},"categories":[39],"tags":[2047,23511,4593,11854,10753,685,442],"class_list":["post-124273","post","type-post","status-publish","format-standard","hentry","category-viajes","tag-abiertas","tag-competition","tag-fitur","tag-inscripciones","tag-participar","tag-travel","tag-video"],"_links":{"self":[{"href":"https:\/\/dimensionturistica.com\/es\/wp-json\/wp\/v2\/posts\/124273","targetHints":{"allow":["GET"]}}],"collection":[{"href":"https:\/\/dimensionturistica.com\/es\/wp-json\/wp\/v2\/posts"}],"about":[{"href":"https:\/\/dimensionturistica.com\/es\/wp-json\/wp\/v2\/types\/post"}],"author":[{"embeddable":true,"href":"https:\/\/dimensionturistica.com\/es\/wp-json\/wp\/v2\/users\/4"}],"replies":[{"embeddable":true,"href":"https:\/\/dimensionturistica.com\/es\/wp-json\/wp\/v2\/comments?post=124273"}],"version-history":[{"count":0,"href":"https:\/\/dimensionturistica.com\/es\/wp-json\/wp\/v2\/posts\/124273\/revisions"}],"wp:attachment":[{"href":"https:\/\/dimensionturistica.com\/es\/wp-json\/wp\/v2\/media?parent=124273"}],"wp:term":[{"taxonomy":"category","embeddable":true,"href":"https:\/\/dimensionturistica.com\/es\/wp-json\/wp\/v2\/categories?post=124273"},{"taxonomy":"post_tag","embeddable":true,"href":"https:\/\/dimensionturistica.com\/es\/wp-json\/wp\/v2\/tags?post=124273"}],"curies":[{"name":"wp","href":"https:\/\/api.w.org\/{rel}","templated":true}]}}