{"id":123881,"date":"2021-05-09T09:42:25","date_gmt":"2021-05-09T09:42:25","guid":{"rendered":"https:\/\/dimensionturistica.com\/es\/?p=123881"},"modified":"2021-05-09T09:42:25","modified_gmt":"2021-05-09T09:42:25","slug":"guias-turisticos-el-gremio-cultural-mas-olvidado","status":"publish","type":"post","link":"https:\/\/dimensionturistica.com\/es\/guias-turisticos-el-gremio-cultural-mas-olvidado\/","title":{"rendered":"gu\u00edas tur\u00edsticos, el gremio cultural m\u00e1s olvidado"},"content":{"rendered":"<p> <br \/>\n<\/p>\n<div>\n<p> El 9 de marzo de 2020, <strong>Hugo Romero<\/strong> se encontraba en Sicilia como gu\u00eda de un grupo de turistas de Pamplona. Se hab\u00edan decidido a hacer el viaje porque, pese a algunas noticias preocupantes, la visi\u00f3n espa\u00f1ola sobre el coronavirus todav\u00eda no period tan aterradora. Cuando llegaron a Italia, vieron que estaba casi todo cerrado, apenas hab\u00eda nadie en la calle y la<a rel=\"nofollow noopener\" target=\"_blank\" href=\"https:\/\/www.elconfidencial.com\/mundo\/europa\/2020-03-20\/italia-epicentro-mortal-coronavirus_2508028\/\"> televisi\u00f3n iba contando los muertos que ya ca\u00edan en las regiones del norte<\/a>. La realidad se les ech\u00f3 encima. Esa misma noche,<strong> el gobierno italiano declar\u00f3 el estado de alarma.<\/strong> \u201cBusqu\u00e9 un vuelo enseguida y tomamos el \u00faltimo que sal\u00eda de Palermo. Ah\u00ed supe que en los pr\u00f3ximos meses mi trabajo habr\u00eda desaparecido\u201d, cuenta Romero a El Confidencial. Lo que no esperaba es que<strong> se fuera a quedar sin trabajo durante m\u00e1s de un a\u00f1o <\/strong>y, adem\u00e1s, sin ning\u00fan tipo de ayuda econ\u00f3mica. <\/p>\n<p> Tal es la situaci\u00f3n que viven ahora gu\u00edas como <strong>Patricia Blaci<\/strong>, que trabaj\u00f3 durante 25 a\u00f1os haciendo excursions para espa\u00f1oles en <a rel=\"nofollow noopener\" target=\"_blank\" href=\"https:\/\/www.elconfidencial.com\/mundo\/europa\/2020-06-07\/venecia-italia-turismo-euros-coronavirus_2414044\/\">Venecia <\/a>y a quien la mala suerte le hizo mudarse a Valencia solo diez d\u00edas antes del estado de alarma. \u201cMe qued\u00e9 encerrada en una casa y en una ciudad desconocidas, sin amigos y sin recibir nada porque no hab\u00eda cotizado en Espa\u00f1a. Llegu\u00e9 con viajes ya cerrados, pero no los pude hacer. <strong>Llevo un a\u00f1o sobreviviendo <\/strong>y todav\u00eda no s\u00e9 c\u00f3mo he logrado llegar hasta aqu\u00ed\u201d, explica con pesadumbre. <\/p>\n<p class=\"bodyObject bodyBlockquote\">&#8220;El 9 de marzo de 2020 tomamos el \u00faltimo vuelo que sal\u00eda de Palermo. Supe que en los pr\u00f3ximos meses mi trabajo habr\u00eda desaparecido&#8221;<\/p>\n<p> O <strong>Lola L\u00f3pez Bravo<\/strong>, especialista en <a rel=\"nofollow noopener\" target=\"_blank\" href=\"https:\/\/www.elconfidencial.com\/alma-corazon-vida\/2016-07-12\/cinco-cosas-distinguen-paises-escandinavos_1230043\/\">Escandinavia<\/a>, que regres\u00f3 de Laponia a Madrid el 7 de enero de 2020 y tras participar en algunos congresos, \u201cno he vuelto a trabajar. Mientras la gente no pueda salir yo no voy a tener trabajo. Es desesperante porque no tengo ninguna ayuda, tengo un hijo\u2026\u201d, asegura. Y los ahorros se esfuman. <\/p>\n<h2 class=\"bodyTitle\">Sin bolos&#8230; como los artistas<\/h2>\n<p> Casos como el de L\u00f3pez Bravo, Blaci o Romero -con m\u00e1s de 20 a\u00f1os dedicado a la profesi\u00f3n- son solo ejemplos de <strong>un gremio que ha ca\u00eddo en el olvido de todos,<\/strong> tanto del Gobierno central como las comunidades aut\u00f3nomas, que no han desarrollado ning\u00fan tipo de mecanismo que les haya podido aliviar este a\u00f1o, m\u00e1s all\u00e1 de, en la mayor\u00eda de los casos, dejar de pagar la cuota de aut\u00f3nomos o cobrar el paro (quien tuviera). Para estos trabajadores no ha existido <a rel=\"nofollow noopener\" target=\"_blank\" href=\"https:\/\/www.elconfidencial.com\/tags\/temas\/erte-20956\/\">ERTE <\/a>que valga. <strong>\u201cNosotros somos trabajadores aut\u00f3nomos o tenemos contratos a tiempo parcial o por obra o fijos discontinuos&#8221;<\/strong>, sostiene Romero. Por eso, es dif\u00edcil cuantificar las personas que se dedican a este oficio. Muchos de ellos tambi\u00e9n se dedican a la docencia, la traducci\u00f3n y al trabajo en las oficinas de las agencias de viaje. En t\u00e9rminos generales, unas mil personas trabajan para touroperadores &#8220;y otras mil de aut\u00f3nomos y gu\u00edas en empresas peque\u00f1as&#8221;, remarca este gu\u00eda. <\/p>\n<p> &#8220;Y este a\u00f1o, al no haber viajes ni nada, ha habido una <strong>desaparici\u00f3n casi completa de los ingresos. <\/strong>Tengo compa\u00f1eros que con m\u00e1s de 40 a\u00f1os han vuelto a casa de sus padres. En mi caso tambi\u00e9n hago traducciones y este invierno he hecho algunas m\u00e1s as\u00ed que eso me ha permitido mantener unos ingresos aunque muy reducidos\u201d, comenta. \u201cNo se est\u00e1 haciendo nada. Yo creo que se deber\u00eda crear una figura del gu\u00eda tur\u00edstico con ep\u00edgrafes espec\u00edficos, es decir, la figura profesional, con una regulaci\u00f3n y reconocimiento. <strong>Estamos pensando en asociarnos para reivindicar nuestro trabajo<\/strong>\u201d, apunta L\u00f3pez Bravo. De hecho, ya se han movido al respecto y hay m\u00e1s de 500 trabajadores interesados. <\/p>\n<p class=\"bodyObject bodyBlockquote\">&#8220;Tengo compa\u00f1eros que con m\u00e1s de 40 a\u00f1os han vuelto a casa de sus padres&#8221;<\/p>\n<p> Sus circunstancias son parecidas a las de los m\u00fasicos y otros artistas que dependen de los bolos. Pero mientras en estos casos ha habido esfuerzos para que las salas no cerraran o se abrieran los teatros, \u201clo que hay que tener en cuenta es que <strong>los trabajadores son el alma de estos negocios<\/strong> y sin ellos\u2026 Es decir, est\u00e1 muy bien que la sala no cierre, pero si cuando esto termine no hay m\u00fasicos porque se han tenido que buscar la vida con otros trabajos\u2026 Pues igual nosotros. Est\u00e1 bien las ayudas a los touroperadores, pero igual no va a haber tantos gu\u00edas cuando esto acabe porque nadie quiere seguir exponi\u00e9ndose a esa sensaci\u00f3n de precariedad\u201d, recuerda Romero. <\/p>\n<figure class=\"bodyObject bodyImage__wrapper bodyImage__wrapper--portrait\"><figcaption class=\"bodyImage__caption\">  Hugo Romero en Erice (Sicilia), antes de la pandemia   <\/figcaption><\/figure>\n<p> Una soluci\u00f3n para estos profesionales podr\u00eda haber sido trabajar como gu\u00eda native ante los cierres perimetrales, pero r\u00e1pidamente desestimaron la opci\u00f3n: <strong>no hay hueco para tanto gu\u00eda<\/strong>. \u201cAqu\u00ed en Madrid ya estaban los de Madrid. Si los que trabajamos fuera tambi\u00e9n queremos hacerlo aqu\u00ed\u2026 imposible. Y luego seguimos con el problema de los freetours, que se han saltado todas las restricciones y cuando no se pod\u00eda ir m\u00e1s de seis personas, ellos estaban en la Plaza Mayor con 10-15 personas dando paseos. Es un poco indignante. Es gente que no tiene carn\u00e9 de gu\u00eda ni habilitaci\u00f3n ni nada\u201d, se lamenta L\u00f3pez Bravo. <\/p>\n<h2 class=\"bodyTitle\">Turismo cultural, no de borrachera<\/h2>\n<p> Aparte de su situaci\u00f3n precarizada por la pandemia, a estos trabajadores tambi\u00e9n les ha dolido que durante todo este tiempo siempre que se hablara de turismo y volver a abrir las fronteras en el imaginario colectivo -y en el pol\u00edtico- estuviera<strong> el sol, la playa, los guiris tostados por el sol y las ca\u00f1as de cerveza<\/strong>. \u201cEn Espa\u00f1a tenemos un patrimonio que es muy superior al de otros pa\u00edses europeos, pero tradicionalmente cuando hablamos del turismo pensamos enseguida en eso de la borrachera. Y no es as\u00ed. Adem\u00e1s, hay que tener en cuenta el papel que ha jugado el tour cultural organizado en la sociedad espa\u00f1ola\u201d, defiende Romero que durante a\u00f1os ha trabajado con asociaciones de la tercera edad \u201cy nuestro trabajo tiene un papel esencial para ense\u00f1ar otros modos de vida, lugares y culturas a personas que a lo mejor hab\u00edan llegado a los 60, 70 a\u00f1os sin ir nunca al extranjero\u201d. <\/p>\n<figure class=\"bodyObject bodyImage__wrapper bodyImage__wrapper--landscape\"><figcaption class=\"bodyImage__caption\">  La imagen cl\u00e1sica del turismo en Espa\u00f1a. Aqu\u00ed en Girona esta semana santa. (EFE)  <\/figcaption><\/figure>\n<p> Lo ven ahora cuando est\u00e1 a punto de expirar el <a rel=\"nofollow noopener\" target=\"_blank\" href=\"https:\/\/www.elconfidencial.com\/espana\/2021-05-07\/comunidades-autonomas-medidas-coronavirus-fin-estado-de-alarma_3068583\/\">estado de alarma <\/a>con<strong> im\u00e1genes centradas en playas y terrazas. <\/strong>\u201cEn este pa\u00eds se confunde mucho el turismo de sol y playa con la actividad que hacemos nosotros. Cuando se llenen los hoteles de sol y playa va a dar trabajo al sector de los hoteles y la restauraci\u00f3n, pero a nosotros como gu\u00edas\u2026 Es gente que viene a tomar el sol, que me parece muy bien, pero a nosotros no nos afecta\u201d, sostiene L\u00f3pez Bravo. <\/p>\n<p class=\"bodyObject bodyBlockquote\">\u201cEn Espa\u00f1a tenemos gran patrimonio, pero cuando hablamos del turismo pensamos enseguida en eso de la borrachera&#8221;<\/p>\n<p> Esa es una de las cr\u00edticas. La otra tiene que ver con los que<strong> siempre est\u00e1n demonizando al turismo.<\/strong> Los que, dicen, escriben las pintadas de \u201cturistas go home\u201d o solo pasan por su mente las empresas de apartamentos vacacionales. Aquellos a quienes irritan las riadas de japoneses tras un paraguas. \u201cA mucha gente que le molesta eso luego se va de vacaciones a alguna parte tambi\u00e9n. En esa cr\u00edtica hay algo de postura privilegiada, porque mucha gente que lo desprecia tiene una posici\u00f3n\u2026 Habla idiomas, se puede permitir viajar solo sin necesidad de un gu\u00eda y de que le reserven los hoteles y restaurantes, pero hay mucha gente que no se puede ir al extranjero de esa manera\u201d, manifiesta Romero. <\/p>\n<figure class=\"bodyObject bodyImage__wrapper bodyImage__wrapper--landscape\"><figcaption class=\"bodyImage__caption\">  Concentraci\u00f3n de gu\u00edas tur\u00edsticos en Sevilla el a\u00f1o pasado. (EFE)  <\/figcaption><\/figure>\n<p> <strong>Jos\u00e9 Ram\u00f3n Garc\u00eda<\/strong>, que lleva m\u00e1s de 20 a\u00f1os trabajando con grupos de hispanoparlantes en <a rel=\"nofollow noopener\" target=\"_blank\" href=\"https:\/\/www.elconfidencial.com\/tags\/lugares\/escocia-5610\/\">Escocia<\/a>, donde tiene su empresa \u2018Excursiones por Escocia\u2019, reconoce que no tiene nada que ver c\u00f3mo se trata al turismo cultural en Reino Unido y en Espa\u00f1a. \u201cSon mundos completamente diferentes. All\u00ed en algunas ocasiones hay cuatro piedras, pero te ponen un centro de visitantes, un centro de interpretaci\u00f3n, un parking y es otra cosa. Y el Scottish National Trust, el departamento de Turismo escoc\u00e9s, es una instituci\u00f3n. Y vas a unas ruinas en medio del monte y un d\u00eda a la semana te encuentras a un se\u00f1or con su kilt recogiendo los papelitos que pueda haber y que est\u00e9 todo limpio. <strong>Comparado con Espa\u00f1a le sacan mucho partido a todo<\/strong>\u201d, explica. Aqu\u00ed seguimos hablando de ca\u00f1as\u2026 y de que son cuatro piedras que no sirven para nada. <\/p>\n<h2 class=\"bodyTitle\">El pasaporte covid, imprescindible<\/h2>\n<p> Pese a que en los \u00faltimos d\u00edas se percibe cierto entusiasmo porque todo vuelva a la cuasi normalidad, el gremio de los gu\u00edas tur\u00edsticos no ve el futuro con demasiado optimismo. Despu\u00e9s del olvido de todo este a\u00f1o, m\u00e1s bien con ninguno. <strong>Lo f\u00edan todo a la vacunaci\u00f3n<\/strong>, aunque lamentan que no hayan sido incluidos en los grupos de riesgo. \u201cY yo sin estar vacunada no voy a poder irme con ning\u00fan grupo de viaje\u201d, se queja Blaci. En su caso, adem\u00e1s, reconocen que el llamado pasaporte covid es imprescindible. \u201cA medida que una persona est\u00e9 vacunada debe poder viajar\u201d, recalca Romero. <\/p>\n<p class=\"bodyObject bodyBlockquote\">Lo f\u00edan todo a la vacunaci\u00f3n, aunque lamentan que no hayan sido incluidos en los grupos de riesgo<\/p>\n<p> Tambi\u00e9n creen que en los planes de recuperaci\u00f3n deber\u00edan ser tratados m\u00e1s como cultura y menos como un <a rel=\"nofollow noopener\" target=\"_blank\" href=\"https:\/\/www.elconfidencial.com\/tags\/temas\/turismo-6641\/\">sector industrial.<\/a> \u201cMe parece muy bien que haya ayudas para hoteles y restaurantes de la costa, pero si por ejemplo hay <strong>un bono cultural ser\u00eda esencial que una visita guiada o un recorrido hist\u00f3rico forme parte <\/strong>de las actividades que puede cubrir ese bono\u201d, propone este gu\u00eda. <\/p>\n<p> Mientras tanto, L\u00f3pez Bravo se resigna a dar este verano por perdido: \u201cSi empieza a viajar la gente mayor cuando ya est\u00e9 vacunada\u2026, pero creo que queda todav\u00eda mucho hasta que la gente empiece a viajar en grupo\u2026 Igual hay algo m\u00e1s de libertad que el a\u00f1o pasado dentro del pa\u00eds, pero poco m\u00e1s\u201d. Romero, por su parte, quiere ver algo de luz al last del t\u00fanel: \u201cSi no hay variantes extra\u00f1as, <strong>en alg\u00fan momento de este verano empezaremos a ver un cambio <\/strong>y a finales de este a\u00f1o el cambio ser\u00e1 m\u00e1s contundente\u201d. Todos lo estamos deseando. <\/p>\n<\/p><\/div>\n\n<p><em> &#8221; Fuentes www.elconfidencial.com &#8221; <\/em><\/p>\n","protected":false},"excerpt":{"rendered":"<p>El 9 de marzo de 2020, Hugo Romero se encontraba en Sicilia como gu\u00eda de un grupo de turistas de Pamplona. Se hab\u00edan decidido a hacer el viaje porque, pese a algunas noticias preocupantes, la visi\u00f3n espa\u00f1ola sobre el coronavirus todav\u00eda no period tan aterradora. Cuando llegaron a Italia, vieron que estaba casi todo cerrado, [&hellip;]<\/p>\n","protected":false},"author":4,"featured_media":123882,"comment_status":"open","ping_status":"closed","sticky":false,"template":"","format":"standard","meta":{"om_disable_all_campaigns":false,"jnews-multi-image_gallery":[],"jnews_single_post":[],"jnews_primary_category":[],"jnews_social_meta":[],"footnotes":""},"categories":[40],"tags":[],"class_list":["post-123881","post","type-post","status-publish","format-standard","has-post-thumbnail","hentry","category-industria"],"_links":{"self":[{"href":"https:\/\/dimensionturistica.com\/es\/wp-json\/wp\/v2\/posts\/123881","targetHints":{"allow":["GET"]}}],"collection":[{"href":"https:\/\/dimensionturistica.com\/es\/wp-json\/wp\/v2\/posts"}],"about":[{"href":"https:\/\/dimensionturistica.com\/es\/wp-json\/wp\/v2\/types\/post"}],"author":[{"embeddable":true,"href":"https:\/\/dimensionturistica.com\/es\/wp-json\/wp\/v2\/users\/4"}],"replies":[{"embeddable":true,"href":"https:\/\/dimensionturistica.com\/es\/wp-json\/wp\/v2\/comments?post=123881"}],"version-history":[{"count":0,"href":"https:\/\/dimensionturistica.com\/es\/wp-json\/wp\/v2\/posts\/123881\/revisions"}],"wp:featuredmedia":[{"embeddable":true,"href":"https:\/\/dimensionturistica.com\/es\/wp-json\/wp\/v2\/media\/123882"}],"wp:attachment":[{"href":"https:\/\/dimensionturistica.com\/es\/wp-json\/wp\/v2\/media?parent=123881"}],"wp:term":[{"taxonomy":"category","embeddable":true,"href":"https:\/\/dimensionturistica.com\/es\/wp-json\/wp\/v2\/categories?post=123881"},{"taxonomy":"post_tag","embeddable":true,"href":"https:\/\/dimensionturistica.com\/es\/wp-json\/wp\/v2\/tags?post=123881"}],"curies":[{"name":"wp","href":"https:\/\/api.w.org\/{rel}","templated":true}]}}