{"id":123847,"date":"2021-05-09T06:32:27","date_gmt":"2021-05-09T06:32:27","guid":{"rendered":"https:\/\/dimensionturistica.com\/es\/?p=123847"},"modified":"2021-05-09T06:32:27","modified_gmt":"2021-05-09T06:32:27","slug":"sera-coahuila-sede-de-grandes-eventos-la-prensa-de-monclova","status":"publish","type":"post","link":"https:\/\/dimensionturistica.com\/es\/sera-coahuila-sede-de-grandes-eventos-la-prensa-de-monclova\/","title":{"rendered":"Ser\u00e1 Coahuila sede de grandes eventos \u2013 La Prensa de Monclova"},"content":{"rendered":"<p> <br \/>\n<\/p>\n<div>\n<div class=\"wp-block-image is-style-default\">\n<figure class=\"aligncenter size-large is-resized\"><img decoding=\"async\" loading=\"lazy\" src=\"https:\/\/www.laprensademonclova.com\/wp-content\/uploads\/2021\/05\/RIQUELME-2.jpg\" alt=\"\" class=\"wp-image-98538\" width=\"300\" height=\"203\" srcset=\"https:\/\/www.laprensademonclova.com\/wp-content\/uploads\/2021\/05\/RIQUELME-2.jpg 600w, https:\/\/www.laprensademonclova.com\/wp-content\/uploads\/2021\/05\/RIQUELME-2-300x203.jpg 300w\" sizes=\"auto, (max-width: 300px) 100vw, 300px\"\/><figcaption>\u201cLa entidad fue elegida para importantes encuentros\u201d, destac\u00f3 Miguel Riquelme.<\/figcaption><\/figure>\n<\/div>\n<p>Por Jes\u00fas E. Medina<\/p>\n<p>Tras el impacto por la pandemia, el 2021 vislumbra un mejor escenario para la industria tur\u00edstica de nuestro estado, ya que Coahuila ser\u00e1 sede de eventos nacionales e internacionales y tendr\u00e1 participaci\u00f3n en otros de gran proyecci\u00f3n, destac\u00f3 el gobernador Miguel \u00c1ngel Riquelme Sol\u00eds.<\/p>\n<p>\u201cLa confianza en Coahuila, en su infraestructura, conectividad, seguridad y calidad en los servicios, as\u00ed como el compromiso de todos los involucrados en el sector, con la coordinaci\u00f3n del Gobierno del Estado, permitieron que la entidad haya sido elegida para importantes encuentros\u201d, destac\u00f3 el Mandatario estatal.<\/p>\n<p>Saltillo y el Pueblo M\u00e1gico de Parras de la Fuente recibir\u00e1n del 25 al 27 de mayo a alrededor de 70 presidentes de las diferentes delegaciones de la C\u00e1mara Nacional de la Industria Restaurantera, Alimentos y Condimentos (CANIRAC), que tendr\u00e1n su Asamblea Nacional.<\/p>\n<p>Del 27 al 30 de mayo Saltillo ser\u00e1 sede de la Convenci\u00f3n Anual e Internacional de Agencias de Viajes 2021, a la que asistir\u00e1n 400 agentes de viajes de todo el Pa\u00eds e invitados internacionales.<\/p>\n<p>\u201cTodo esto es posible con la gu\u00eda dictada por los Subcomit\u00e9s Regionales de Salud, una estrategia acertada que se reconoce en otros lados\u201d, dijo Riquelme Sol\u00eds.<\/p>\n<p>\u201cLa base es la protecci\u00f3n y seguridad de la salud de los ciudadanos, a partir de ah\u00ed se ha ido dando la reactivaci\u00f3n de los diferentes sectores de la econom\u00eda, y el turismo es una de las bases\u201d, a\u00f1adi\u00f3.<\/p>\n<p>As\u00ed, nuestro estado tendr\u00e1 la oportunidad de mostrar su riqueza a los afiliados de la Asociaci\u00f3n Mexicana de Agencias de Viajes (AMAV), que organiza la actividad.<\/p>\n<p>Para el mes de junio, del 14 al 18 se desarrollar\u00e1 unos de los rallys m\u00e1s reconocidos en M\u00e9xico en su tipo y calidad organizativa: la Carrera Coahuila 1000, una actividad llena de adrenalina, que tan s\u00f3lo el a\u00f1o pasado permiti\u00f3 una gran ocupaci\u00f3n hotelera y una derrama superior a los 35 millones de pesos.<\/p>\n<p>Los d\u00edas 19 y 20 de junio, Coahuila asistir\u00e1 al Competition de Viajes y Aventuras en Monterrey, un evento de comercializaci\u00f3n en nuestro mercado meta m\u00e1s cercano que es Nuevo Le\u00f3n, donde se tendr\u00e1 la oferta tur\u00edstica de nuestro estado a trav\u00e9s de tour operadores, OCV\u2019s y agencias de viajes. Ser\u00e1 abierto al p\u00fablico.<\/p>\n<p>En agosto, Torre\u00f3n ser\u00e1 sede del S\u00e9ptimo Congreso de AMEREF (Asociaci\u00f3n Mexicana de Recintos Feriales), al que acudir\u00e1n 150 personas. La actividad permitir\u00e1 impulsar el Turismo de Reuniones con la fortaleza que representa el Centro de Convenciones de Torre\u00f3n.<\/p>\n<p>Coahuila participar\u00e1 en el Tianguis Tur\u00edstico que se realizar\u00e1 en M\u00e9rida, Yucat\u00e1n, del 26 al 29 de septiembre; nuestro estado asistir\u00e1 con toda su cadena de valor: OCV\u2019s, agencias de viajes y tour operadores, entre otros.<\/p>\n<p>Nuestra entidad recibir\u00e1 de nueva cuenta a una de las carreras de automovilismo con mayor tradici\u00f3n y prestigio nacional e internacional: la Gran Carrera Panamericana. Se efectuar\u00e1 del 14 al 21 de octubre.<\/p>\n<p>Coahuila adem\u00e1s participar\u00e1 en el Vallarta Nayarit Gastron\u00f3mica 2021, mostrando sus vinos y riqueza gastron\u00f3mica.<\/p>\n<p>Este evento se considera de los m\u00e1s reconocidos en el \u00e1mbito gastron\u00f3mico a nivel mundial. A\u00fan no se tiene fecha definida. El a\u00f1o pasado se llev\u00f3 a cabo a finales de octubre en Jalisco, donde nuestro estado recibi\u00f3 la filipina que lo acredita como invitado especial.<\/p>\n<p>Para noviembre, en Cuatro Ci\u00e9negas ser\u00e1 la Convenci\u00f3n Anual de Hoteleros, donde se abordar\u00e1n asuntos como la homologaci\u00f3n de pr\u00e1cticas, la capacitaci\u00f3n y se refrendar\u00e1 la sinergia de trabajo en el sector.<\/p>\n<p>Ese mismo mes, del 22 al 25, Monclova ser\u00e1 sede de la Convenci\u00f3n Nacional de Tour Operadores, organizado por la asociaci\u00f3n que los aglutina en el Pa\u00eds, ANTOMEX.<\/p>\n<p>El evento reunir\u00e1 a 200 participantes de la Rep\u00fablica Mexicana.<\/p>\n<p>En noviembre tambi\u00e9n se realizar\u00e1 el Tianguis de Pueblos M\u00e1gicos, en el Estado de Hidalgo, donde nuestra entidad presentar\u00e1 la oferta tur\u00edstica de sus siete Pueblos M\u00e1gicos.<\/p>\n<p>Coahuila asistir\u00e1 en diciembre a la Comisi\u00f3n Tur\u00edstica Binacional en el Paso, Texas. Es un evento de comercializaci\u00f3n de los productos tur\u00edsticos con posibles compradores del sur de Estados Unidos y el norte de M\u00e9xico.<\/p>\n<p>Para el 2022, Coahuila ser\u00e1 sede en alguna de sus fronteras de ese encuentro.<\/p>\n<p>Para el 2023, la Regi\u00f3n Sureste del estado ser\u00e1 sede del Congreso Nacional de la Industria de Reuniones (CNIR), que re\u00fane a m\u00e1s de 500 profesionales de la industria de reuniones de todo el Pa\u00eds.<\/p>\n<\/p><\/div>\n\n<p><em> &#8221; Fuentes www.laprensademonclova.com &#8221; <\/em><\/p>\n","protected":false},"excerpt":{"rendered":"<p>\u201cLa entidad fue elegida para importantes encuentros\u201d, destac\u00f3 Miguel Riquelme. Por Jes\u00fas E. Medina Tras el impacto por la pandemia, el 2021 vislumbra un mejor escenario para la industria tur\u00edstica de nuestro estado, ya que Coahuila ser\u00e1 sede de eventos nacionales e internacionales y tendr\u00e1 participaci\u00f3n en otros de gran proyecci\u00f3n, destac\u00f3 el gobernador Miguel [&hellip;]<\/p>\n","protected":false},"author":4,"featured_media":123848,"comment_status":"open","ping_status":"closed","sticky":false,"template":"","format":"standard","meta":{"om_disable_all_campaigns":false,"jnews-multi-image_gallery":[],"jnews_single_post":[],"jnews_primary_category":[],"jnews_social_meta":[],"footnotes":""},"categories":[40],"tags":[],"class_list":["post-123847","post","type-post","status-publish","format-standard","has-post-thumbnail","hentry","category-industria"],"_links":{"self":[{"href":"https:\/\/dimensionturistica.com\/es\/wp-json\/wp\/v2\/posts\/123847","targetHints":{"allow":["GET"]}}],"collection":[{"href":"https:\/\/dimensionturistica.com\/es\/wp-json\/wp\/v2\/posts"}],"about":[{"href":"https:\/\/dimensionturistica.com\/es\/wp-json\/wp\/v2\/types\/post"}],"author":[{"embeddable":true,"href":"https:\/\/dimensionturistica.com\/es\/wp-json\/wp\/v2\/users\/4"}],"replies":[{"embeddable":true,"href":"https:\/\/dimensionturistica.com\/es\/wp-json\/wp\/v2\/comments?post=123847"}],"version-history":[{"count":0,"href":"https:\/\/dimensionturistica.com\/es\/wp-json\/wp\/v2\/posts\/123847\/revisions"}],"wp:featuredmedia":[{"embeddable":true,"href":"https:\/\/dimensionturistica.com\/es\/wp-json\/wp\/v2\/media\/123848"}],"wp:attachment":[{"href":"https:\/\/dimensionturistica.com\/es\/wp-json\/wp\/v2\/media?parent=123847"}],"wp:term":[{"taxonomy":"category","embeddable":true,"href":"https:\/\/dimensionturistica.com\/es\/wp-json\/wp\/v2\/categories?post=123847"},{"taxonomy":"post_tag","embeddable":true,"href":"https:\/\/dimensionturistica.com\/es\/wp-json\/wp\/v2\/tags?post=123847"}],"curies":[{"name":"wp","href":"https:\/\/api.w.org\/{rel}","templated":true}]}}