{"id":123808,"date":"2021-05-09T03:47:51","date_gmt":"2021-05-09T03:47:51","guid":{"rendered":"https:\/\/dimensionturistica.com\/es\/?p=123808"},"modified":"2021-05-09T03:47:52","modified_gmt":"2021-05-09T03:47:52","slug":"resumen-de-actividades-candidatos-a-la-gubernatura","status":"publish","type":"post","link":"https:\/\/dimensionturistica.com\/es\/resumen-de-actividades-candidatos-a-la-gubernatura\/","title":{"rendered":"Resumen de actividades candidatos a la gubernatura"},"content":{"rendered":"<p> <br \/>\n<\/p>\n<div>\n<h2>Resumen nocturno de actividades candidatos a la gubernatura del 8 de Mayo<\/h2>\n<p>Noticias<\/p>\n<h3><strong>Mauricio Kuri <\/strong><strong>de Partido Acci\u00f3n Nacional <\/strong><\/h3>\n<p>Sostuvo un encuentro con diversos l\u00edderes sociales queretanos de diferentes fuerzas pol\u00edticas, los cuales, se sumaron a su proyecto al considerarlo el mejor para la entidad, y no de partidos o de colores; adem\u00e1s, reconocieron en el candidato del Partido Acci\u00f3n Nacional (PAN) y Quer\u00e9taro Independiente (QI), su capacidad de unir a todos los partidos pol\u00edticos en una sola causa para hacer equipo y llevar a Quer\u00e9taro a lo m\u00e1s alto.<\/p>\n<p>\u201cEs momento de proteger Quer\u00e9taro, no es un momento de partidos, no es un momento de fif\u00eds o de chairos; no es un momento de liberales o conservadores, tenemos que entender que hay un solo M\u00e9xico, para un solo M\u00e9xico de todos los mexicanos hay que defender, proteger y cubrir a Quer\u00e9taro. Les pido su apoyo para este 6 de junio, los necesito; puedo ser un gran gobernador, pero necesito de su ayuda\u201d.\u00a0<\/p>\n<p><!-- Composite Start --><\/p>\n<p><!-- Composite End --><\/p>\n<p>El candidato a gobernador de Quer\u00e9taro reconoci\u00f3 que se tienen muchos retos que afrontar, principalmente en materia de seguridad, por lo que, dijo, se implementar\u00e1n las acciones necesarias para blindar la entidad, y a\u00f1adi\u00f3 que, de la mano con la ciudadan\u00eda, se le apostar\u00e1 a un estado de paz, con mejores espacios deportivos, culturales, art\u00edsticos y mejor educaci\u00f3n, lo que permitir\u00e1 fortalecer el tejido social.<\/p>\n<p>De la misma forma asegur\u00f3 que es necesario reactivar la econom\u00eda del estado, para ello, se generar\u00e1n las condiciones para que Quer\u00e9taro sea el gran centro emprendedor del pa\u00eds, para lo cual se brindar\u00e1n financiamientos, capacitaci\u00f3n, acompa\u00f1amiento y un plan de negocios para que los emprendedores se animen a crear su propia empresa.<\/p>\n<p>Por \u00faltimo, se\u00f1al\u00f3 que, para todas las mujeres en situaci\u00f3n de vulnerabilidad, se tendr\u00e1 la `Tarjeta Contigo\u00b4, con la cual se apoyar\u00e1 con mil 500 pesos para que puedan completar sus gastos del d\u00eda a d\u00eda; adem\u00e1s de impulsar el `Seguro de Desempleo\u00b4, para apoyar a quienes pierdan su trabajo con tres mil 500 pesos mensuales en lo que encuentran un nuevo empleo.<\/p>\n<p>\u201cNo podemos permitir que haya muchos Quer\u00e9taros, porque hay que decirlo, en Quer\u00e9taro, aunque todos tengamos el mismo cielo, no todos tenemos el mismo horizonte; hay brechas de desigualdad que tenemos que acortar y eso se hace con servicios, con educaci\u00f3n, con capacitaci\u00f3n y que les vaya mejor a todos, ese es mi compromiso\u201d.\u00a0<\/p>\n<p>En el evento tambi\u00e9n estuvieron presentes, el candidato a la presidencia municipal de Quer\u00e9taro, Luis Nava; as\u00ed como la candidata a la diputaci\u00f3n native por el IV Distrito, Ana Paola L\u00f3pez Birlain y el candidato a la diputaci\u00f3n federal por el IV Distrito Federal, Felifer Mac\u00edas.\u00a0<\/p>\n<h3><strong>Celia Maya de MORENA <\/strong><\/h3>\n<p>Visit\u00f3 la comunidad de Chichimequillas la compa\u00f1\u00f3; el candidato a la Presidencia Municipal de El Marqu\u00e9s, Lupe Garc\u00eda, el candidato a Diputado Federal por el Distrito V, Omar de Jes\u00fas Nava, y la candidata a la Diputaci\u00f3n Native del Distrito XII, Jazm\u00edn Olvera.<\/p>\n<p>Omar de Jes\u00fas Nava dijo gracias a ustedes por el apoyo que nos est\u00e1n dando; \u201cVengo de una comunidad de Amealco, yo legislar\u00e9 por el Distrito V, viendo las verdaderas necesidades. Me he criado en la calle y ser\u00e9 su voz en el congreso. Por supuesto, con nuestra pr\u00f3xima gobernadora Celia Maya, derrumbaremos est\u00e1 barrera de los gobiernos panistas, este 6 junio\u201d.<\/p>\n<p>Jazm\u00edn Olvera expres\u00f3 que no puede ser que El Marqu\u00e9s a pesar de ser un municipio importante el 30 % de habitantes vivan en pobreza, existe buen gran deuda con las mujeres que son productivas y vamos a luchar por ustedes.<\/p>\n<p>Por su parte, Lupe Garc\u00eda afirm\u00f3: \u201cVoy empezar a agradecer a toda la gente que me acompa\u00f1a vamos a la mitad del camino, y vamos a ir construyendo el proyecto anticorrupci\u00f3n en El Marqu\u00e9s. Necesitamos apoyar al campo, vamos a gestionar recursos para los agricultores y ganaderos, y desarrollaremos una ruta de ecoturismo en el municipio\u201d.<\/p>\n<p>El candidato a la presidencia de El Marqu\u00e9s invit\u00f3 a todos los asistentes a votar por MORENA porque juntos podr\u00e1n llegar al triunfo, afirm\u00f3 que la confianza ser\u00e1 determinante para ganar.<\/p>\n<p>Celia Maya agradeci\u00f3 al p\u00fablico que asisti\u00f3 y mencion\u00f3 que el futuro de Quer\u00e9taro est\u00e1 con MORENA, exhort\u00f3 al p\u00fablico a \u00a0tomar conciencia de las cosas, y del gobierno que quieren. Explic\u00f3 que es la tercera vez que participa para gubernatura de Quer\u00e9taro, y que a sus 71 a\u00f1os y 40 a\u00f1os de experiencia en la impartici\u00f3n de justicia, se encuentra muy l\u00facida para gobernar su estado.<\/p>\n<p>\u201cLa vida me dio la oportunidad de representar este partido, y me siento obligado por hacer algo por Quer\u00e9taro, yo siento a mi estado en mi coraz\u00f3n. De ser favorecida empezar\u00e9 atender los problemas y la seguridad ser\u00e1 un tema en el que empezaremos a trabajar\u201d, declar\u00f3 la candidata a la gubernatura.<\/p>\n<h3><strong>Abigail Arredondo <\/strong><strong>del Partido Revolucionario Institucional<\/strong><\/h3>\n<p>Hizo un recorrido por el Municipio de Jalpan de Serra, manifest\u00f3 que como gobernadora crear\u00e1 pozos de absorci\u00f3n para reabastecer el manto fre\u00e1tico y captaci\u00f3n de agua pluvial.<\/p>\n<p>Comparti\u00f3 en redes sociales: Las y los habitantes de Jag\u00fcey, en Jalpan de Serra, sufren por la escaces de agua potable. Es por eso que como gobernadora, crear\u00e9 pozos de absorci\u00f3n para reabastecer el manto fre\u00e1tico y captaci\u00f3n de agua pluvial. \u00a1Vamos juntos por el #CambioValiente!<\/p>\n<p>Comparti\u00f3 en redes sociales: En Arroyo Seco sumamos m\u00e1s valientes que quieren un cambio verdadero. Trabajar\u00e9 de la mano con Iliana Montes y @HuertaNancy15 para ver un Quer\u00e9taro mejor. \u00a1#SoyValiente!<\/p>\n<h3><strong>Juan Carlos Mart\u00ednez de Fuerza por M\u00e9xico<\/strong><\/h3>\n<p>Asegur\u00f3 que brindar\u00e1 a apoyo al comercio, que forma parte del sector terciario de la cadena econ\u00f3mica de la que miles de familias queretanas dependen.<br \/>Juan Carlos Mart\u00ednez recorri\u00f3 el tianguis de Tlaloc, en la zona norte de Quer\u00e9taro, acompa\u00f1ado de los candidatos de Fuerza por M\u00e9xico a la diputaci\u00f3n por el primer distrito federal, Gaby Arguelles y al primer distrito native, Erik Osornio, quienes refrendaron el compromiso con el sector comercial.<br \/>\u201cEstamos haciendo recorridos por todos los mercados y tianguis y con los candidatos desde temprano, escuchamos a los comerciantes queretanos y el sentir de la gente empieza a ser optimista, en el que las oportunidades se est\u00e1n volviendo a dar y tambi\u00e9n las condiciones\u201d, afirm\u00f3 el candidato a la gubernatura.<\/p>\n<p>Al escuchar a los comerciantes Juan Carlos Mart\u00ednez refrend\u00f3 su compromiso de crear programas y brindar facilidades a los comerciantes y negocios que son quienes aportan de manera importante a la actividad econ\u00f3mica.<\/p>\n<p>\u201cHay que brindar apoyos, cortando el costo de las licencias, hay que poyar con resultados, de una forma equitativa, tanto para el gobierno como para ellos, el comercio mueve la econom\u00eda, sabemos que este dinero circula todos los d\u00edas, se va para comprar productos b\u00e1sicos para poderse revender, queremos que la ciudadan\u00eda se d\u00e9 cuenta que somos un partido distinto, un partido ciudadano, de progreso y de la innovaci\u00f3n, venimos a hacer un Quer\u00e9taro diferente, queremos un Quer\u00e9taro sin corrupci\u00f3n, sin extorsiones, queremos un Quer\u00e9taro ciudadano que sea digno para todos y que tenga piso parejo para todos\u201d.<\/p>\n<p>Reconoci\u00f3 la actitud de los comerciantes queretanos, quienes a pesar de la dificultad de la pandemia buscaron alternativas para continuar llevan ingresos a sus familias, a pesar del nulo apoyo que les brindaron las autoridades estatales y municipales.<\/p>\n<p>\u201cLos comerciantes est\u00e1n contentos, est\u00e1n incentivados, hay movimiento hay personas, se reactiva la econom\u00eda, sabemos claramente que soy el candidato innovador, el candidato que apoya que las econom\u00edas, por eso invito a la gente a que despierte, que empiecen a avanzar de la manera adecuada, siempre lo he dicho; bolsa llena vida contenta, sin dinero nos afecta la salud y no tener un bienestar real, somos una ciudadan\u00eda aguerrida que buscamos tener una prosperidad y una prosperidad pareja, todos trabajamos y lo hacemos dignamente\u201d, finaliz\u00f3.<\/p>\n<h3><strong>Katia Res\u00e9ndiz <\/strong><strong>del Partido Verde <\/strong><\/h3>\n<p>Comparti\u00f3 en redes sociales: Mi gobierno ser\u00e1 uno con visi\u00f3n de futuro verde y sostenible. Esta se lograr\u00e1 sum\u00e1ndonos a los esfuerzos de la ciudadan\u00eda y la iniciativa privada para el cuidado de nuestro medio ambiente. Para ello, crearemos la Secretar\u00eda del Medio Ambiente como garante de esta misi\u00f3n<\/p>\n<p>Comparti\u00f3 en redes sociales: Recorriendo el municipio de Huimilpan me llen\u00e9 de la energ\u00eda de esta gente maravillosa. S\u00e9 que encabezo un proyecto con poder de cambio y cada d\u00eda que escucho y trabajo mano a mano con la ciudadan\u00eda, confirmo que vamos a hacerlo realidad. #KatiaGobernadora #Quer\u00e9taroSomos1<\/p>\n<h3><strong>Beatriz Le\u00f3n \u00a0del Movimiento Ciudadano<\/strong><\/h3>\n<p>Comparti\u00f3 en redes sociales: En #LaPresita, Tolim\u00e1n, ya saben que no tienen que votar por los mismos de siempre, porque s\u00ed hay otra opci\u00f3n para corregir la desigualdad con justicia y es con @MovCiudadanoMX<\/p>\n<p>Lleg\u00f3 la hora, #M\u00e1sValeCorregir que lamentar<\/p>\n<p>Comparti\u00f3 en redes sociales: Me siento orgullosa de ver a la ciudadan\u00eda motivada a participar en la toma de decisiones para corregir el rumbo de #Quer\u00e9taro.<\/p>\n<h2><strong>Mary Ibarra del Partido Encuentro Solidario<\/strong><\/h2>\n<p>Comparti\u00f3 en redes sociales: Estimado Presidente Hugo Eric Flores Cervantes: Gracias por tu visita y por tus palabras de apoyo.<\/p>\n<p>Estoy convencida que en Quer\u00e9taro el PES representar\u00e1 el cambio que tanto se necesita.<\/p>\n<p>#maryibarramx #YoSoyPES #pesqro #PorLaVidaYLaFamilia<\/p>\n<h2><strong>Miguel Nava Alvarado de Redes Sociales Progresistas<\/strong><\/h2>\n<p>Visit\u00f3 el municipio de Pedro Escobedo y platic\u00f3 con los colonos de la localidad. Comento que est\u00e1 contendiendo por ser empleado de la ciudadan\u00eda.<\/p>\n<h2><strong>Penelope Ram\u00edrez \u00a0del Partido del Trabajo<\/strong><\/h2>\n<p>Comparti\u00f3 en redes sociales: Recorrimos algunas zonas de Lomas de Casa Blanca para conocer las inquietudes de los vecinos, quienes compartieron sus perspectivas acerca de lo laboral y la reactivaci\u00f3n econ\u00f3mica en los \u00faltimos meses con la pandemia, situaci\u00f3n que ha afectado a diversos sectores sociales.<\/p>\n<h2><strong>Raquel Ruiz del Partido de la Revoluci\u00f3n Democr\u00e1tica<\/strong><\/h2>\n<p>Comparti\u00f3 en redes sociales: \u00a1Gracias San Juan del R\u00edo!, por recibirme y escuchar mis propuestas. En mi gobierno le daremos a este gran municipio la infraestructura que merece. #Vota #Elecciones2021 #Quer\u00e9taro #AlcemosJuntosLaVoz<\/p>\n<p><strong>\u00a0<\/strong><\/p>\n<\/div>\n<p><script>(function(d, s, id) {\n  var js, fjs = d.getElementsByTagName(s)[0];\n  if (d.getElementById(id)) return;\n  js = d.createElement(s); js.id = id;\n  js.src = \"https:\/\/connect.facebook.net\/es_LA\/sdk.js#xfbml=1&appId=546007945598485&version=v2.3\";\n  fjs.parentNode.insertBefore(js, fjs);\n}(document, 'script', 'facebook-jssdk'));<\/script><br \/>\n<br \/><\/p>\n<p><em> &#8221; Fuentes noticiasdequeretaro.com.mx &#8221; <\/em><\/p>\n","protected":false},"excerpt":{"rendered":"<p>Resumen nocturno de actividades candidatos a la gubernatura del 8 de Mayo Noticias Mauricio Kuri de Partido Acci\u00f3n Nacional Sostuvo un encuentro con diversos l\u00edderes sociales queretanos de diferentes fuerzas pol\u00edticas, los cuales, se sumaron a su proyecto al considerarlo el mejor para la entidad, y no de partidos o de colores; adem\u00e1s, reconocieron en [&hellip;]<\/p>\n","protected":false},"author":4,"featured_media":123809,"comment_status":"open","ping_status":"closed","sticky":false,"template":"","format":"standard","meta":{"om_disable_all_campaigns":false,"jnews-multi-image_gallery":[],"jnews_single_post":[],"jnews_primary_category":[],"jnews_social_meta":[],"footnotes":""},"categories":[40],"tags":[],"class_list":["post-123808","post","type-post","status-publish","format-standard","has-post-thumbnail","hentry","category-industria"],"_links":{"self":[{"href":"https:\/\/dimensionturistica.com\/es\/wp-json\/wp\/v2\/posts\/123808","targetHints":{"allow":["GET"]}}],"collection":[{"href":"https:\/\/dimensionturistica.com\/es\/wp-json\/wp\/v2\/posts"}],"about":[{"href":"https:\/\/dimensionturistica.com\/es\/wp-json\/wp\/v2\/types\/post"}],"author":[{"embeddable":true,"href":"https:\/\/dimensionturistica.com\/es\/wp-json\/wp\/v2\/users\/4"}],"replies":[{"embeddable":true,"href":"https:\/\/dimensionturistica.com\/es\/wp-json\/wp\/v2\/comments?post=123808"}],"version-history":[{"count":0,"href":"https:\/\/dimensionturistica.com\/es\/wp-json\/wp\/v2\/posts\/123808\/revisions"}],"wp:featuredmedia":[{"embeddable":true,"href":"https:\/\/dimensionturistica.com\/es\/wp-json\/wp\/v2\/media\/123809"}],"wp:attachment":[{"href":"https:\/\/dimensionturistica.com\/es\/wp-json\/wp\/v2\/media?parent=123808"}],"wp:term":[{"taxonomy":"category","embeddable":true,"href":"https:\/\/dimensionturistica.com\/es\/wp-json\/wp\/v2\/categories?post=123808"},{"taxonomy":"post_tag","embeddable":true,"href":"https:\/\/dimensionturistica.com\/es\/wp-json\/wp\/v2\/tags?post=123808"}],"curies":[{"name":"wp","href":"https:\/\/api.w.org\/{rel}","templated":true}]}}