{"id":123805,"date":"2021-05-09T03:37:47","date_gmt":"2021-05-09T03:37:47","guid":{"rendered":"https:\/\/dimensionturistica.com\/es\/?p=123805"},"modified":"2021-05-09T03:37:47","modified_gmt":"2021-05-09T03:37:47","slug":"lanzan-programa-especial-para-el-dia-de-las-madres","status":"publish","type":"post","link":"https:\/\/dimensionturistica.com\/es\/lanzan-programa-especial-para-el-dia-de-las-madres\/","title":{"rendered":"Lanzan programa especial para el D\u00eda de las Madres"},"content":{"rendered":"<p> <br \/>\n<\/p>\n<div>\n<h2>Secult organiz\u00f3 eventos en l\u00ednea en el que artistas queretanos brindar\u00e1n un homenaje a las madres<\/h2>\n<p>Noticias<\/p>\n<p>Con motivo del D\u00eda de las Madres, la Secretar\u00eda de Cultura del estado llevar\u00e1 a cabo un programa especial en l\u00ednea, con actividades art\u00edsticas que ser\u00e1n transmitidas el 10 de mayo en la cuenta de Fb: Secretar\u00eda de Cultura del Estado de Quer\u00e9taro, en el que participar\u00e1n diversos artistas que, a trav\u00e9s de su talento, brindar\u00e1n un homenaje a las mam\u00e1s.<\/p>\n<p>El programa se compone de 32 actividades que podr\u00e1n disfrutarse a trav\u00e9s de las redes sociales de la Secult (@secultqro), en donde participar\u00e1n 93 artistas.<\/p>\n<p><!-- Composite Start --><\/p>\n<p><!-- Composite End --><\/p>\n<p>Durante el d\u00eda se podr\u00e1 disfrutar de diez clips musicales de la Banda de M\u00fasica del Estado de Quer\u00e9taro, cuatro clips musicales de distintas compa\u00f1\u00edas art\u00edsticas como: la Compa\u00f1\u00eda Gorri\u00f3n Huasteco, Amanecer Huasteco, Rondalla de Quer\u00e9taro Diamantina y de Marisa \u00c1lvarez y Josu\u00e9 Partida.<\/p>\n<p>Adem\u00e1s de cinco clips de exposiciones y actividades de artistas participantes en el Centro Queretano de la Imagen y Museo de Arte Contempor\u00e1neo, por mencionar algunos; la presentaci\u00f3n de teatro de Avatares C\u00eda. Teatral y Compa\u00f1\u00eda de Teatro Ritual Mexicano; un taller de teatro para madres e hijas por parte de Mariana Harta S\u00e1nchez y 11 clips de cuentos de mediadores de lectura del Centro de Arte Emergente.<\/p>\n<\/div>\n<p><script>(function(d, s, id) {\n  var js, fjs = d.getElementsByTagName(s)[0];\n  if (d.getElementById(id)) return;\n  js = d.createElement(s); js.id = id;\n  js.src = \"https:\/\/connect.facebook.net\/es_LA\/sdk.js#xfbml=1&appId=546007945598485&version=v2.3\";\n  fjs.parentNode.insertBefore(js, fjs);\n}(document, 'script', 'facebook-jssdk'));<\/script><br \/>\n<br \/><\/p>\n<p><em> &#8221; Fuentes noticiasdequeretaro.com.mx &#8221; <\/em><\/p>\n","protected":false},"excerpt":{"rendered":"<p>Secult organiz\u00f3 eventos en l\u00ednea en el que artistas queretanos brindar\u00e1n un homenaje a las madres Noticias Con motivo del D\u00eda de las Madres, la Secretar\u00eda de Cultura del estado llevar\u00e1 a cabo un programa especial en l\u00ednea, con actividades art\u00edsticas que ser\u00e1n transmitidas el 10 de mayo en la cuenta de Fb: Secretar\u00eda de [&hellip;]<\/p>\n","protected":false},"author":4,"featured_media":123806,"comment_status":"open","ping_status":"closed","sticky":false,"template":"","format":"standard","meta":{"om_disable_all_campaigns":false,"jnews-multi-image_gallery":[],"jnews_single_post":[],"jnews_primary_category":[],"jnews_social_meta":[],"footnotes":""},"categories":[40],"tags":[],"class_list":["post-123805","post","type-post","status-publish","format-standard","has-post-thumbnail","hentry","category-industria"],"_links":{"self":[{"href":"https:\/\/dimensionturistica.com\/es\/wp-json\/wp\/v2\/posts\/123805","targetHints":{"allow":["GET"]}}],"collection":[{"href":"https:\/\/dimensionturistica.com\/es\/wp-json\/wp\/v2\/posts"}],"about":[{"href":"https:\/\/dimensionturistica.com\/es\/wp-json\/wp\/v2\/types\/post"}],"author":[{"embeddable":true,"href":"https:\/\/dimensionturistica.com\/es\/wp-json\/wp\/v2\/users\/4"}],"replies":[{"embeddable":true,"href":"https:\/\/dimensionturistica.com\/es\/wp-json\/wp\/v2\/comments?post=123805"}],"version-history":[{"count":0,"href":"https:\/\/dimensionturistica.com\/es\/wp-json\/wp\/v2\/posts\/123805\/revisions"}],"wp:featuredmedia":[{"embeddable":true,"href":"https:\/\/dimensionturistica.com\/es\/wp-json\/wp\/v2\/media\/123806"}],"wp:attachment":[{"href":"https:\/\/dimensionturistica.com\/es\/wp-json\/wp\/v2\/media?parent=123805"}],"wp:term":[{"taxonomy":"category","embeddable":true,"href":"https:\/\/dimensionturistica.com\/es\/wp-json\/wp\/v2\/categories?post=123805"},{"taxonomy":"post_tag","embeddable":true,"href":"https:\/\/dimensionturistica.com\/es\/wp-json\/wp\/v2\/tags?post=123805"}],"curies":[{"name":"wp","href":"https:\/\/api.w.org\/{rel}","templated":true}]}}