{"id":123800,"date":"2021-05-09T03:21:36","date_gmt":"2021-05-09T03:21:36","guid":{"rendered":"https:\/\/dimensionturistica.com\/es\/?p=123800"},"modified":"2021-05-09T03:21:36","modified_gmt":"2021-05-09T03:21:36","slug":"extienden-horarios-de-panteones-por-10-de-mayo","status":"publish","type":"post","link":"https:\/\/dimensionturistica.com\/es\/extienden-horarios-de-panteones-por-10-de-mayo\/","title":{"rendered":"Extienden horarios de panteones por 10 de mayo"},"content":{"rendered":"<p> <br \/>\n<\/p>\n<div>\n<h2>El Marqu\u00e9s se asegurar\u00e1 de que los cementerios lleven a cabo las medidas preventivas a fin de evitar aglomeraciones<\/h2>\n<p>Noticias<\/p>\n<p>El gobierno municipal de El Marqu\u00e9s, informa que, debido a la celebraci\u00f3n del D\u00eda de las Madres, este fin de semana se extender\u00e1n los horarios para poder visitar los panteones; sin embargo, y a fin de evitar aglomeraciones habr\u00e1 ciertas medidas de prevenci\u00f3n en beneficio de los marquesinos para evitar la propagaci\u00f3n del COVID-19.<\/p>\n<p>Al respecto, el secretario de Servicios P\u00fablicos Municipales Mauro Arag\u00f3n Ch\u00e1vez,\u00a0dio a conocer algunas medidas preventivas, se\u00f1al\u00f3 que se tendr\u00e1 un filtro sanitario en las entradas principales de los siete cementerios de la demarcaci\u00f3n para verificar que la ciudadan\u00eda porte el cubrebocas y respete la sana distancia dentro del camposanto.<\/p>\n<p><!-- Composite Start --><\/p>\n<p><!-- Composite End --><\/p>\n<p>\u201cHemos valorado estas decisiones con Protecci\u00f3n Civil y la Secretar\u00eda de Seguridad P\u00fablica para no violentar las reglas de la Secretar\u00eda de Salud, y no entorpecer la log\u00edstica que tienen sobre las medidas de la pandemia. Hoy tenemos un poco m\u00e1s de apertura, pero conservando los mismos cuidados\u201d.<\/p>\n<p>\u201cLos panteones s\u00ed estar\u00e1n abiertos, no ser\u00e1 de manera regular como en a\u00f1os pasados, pero no ser\u00e1 un cierre completo. Se permitir\u00e1 un acceso restringido, se les pedir\u00e1 el uso de cubrebocas, un determinado tiempo permanecer en el pante\u00f3n para no hacer aglomeraciones\u201d,\u00a0subray\u00f3 Arag\u00f3n Ch\u00e1vez.\u00a0<\/p>\n<p>Asimismo se\u00f1al\u00f3 que para visitas, solo podr\u00e1n ingresar dos personas por familia, y la estancia en el lugar ser\u00e1 solo de 20 minutos, respetando la sana distancia, en un horario de 9:00 a 17:00 horas, mientras que para servicios funerarios por COVID-19 tendr\u00e1n acceso 5 personas, y 30 personas por fallecimiento de otra \u00edndole.\u00a0<\/p>\n<p>De acuerdo al secretario de Servicios P\u00fablicos Municipales, los horarios solo permanecer\u00e1n los d\u00edas 8 y 9 de mayo, por lo que a partir del 10 de este mes continuar\u00e1n los horarios habituales: 9:00 a 16:00 h.<\/p>\n<p>Finalmente Arag\u00f3n Ch\u00e1vez, inst\u00f3 a la ciudadan\u00eda a no bajar la guardia, a permanecer en casa y a acatar las normas en la visita a los cementerios: \u201cBuscamos proteger a todas las personas que acudan, por lo que les pedimos que nos apoyen acatando las disposiciones, todo es por su seguridad y salud\u201d, puntualiz\u00f3.<\/p>\n<\/div>\n<p><script>(function(d, s, id) {\n  var js, fjs = d.getElementsByTagName(s)[0];\n  if (d.getElementById(id)) return;\n  js = d.createElement(s); js.id = id;\n  js.src = \"https:\/\/connect.facebook.net\/es_LA\/sdk.js#xfbml=1&appId=546007945598485&version=v2.3\";\n  fjs.parentNode.insertBefore(js, fjs);\n}(document, 'script', 'facebook-jssdk'));<\/script><br \/>\n<br \/><\/p>\n<p><em> &#8221; Fuentes noticiasdequeretaro.com.mx &#8221; <\/em><\/p>\n","protected":false},"excerpt":{"rendered":"<p>El Marqu\u00e9s se asegurar\u00e1 de que los cementerios lleven a cabo las medidas preventivas a fin de evitar aglomeraciones Noticias El gobierno municipal de El Marqu\u00e9s, informa que, debido a la celebraci\u00f3n del D\u00eda de las Madres, este fin de semana se extender\u00e1n los horarios para poder visitar los panteones; sin embargo, y a fin [&hellip;]<\/p>\n","protected":false},"author":4,"featured_media":123801,"comment_status":"open","ping_status":"closed","sticky":false,"template":"","format":"standard","meta":{"om_disable_all_campaigns":false,"jnews-multi-image_gallery":[],"jnews_single_post":[],"jnews_primary_category":[],"jnews_social_meta":[],"footnotes":""},"categories":[40],"tags":[],"class_list":["post-123800","post","type-post","status-publish","format-standard","has-post-thumbnail","hentry","category-industria"],"_links":{"self":[{"href":"https:\/\/dimensionturistica.com\/es\/wp-json\/wp\/v2\/posts\/123800","targetHints":{"allow":["GET"]}}],"collection":[{"href":"https:\/\/dimensionturistica.com\/es\/wp-json\/wp\/v2\/posts"}],"about":[{"href":"https:\/\/dimensionturistica.com\/es\/wp-json\/wp\/v2\/types\/post"}],"author":[{"embeddable":true,"href":"https:\/\/dimensionturistica.com\/es\/wp-json\/wp\/v2\/users\/4"}],"replies":[{"embeddable":true,"href":"https:\/\/dimensionturistica.com\/es\/wp-json\/wp\/v2\/comments?post=123800"}],"version-history":[{"count":0,"href":"https:\/\/dimensionturistica.com\/es\/wp-json\/wp\/v2\/posts\/123800\/revisions"}],"wp:featuredmedia":[{"embeddable":true,"href":"https:\/\/dimensionturistica.com\/es\/wp-json\/wp\/v2\/media\/123801"}],"wp:attachment":[{"href":"https:\/\/dimensionturistica.com\/es\/wp-json\/wp\/v2\/media?parent=123800"}],"wp:term":[{"taxonomy":"category","embeddable":true,"href":"https:\/\/dimensionturistica.com\/es\/wp-json\/wp\/v2\/categories?post=123800"},{"taxonomy":"post_tag","embeddable":true,"href":"https:\/\/dimensionturistica.com\/es\/wp-json\/wp\/v2\/tags?post=123800"}],"curies":[{"name":"wp","href":"https:\/\/api.w.org\/{rel}","templated":true}]}}