{"id":123791,"date":"2021-05-09T03:05:24","date_gmt":"2021-05-09T03:05:24","guid":{"rendered":"https:\/\/dimensionturistica.com\/es\/?p=123791"},"modified":"2021-05-09T03:05:25","modified_gmt":"2021-05-09T03:05:25","slug":"por-que-este-es-el-fitur-mas-importante-de-la-historia","status":"publish","type":"post","link":"https:\/\/dimensionturistica.com\/es\/por-que-este-es-el-fitur-mas-importante-de-la-historia\/","title":{"rendered":"por qu\u00e9 este es el Fitur m\u00e1s importante de la historia"},"content":{"rendered":"<p> <br \/>\n<\/p>\n<div>\n<p> Reducida la tasa de incidencia del covid-19 y con el proceso de vacunaci\u00f3n en pleno crecimiento, el Gobierno y las comunidades aut\u00f3nomas han materializado un pacto de Estado: <strong>organizar Fitur. <\/strong>Se trata de una medida que servir\u00e1 para recuperar la confianza en la marca Espa\u00f1a y en las empresas que dinamizan <a rel=\"nofollow noopener\" target=\"_blank\" href=\"https:\/\/www.elconfidencial.com\/tags\/temas\/turismo-6641\/\">la industria tur\u00edstica.<\/a><\/p>\n<p><a rel=\"nofollow noopener\" target=\"_blank\" href=\"https:\/\/www.elconfidencial.com\/tags\/temas\/fitur-13976\/\">La Feria Internacional de Turismo<\/a>, que en 2020 cumpli\u00f3 40 a\u00f1os, se convertir\u00e1 del 19 al 23 de mayo en <strong>la primera cita de las m\u00e1s importantes ferias tur\u00edsticas mundiales<\/strong> tras la cancelaci\u00f3n de la ITB de Berl\u00edn (la n\u00famero 1 del planeta) y la World Journey Market de Londres. Hay mucha expectaci\u00f3n, ganas de reactivar el negocio y de volver al formato presencial tras tantos foros y encuentros v\u00eda Zoom. \u00bfSer\u00e1 el Fitur m\u00e1s relevante de la historia? <\/p>\n<p class=\"bodyObject bodyBlockquote\">Las comunidades m\u00e1s tur\u00edsticas como Canarias, Baleares o Andaluc\u00eda ir\u00e1n con toda su artiller\u00eda promocional<\/p>\n<p> La organizaci\u00f3n garantiza una representaci\u00f3n de todos los continentes, aunque habr\u00e1 ausencias como <strong>Canad\u00e1,<\/strong> <strong>Corea del Sur<\/strong> o <strong>Rep\u00fablica Checa<\/strong> y muchos pa\u00edses no confirmar\u00e1n su asistencia hasta el \u00faltimo momento. Compa\u00f1\u00edas hoteleras de referencias como <a rel=\"nofollow noopener\" target=\"_blank\" href=\"https:\/\/www.elconfidencial.com\/empresas\/2021-02-11\/hotusa-sepi-millones-ayuda-coronavirus_2946892\/\">Hotusa, que sufre dificultades financieras,<\/a> a\u00fan no saben si estar\u00e1n en Fitur. <\/p>\n<p> Las comunidades aut\u00f3nomas m\u00e1s tur\u00edsticas como<strong> Canarias<\/strong>, <strong>Baleares<\/strong> o <a rel=\"nofollow noopener\" target=\"_blank\" href=\"https:\/\/www.elconfidencial.com\/espana\/andalucia\/2021-05-05\/hoteles-andaluces-aceleran-apertura-mayo_3063544\/\">Andaluc\u00eda<\/a> (que tendr\u00e1 un pabell\u00f3n completo, el n\u00famero 5) ir\u00e1n con toda su artiller\u00eda promocional. Eso s\u00ed, no empezar\u00e1n a difundir hasta pocos d\u00edas antes de la feria las novedades que plantear\u00e1n en la cita madrile\u00f1a. La feria no incluir\u00e1 c\u00f3cteles ni degustaciones gastron\u00f3micas en el inside de los pabellones por el protocolo covid. Los destinos regionales de referencia tambi\u00e9n preparan actos fuera de Ifema, en el centro de Madrid, al aire libre y con management de asistencia.<\/p>\n<p><a rel=\"nofollow noopener\" target=\"_blank\" href=\"https:\/\/www.ifema.es\/fitur\">La feria<\/a> tambi\u00e9n es cada vez m\u00e1s un espacio de conocimiento del sector. Este a\u00f1o se ampliar\u00e1n los distintos foros de debates de la mano de Fitur Tech, Fitur Expertise y Fitur Know-How &amp; Export. Estos encuentros, que discurrir\u00e1n en paralelo a la presencia institucional y empresarial en los principales pabellones, contribuir\u00e1n a difundir las diferentes estrategias del sector. <strong>Fitur Dwell Join<\/strong> tambi\u00e9n se pone en marcha como una pink profesional que conecta a los profesionales. <\/p>\n<figure class=\"bodyObject bodyImage__wrapper bodyImage__wrapper--landscape\"><figcaption class=\"bodyImage__caption\">  La ministra de Industria, Comercio y Turismo, Reyes Maroto. (EFE)  <\/figcaption><\/figure>\n<p> Nadie duda de que estos meses resultan decisivos para empezar a <a rel=\"nofollow noopener\" target=\"_blank\" href=\"https:\/\/www.elconfidencial.com\/empresas\/2021-04-24\/antes-2022-son-recetas-recuperar-negocio-turistico-perdido_3049048\/\">recuperar de manera paulatina la importancia del turismo en la riqueza y el empleo mundial,<\/a> como se ha destacado en las recientes cumbres de la <strong>WTTC<\/strong> (Consejo Mundial del Viaje y del Turismo) en Canc\u00fan (M\u00e9xico) y la <strong>OMT <\/strong>(Organizaci\u00f3n Mundial del Turismo) de este fin de semana en Punta Cana (Rep\u00fablica Dominicana). <\/p>\n<p> Est\u00e1 claro que Fitur recibir\u00e1 a menos p\u00fablico. Las previsiones apuntan a<strong> 50.000 personas por d\u00eda <\/strong>frente a los 150.000 de la edici\u00f3n anterior. El fin de semana est\u00e1 previsto que acudan 25.000 personas el s\u00e1bado y otras 25.000 el domingo. La edici\u00f3n de 2020 agrup\u00f3 a 1.040 empresas de 165 pa\u00edses \/regiones, 150.011 profesionales y 111.089 visitantes de p\u00fablico normal.<\/p>\n<p>En la edici\u00f3n de 2021 habr\u00e1 <strong>pasillos y espacios expositivos m\u00e1s amplios,<\/strong> no habr\u00e1 la cl\u00e1sica entrega de folletos en papel y al management del aforo se le a\u00f1adir\u00e1 un<a rel=\"nofollow noopener\" target=\"_blank\" href=\"https:\/\/www.elconfidencial.com\/espana\/2021-05-08\/ubes-rechaza-la-decision-de-fijar-los-precios-maximos-para-pcr-y-test-de-antigenos_3070764\/\"> test de ant\u00edgenos<\/a> que ser\u00e1 obligatorio para todos los asistentes de mi\u00e9rcoles a viernes (los d\u00edas profesionales). No habr\u00e1 management anticovid durante el fin de semana. <\/p>\n<section class=\"bodyObject inTextNews\">\n<figure class=\"inTextNews__imgWrapper\">  <img decoding=\"async\" class=\"inTextNews__img\" alt=\"Foto: Reuni\u00f3n del comit\u00e9 de seguimiento del coronavirus\" src=\"https:\/\/www.ecestaticos.com\/image\/clipping\/cd3d3ef180e3f62b53cfea41f4c4fa9d\/sanchez-decidio-no-alargar-la-alarma-para-salvar-el-turismo-nos-la-jugamos.jpg\" srcset=\" https:\/\/www.ecestaticos.com\/image\/clipping\/202\/152\/cd3d3ef180e3f62b53cfea41f4c4fa9d\/sanchez-decidio-no-alargar-la-alarma-para-salvar-el-turismo-nos-la-jugamos.jpg 202w, https:\/\/www.ecestaticos.com\/image\/clipping\/144\/108\/cd3d3ef180e3f62b53cfea41f4c4fa9d\/sanchez-decidio-no-alargar-la-alarma-para-salvar-el-turismo-nos-la-jugamos.jpg 144w, https:\/\/www.ecestaticos.com\/image\/clipping\/128\/96\/cd3d3ef180e3f62b53cfea41f4c4fa9d\/sanchez-decidio-no-alargar-la-alarma-para-salvar-el-turismo-nos-la-jugamos.jpg 128w\" sizes=\" (min-width: 996px) 202px, (min-width: 768px) 144px, 128px\"\/>  <\/figure>\n<div class=\"inTextNews__text\">\n<header> <span> <a rel=\"nofollow noopener\" target=\"_blank\" class=\"inTextNews__title\" href=\"https:\/\/www.elconfidencial.com\/espana\/2021-05-08\/sanchez-decidio-no-alargar-alarma-salvar-turismo_3069987\/\">S\u00e1nchez decidi\u00f3 no alargar la alarma para salvar el turismo: &#8220;Nos la jugamos&#8221;<\/a> <\/span> <\/header>\n<p>    <span class=\"inTextNews__itemSignature\">Itziar Reyero<\/span>   <\/p>\n<\/p><\/div>\n<\/section>\n<p> Para entrar al recinto ser\u00e1 necesario que el asistente a <a rel=\"nofollow noopener\" target=\"_blank\" href=\"https:\/\/www.elconfidencial.com\/tags\/organismos\/ifema-723\/\">Ifema<\/a> haya dado negativo en check, que ser\u00e1 validado a trav\u00e9s de una aplicaci\u00f3n. La prueba tendr\u00e1 una validez m\u00e1xima de 72 horas. El coste lo asumir\u00e1 cada persona que entre al recinto y la organizaci\u00f3n tiene un acuerdo con<strong> Quir\u00f3n<\/strong> para la elaboraci\u00f3n de estos check. El precio oscilar\u00e1 entre los 30 euros (si se llega a Ifema ya con la prueba realizada) y los 45 euros para los que se hagan el check en uno de los pabellones habilitados. <\/p>\n<p> Ser\u00e1 tambi\u00e9n un Fitur m\u00e1s caro para los destinos y <a rel=\"nofollow noopener\" target=\"_blank\" href=\"https:\/\/www.elconfidencial.com\/empresas\/\">empresas<\/a> que asumir\u00e1n el coste de los check para sus trabajadores que se expondr\u00e1n a un fin de semana con p\u00fablico y que no tendr\u00e1n la garant\u00eda de seguridad sanitaria que s\u00ed habr\u00e1 en los d\u00edas de feria profesional. El compromiso institucional con Ifema es evidente y este a\u00f1o, como se\u00f1ala un experto del sector, <strong>\u201ctoca arremangarse y ayudar entre todos\u201d.<\/strong> <\/p>\n<p class=\"bodyObject bodyBlockquote\">Las agencias de viaje observan Fitur con esperanza para dar la cara ante destinos competidores como Turqu\u00eda, Grecia o Israel <\/p>\n<p> Es tan esencial para el Gobierno esta edici\u00f3n de Fitur que a los directivos de <a rel=\"nofollow noopener\" target=\"_blank\" href=\"https:\/\/www.elconfidencial.com\/espana\/andalucia\/2020-12-15\/ministerio-sanidad-web-turistas-medidas-covid_2869376\/\">Turespa\u00f1a<\/a> en Europa se les ha obligado a desplazarse a Madrid, una medida un tanto discutida de manera interna en el \u2018sanedr\u00edn\u2019 del funcionariado de Turismo. La Secretar\u00eda de Estado aludi\u00f3 a<strong> la necesidad de la presencialidad<\/strong> y hay voces internas que dudan de que haga falta un desembarco masivo de los responsables de la promoci\u00f3n tur\u00edstica de Espa\u00f1a en el extranjero.<\/p>\n<p>El sector de las agencias de viaje observa Fitur con m\u00e1s esperanza, sobre todo para dar la cara ante otros destinos competidores internacionales como <a rel=\"nofollow noopener\" target=\"_blank\" href=\"https:\/\/www.elconfidencial.com\/tags\/temas\/turquia-2812\/\">Turqu\u00eda<\/a>, <a rel=\"nofollow noopener\" target=\"_blank\" href=\"https:\/\/www.elconfidencial.com\/tags\/lugares\/grecia-5198\/\">Grecia<\/a> e incluso <a rel=\"nofollow noopener\" target=\"_blank\" href=\"https:\/\/www.elconfidencial.com\/tags\/lugares\/israel-3064\/\">Israel<\/a> y tambi\u00e9n desde el punto de vista de Espa\u00f1a como importante destino emisor. En estos 14 meses de pandemia se ha mantenido el negocio &#8216;on-line&#8217;, pero <strong>el contacto humano directo se considera imprescindible.<\/strong> <\/p>\n<section class=\"bodyObject inTextNews\">\n<figure class=\"inTextNews__imgWrapper\">  <img decoding=\"async\" class=\"inTextNews__img\" alt=\"Foto: Dos j\u00f3venes charlan en la playa de Maspalomas, en el sur de Gran Canaria. (EFE)\" src=\"https:\/\/www.ecestaticos.com\/image\/clipping\/7c7a4532859e550c30e2bdcf8b91c6e9\/golpe-al-turismo-inglaterra-deja-a-espana-por-ahora-fuera-de-la-lista-verde-para-viajar.jpg\" srcset=\" https:\/\/www.ecestaticos.com\/image\/clipping\/202\/152\/7c7a4532859e550c30e2bdcf8b91c6e9\/golpe-al-turismo-inglaterra-deja-a-espana-por-ahora-fuera-de-la-lista-verde-para-viajar.jpg 202w, https:\/\/www.ecestaticos.com\/image\/clipping\/144\/108\/7c7a4532859e550c30e2bdcf8b91c6e9\/golpe-al-turismo-inglaterra-deja-a-espana-por-ahora-fuera-de-la-lista-verde-para-viajar.jpg 144w, https:\/\/www.ecestaticos.com\/image\/clipping\/128\/96\/7c7a4532859e550c30e2bdcf8b91c6e9\/golpe-al-turismo-inglaterra-deja-a-espana-por-ahora-fuera-de-la-lista-verde-para-viajar.jpg 128w\" sizes=\" (min-width: 996px) 202px, (min-width: 768px) 144px, 128px\"\/>  <\/figure>\n<div class=\"inTextNews__text\">\n<header> <span> <a rel=\"nofollow noopener\" target=\"_blank\" class=\"inTextNews__title\" href=\"https:\/\/www.elconfidencial.com\/mundo\/europa\/2021-05-07\/golpe-britanico-al-turismo-espanol-ni-canarias-entra-en-la-lista-verde_3070311\/\">Golpe al turismo: Inglaterra deja a Espa\u00f1a, por ahora, fuera de la lista verde para viajar<\/a> <\/span> <\/header>\n<p>    <span class=\"inTextNews__itemSignature\">Celia Maza. Londres<\/span>   <\/p>\n<\/p><\/div>\n<\/section>\n<p> La feria llega en un momento donde la pregunta que se hacen a los turistas, que quieren considerarse viajeros, no es d\u00f3nde has estado de vacaciones, sino <strong>qu\u00e9 se ha hecho durante esos d\u00edas de ocio.<\/strong> La aceleraci\u00f3n de la vacuna, la llegada de m\u00e1s rutas a\u00e9reas y la reapertura de los hoteles contribuir\u00e1n a la recuperaci\u00f3n mundial del turismo. En el caso concreto espa\u00f1ol falta todav\u00eda el sem\u00e1foro verde definitivo de Reino Unido <a rel=\"nofollow noopener\" target=\"_blank\" href=\"https:\/\/www.elconfidencial.com\/mundo\/europa\/2021-05-07\/golpe-britanico-al-turismo-espanol-ni-canarias-entra-en-la-lista-verde_3070311\/\">para que sus ciudadanos puedan viajar a Espa\u00f1a<\/a> sin necesidad de una cuarentena de diez d\u00edas ni de someterse a dos pruebas de PCR. <\/p>\n<p> Este ser\u00e1 <strong>uno de los principales asuntos de debate<\/strong> en el Fitur que pretende arrinconar durante unos d\u00edas las sesiones por <a rel=\"nofollow noopener\" target=\"_blank\" href=\"https:\/\/www.elconfidencial.com\/tecnologia\/2021-01-11\/zoom-vacunas-evolucion-noticias-futuro-tech_2900883\/\">Zoom<\/a> que tanto han ayudado a mantener vivo el negocio. Como cube un profesional del sector: \u201cLo &#8216;online&#8217; ha funcionado muy bien, pero necesitamos vernos las caras\u2026\u201d. <\/p>\n<\/p><\/div>\n\n<p><em> &#8221; Fuentes www.elconfidencial.com &#8221; <\/em><\/p>\n","protected":false},"excerpt":{"rendered":"<p>Reducida la tasa de incidencia del covid-19 y con el proceso de vacunaci\u00f3n en pleno crecimiento, el Gobierno y las comunidades aut\u00f3nomas han materializado un pacto de Estado: organizar Fitur. Se trata de una medida que servir\u00e1 para recuperar la confianza en la marca Espa\u00f1a y en las empresas que dinamizan la industria tur\u00edstica. La [&hellip;]<\/p>\n","protected":false},"author":4,"featured_media":123792,"comment_status":"open","ping_status":"closed","sticky":false,"template":"","format":"standard","meta":{"om_disable_all_campaigns":false,"jnews-multi-image_gallery":[],"jnews_single_post":[],"jnews_primary_category":[],"jnews_social_meta":[],"footnotes":""},"categories":[40],"tags":[],"class_list":["post-123791","post","type-post","status-publish","format-standard","has-post-thumbnail","hentry","category-industria"],"_links":{"self":[{"href":"https:\/\/dimensionturistica.com\/es\/wp-json\/wp\/v2\/posts\/123791","targetHints":{"allow":["GET"]}}],"collection":[{"href":"https:\/\/dimensionturistica.com\/es\/wp-json\/wp\/v2\/posts"}],"about":[{"href":"https:\/\/dimensionturistica.com\/es\/wp-json\/wp\/v2\/types\/post"}],"author":[{"embeddable":true,"href":"https:\/\/dimensionturistica.com\/es\/wp-json\/wp\/v2\/users\/4"}],"replies":[{"embeddable":true,"href":"https:\/\/dimensionturistica.com\/es\/wp-json\/wp\/v2\/comments?post=123791"}],"version-history":[{"count":0,"href":"https:\/\/dimensionturistica.com\/es\/wp-json\/wp\/v2\/posts\/123791\/revisions"}],"wp:featuredmedia":[{"embeddable":true,"href":"https:\/\/dimensionturistica.com\/es\/wp-json\/wp\/v2\/media\/123792"}],"wp:attachment":[{"href":"https:\/\/dimensionturistica.com\/es\/wp-json\/wp\/v2\/media?parent=123791"}],"wp:term":[{"taxonomy":"category","embeddable":true,"href":"https:\/\/dimensionturistica.com\/es\/wp-json\/wp\/v2\/categories?post=123791"},{"taxonomy":"post_tag","embeddable":true,"href":"https:\/\/dimensionturistica.com\/es\/wp-json\/wp\/v2\/tags?post=123791"}],"curies":[{"name":"wp","href":"https:\/\/api.w.org\/{rel}","templated":true}]}}