{"id":123753,"date":"2021-05-08T23:41:22","date_gmt":"2021-05-08T23:41:22","guid":{"rendered":"https:\/\/dimensionturistica.com\/es\/?p=123753"},"modified":"2021-05-08T23:41:22","modified_gmt":"2021-05-08T23:41:22","slug":"aprueba-ieeq-modificacion-de-lista-de-diputaciones-de-morena","status":"publish","type":"post","link":"https:\/\/dimensionturistica.com\/es\/aprueba-ieeq-modificacion-de-lista-de-diputaciones-de-morena\/","title":{"rendered":"Aprueba IEEQ modificaci\u00f3n de lista de diputaciones de Morena"},"content":{"rendered":"<p> <br \/>\n<\/p>\n<div>\n<h2>El Instituto ordenar\u00e1 la impresi\u00f3n de las boletas y la documentaci\u00f3n electoral<\/h2>\n<p>Noticias<\/p>\n<p>En acatamiento a diversas sentencias emitidas por la Sala Regional del Tribunal Electoral del Poder Judicial de la Federaci\u00f3n (TEPJF) con sede en Monterrey, Nuevo Le\u00f3n, el Consejo Basic del Instituto Electoral del Estado de Quer\u00e9taro (IEEQ) aprob\u00f3 la modificaci\u00f3n de la lista de diputaciones locales por el principio de representaci\u00f3n proporcional postulada por el partido Morena, quedando de la siguiente manera:<\/p>\n<table>\n<tbody>\n<tr>\n<td width=\"70\">\n<p><strong>F\u00f3rmula<\/strong><\/p>\n<p><!-- Composite Start --><\/p>\n<p><!-- Composite End -->\n<\/td>\n<td width=\"248\">\n<p><strong>Diputaci\u00f3n Propietaria<\/strong><\/p>\n<\/td>\n<td width=\"286\">\n<p><strong>Diputaci\u00f3n suplente<\/strong><\/p>\n<\/td>\n<\/tr>\n<tr>\n<td width=\"70\">\n<p>1<\/p>\n<\/td>\n<td width=\"248\">\n<p>Juan Jos\u00e9 Jim\u00e9nez Y\u00e1\u00f1ez<\/p>\n<\/td>\n<td width=\"286\">\n<p>Leonardo Aar\u00f3n Maya Montes de Oca<\/p>\n<\/td>\n<\/tr>\n<tr>\n<td width=\"70\">\n<p>2<\/p>\n<\/td>\n<td width=\"248\">\n<p>Laura Andrea Tovar Saavedra<\/p>\n<\/td>\n<td width=\"286\">\n<p>Iris Adriana P\u00e9rez Gonz\u00e1lez<\/p>\n<\/td>\n<\/tr>\n<tr>\n<td width=\"70\">\n<p>3<\/p>\n<\/td>\n<td width=\"248\">\n<p>Armando Sinecio Leyva<\/p>\n<\/td>\n<td width=\"286\">\n<p>Jes\u00fas Manuel M\u00e9ndez Aguilar<\/p>\n<\/td>\n<\/tr>\n<tr>\n<td width=\"70\">\n<p>4<\/p>\n<\/td>\n<td width=\"248\">\n<p>Juana Barr\u00f3n Mart\u00ednez<\/p>\n<\/td>\n<td width=\"286\">\n<p>Cecilia Elvira Garc\u00eda Fr\u00edas<\/p>\n<\/td>\n<\/tr>\n<tr>\n<td width=\"70\">\n<p>5<\/p>\n<\/td>\n<td width=\"248\">\n<p>Janneth Alejandra Herrera Mej\u00eda<\/p>\n<\/td>\n<td width=\"286\">\n<p>Mar\u00eda Guadalupe Garc\u00eda Castro<\/p>\n<\/td>\n<\/tr>\n<tr>\n<td width=\"70\">\n<p>6<\/p>\n<\/td>\n<td width=\"248\">\n<p>Jes\u00fas Armando De Llano Villegas<\/p>\n<\/td>\n<td width=\"286\">\n<p>Marcial Reyes Ramos L\u00f3pez<\/p>\n<\/td>\n<\/tr>\n<\/tbody>\n<\/table>\n<p>\u00a0<\/p>\n<p>El acuerdo indica que la modificaci\u00f3n mencionada no afecta el principio de paridad, toda vez que quienes se incluyen en la lista pertenecen al mismo g\u00e9nero que las personas sustituidas en atenci\u00f3n a las sentencias del \u00f3rgano jurisdiccional regional.<\/p>\n<p>En sesi\u00f3n digital, el Consejo Basic instruy\u00f3 a la Secretar\u00eda Ejecutiva para que en un plazo m\u00e1ximo de 24 horas remita a la Sala Regional copia certificada de la determinaci\u00f3n.<\/p>\n<p>El consejero Electoral Daniel Dorantes Guerra se\u00f1al\u00f3 que existen diversos medios de impugnaci\u00f3n vinculados con las candidaturas postuladas por Morena, que se encuentran pendientes de determinaci\u00f3n por diversas autoridades internas y jurisdiccionales en la materia.<\/p>\n<p>Explic\u00f3 que es el caso de las f\u00f3rmulas 4 y 5 de la lista de diputaciones por el principio de representaci\u00f3n proporcional, las cuales esperan resoluci\u00f3n ante la Sala Monterrey, motivo por el cual existe la posibilidad de modificaciones y\/o ajustes en el orden e integraci\u00f3n de la citada lista.<\/p>\n<p>El consejero Presidente Gerardo Romero Altamirano indic\u00f3 que el Instituto ordenar\u00e1 la impresi\u00f3n de las boletas y la documentaci\u00f3n electoral, a efecto de que estas se encuentren en las sedes de los Consejos Distritales y Municipales a m\u00e1s tardar 15 d\u00edas antes de la jornada comicial, como lo establece la Ley Electoral del Estado.<\/p>\n<p>En la sesi\u00f3n se cont\u00f3 con la asistencia de las consejeras Electorales Rosa Martha G\u00f3mez Cervantes, Karla Isabel Olvera Moreno y Mar\u00eda P\u00e9rez Cepeda; los Consejeros Electorales Carlos Rub\u00e9n Eguiarte Mereles y Jos\u00e9 Eugenio Plascencia Zaraz\u00faa; el Secretario Ejecutivo Carlos Alejandro P\u00e9rez Esp\u00edndola; as\u00ed como representantes de los partidos pol\u00edticos: Joel Rojas Soriano del PAN, Vidal Navarrete Cerda del PRI, Arturo Bravo Gonz\u00e1lez de MC, Ricardo Astudillo Su\u00e1rez del PVEM, Emilio P\u00e1ez Gonz\u00e1lez de Morena, Ma. Concepci\u00f3n Herrera Mart\u00ednez de QI, Omar S\u00e1nchez Moreno del PES y Luis Alejandro Pulido Res\u00e9ndiz de FXM.<\/p>\n<p><img decoding=\"async\" class=\"aligncenter wp-image-462343 size-large\" src=\"https:\/\/cdn.noticiasdequeretaro.com.mx\/wp-content\/uploads\/2021\/05\/08083426\/Aprueba-IEEQ-modificaci%C3%B3n-de-lista-de-diputaciones-de-Morena-1024x461.png\" alt=\"\" width=\"740\" height=\"333\" srcset=\"https:\/\/cdn.noticiasdequeretaro.com.mx\/wp-content\/uploads\/2021\/05\/08083426\/Aprueba-IEEQ-modificaci%C3%B3n-de-lista-de-diputaciones-de-Morena-1024x461.png 1024w, https:\/\/cdn.noticiasdequeretaro.com.mx\/wp-content\/uploads\/2021\/05\/08083426\/Aprueba-IEEQ-modificaci%C3%B3n-de-lista-de-diputaciones-de-Morena-300x135.png 300w, https:\/\/cdn.noticiasdequeretaro.com.mx\/wp-content\/uploads\/2021\/05\/08083426\/Aprueba-IEEQ-modificaci%C3%B3n-de-lista-de-diputaciones-de-Morena-768x345.png 768w, https:\/\/cdn.noticiasdequeretaro.com.mx\/wp-content\/uploads\/2021\/05\/08083426\/Aprueba-IEEQ-modificaci%C3%B3n-de-lista-de-diputaciones-de-Morena-1536x691.png 1536w, https:\/\/cdn.noticiasdequeretaro.com.mx\/wp-content\/uploads\/2021\/05\/08083426\/Aprueba-IEEQ-modificaci%C3%B3n-de-lista-de-diputaciones-de-Morena.png 1594w\" sizes=\"(max-width: 740px) 100vw, 740px\"\/><\/p>\n<\/div>\n<p><script>(function(d, s, id) {\n  var js, fjs = d.getElementsByTagName(s)[0];\n  if (d.getElementById(id)) return;\n  js = d.createElement(s); js.id = id;\n  js.src = \"https:\/\/connect.facebook.net\/es_LA\/sdk.js#xfbml=1&appId=546007945598485&version=v2.3\";\n  fjs.parentNode.insertBefore(js, fjs);\n}(document, 'script', 'facebook-jssdk'));<\/script><br \/>\n<br \/><\/p>\n<p><em> &#8221; Fuentes noticiasdequeretaro.com.mx &#8221; <\/em><\/p>\n","protected":false},"excerpt":{"rendered":"<p>El Instituto ordenar\u00e1 la impresi\u00f3n de las boletas y la documentaci\u00f3n electoral Noticias En acatamiento a diversas sentencias emitidas por la Sala Regional del Tribunal Electoral del Poder Judicial de la Federaci\u00f3n (TEPJF) con sede en Monterrey, Nuevo Le\u00f3n, el Consejo Basic del Instituto Electoral del Estado de Quer\u00e9taro (IEEQ) aprob\u00f3 la modificaci\u00f3n de la [&hellip;]<\/p>\n","protected":false},"author":4,"featured_media":123754,"comment_status":"open","ping_status":"closed","sticky":false,"template":"","format":"standard","meta":{"om_disable_all_campaigns":false,"jnews-multi-image_gallery":[],"jnews_single_post":[],"jnews_primary_category":[],"jnews_social_meta":[],"footnotes":""},"categories":[40],"tags":[],"class_list":["post-123753","post","type-post","status-publish","format-standard","has-post-thumbnail","hentry","category-industria"],"_links":{"self":[{"href":"https:\/\/dimensionturistica.com\/es\/wp-json\/wp\/v2\/posts\/123753","targetHints":{"allow":["GET"]}}],"collection":[{"href":"https:\/\/dimensionturistica.com\/es\/wp-json\/wp\/v2\/posts"}],"about":[{"href":"https:\/\/dimensionturistica.com\/es\/wp-json\/wp\/v2\/types\/post"}],"author":[{"embeddable":true,"href":"https:\/\/dimensionturistica.com\/es\/wp-json\/wp\/v2\/users\/4"}],"replies":[{"embeddable":true,"href":"https:\/\/dimensionturistica.com\/es\/wp-json\/wp\/v2\/comments?post=123753"}],"version-history":[{"count":0,"href":"https:\/\/dimensionturistica.com\/es\/wp-json\/wp\/v2\/posts\/123753\/revisions"}],"wp:featuredmedia":[{"embeddable":true,"href":"https:\/\/dimensionturistica.com\/es\/wp-json\/wp\/v2\/media\/123754"}],"wp:attachment":[{"href":"https:\/\/dimensionturistica.com\/es\/wp-json\/wp\/v2\/media?parent=123753"}],"wp:term":[{"taxonomy":"category","embeddable":true,"href":"https:\/\/dimensionturistica.com\/es\/wp-json\/wp\/v2\/categories?post=123753"},{"taxonomy":"post_tag","embeddable":true,"href":"https:\/\/dimensionturistica.com\/es\/wp-json\/wp\/v2\/tags?post=123753"}],"curies":[{"name":"wp","href":"https:\/\/api.w.org\/{rel}","templated":true}]}}