{"id":123747,"date":"2021-05-08T23:33:18","date_gmt":"2021-05-08T23:33:18","guid":{"rendered":"https:\/\/dimensionturistica.com\/es\/?p=123747"},"modified":"2021-05-08T23:33:18","modified_gmt":"2021-05-08T23:33:18","slug":"proxima-semana-definira-uaq-si-realizara-encuestas-electorales","status":"publish","type":"post","link":"https:\/\/dimensionturistica.com\/es\/proxima-semana-definira-uaq-si-realizara-encuestas-electorales\/","title":{"rendered":"Pr\u00f3xima semana definir\u00e1 UAQ si realizar\u00e1 encuestas electorales"},"content":{"rendered":"<p> <br \/>\n<\/p>\n<div>\n<h2>Equipos de trabajo deber\u00e1n resolver situaciones de carga de trabajo y cuestiones de log\u00edstica<\/h2>\n<p>Por Jahaira Lara<\/p>\n<p>Noticias<\/p>\n<p>Ser\u00e1 la pr\u00f3xima semana cuando se defina si la Universidad Aut\u00f3noma de Quer\u00e9taro (UAQ) realizar\u00e1 alguna encuesta para conocer la preferencia de la ciudadan\u00eda durante este proceso electoral, como ya se ha realizado anteriormente; inform\u00f3 el secretario specific de la instituci\u00f3n, Alberto Fern\u00e1ndez Garc\u00eda.<\/p>\n<p><!-- Composite Start --><\/p>\n<p><!-- Composite End --><\/p>\n<p>Explic\u00f3 que de llevarse a cabo este ejercicio, \u00fanicamente se considerar\u00eda una encuesta para la gobernatura, por la cual contienden 10 candidatos; por costos y log\u00edstica, ya que por la pandemia se tienen que destinar m\u00e1s recursos a la protecci\u00f3n de los encuestadores y del equipo de trabajo.<\/p>\n<p>Sin embargo, hasta el momento no se ha tomado una desici\u00f3n\u00a0 respecto al tema por cuestiones de carga de trabajo y de log\u00edstica que deber\u00e1n resolver los equipos de trabajo antes; sumado a las complicaciones que se enfrentan para reclutar encuestadores por el tema de la pandemia.<\/p>\n<p>\u201cAhorita todo es m\u00e1s complicado, reclutar encuestadores, capacitarlos, protegerlos, adem\u00e1s de que hay m\u00e1s rechaz\u00f3 de la gente, hay mucha gente que no te abre las puertas de su casa por seguridad sanitaria y seguridad p\u00fablica (\u2026) La semana que entra podr\u00edamos definir, hay que convencer a los equipos de que trabajen en el tema, s un tema de planificaci\u00f3n y carga de trabajo\u201d.<\/p>\n<p>El secretario specific record\u00f3 que las encuestas que realiza la UAQ en estos temas, son casa por casa de acuerdo con la muestra definida por los investigadores y los encuestadores se encuentran m\u00e1s preparados, no s\u00f3lo por la capacitaci\u00f3n que reciben, sino que son pasantes de carrera.<\/p>\n<p>Adem\u00e1s de que precis\u00f3 que los investigadores y encuestadores cuando trabajan en est\u00e1s encuestas para la UAQ, lo hacen sin recibir una remuneraci\u00f3n; a diferencia de cuando la instituci\u00f3n es contratada por alg\u00fan cliente; por lo que se dialogar\u00e1 con los equipos de trabajo para ver la posibilidad.<\/p>\n<p>De acuerdo con la rectora, Teresa Garc\u00eda Gasca, no es un tema de resistencia; sino que actualmente los equipos de trabajo tienen una gran carga de trabajo que necesitan atender y temas de log\u00edstica por resolver antes de determinar si se realiza la encuesta.<\/p>\n<p>\u00a0<\/p>\n<\/div>\n<p><script>(function(d, s, id) {\n  var js, fjs = d.getElementsByTagName(s)[0];\n  if (d.getElementById(id)) return;\n  js = d.createElement(s); js.id = id;\n  js.src = \"https:\/\/connect.facebook.net\/es_LA\/sdk.js#xfbml=1&appId=546007945598485&version=v2.3\";\n  fjs.parentNode.insertBefore(js, fjs);\n}(document, 'script', 'facebook-jssdk'));<\/script><br \/>\n<br \/><\/p>\n<p><em> &#8221; Fuentes noticiasdequeretaro.com.mx &#8221; <\/em><\/p>\n","protected":false},"excerpt":{"rendered":"<p>Equipos de trabajo deber\u00e1n resolver situaciones de carga de trabajo y cuestiones de log\u00edstica Por Jahaira Lara Noticias Ser\u00e1 la pr\u00f3xima semana cuando se defina si la Universidad Aut\u00f3noma de Quer\u00e9taro (UAQ) realizar\u00e1 alguna encuesta para conocer la preferencia de la ciudadan\u00eda durante este proceso electoral, como ya se ha realizado anteriormente; inform\u00f3 el secretario [&hellip;]<\/p>\n","protected":false},"author":4,"featured_media":123748,"comment_status":"open","ping_status":"closed","sticky":false,"template":"","format":"standard","meta":{"om_disable_all_campaigns":false,"jnews-multi-image_gallery":[],"jnews_single_post":[],"jnews_primary_category":[],"jnews_social_meta":[],"footnotes":""},"categories":[40],"tags":[],"class_list":["post-123747","post","type-post","status-publish","format-standard","has-post-thumbnail","hentry","category-industria"],"_links":{"self":[{"href":"https:\/\/dimensionturistica.com\/es\/wp-json\/wp\/v2\/posts\/123747","targetHints":{"allow":["GET"]}}],"collection":[{"href":"https:\/\/dimensionturistica.com\/es\/wp-json\/wp\/v2\/posts"}],"about":[{"href":"https:\/\/dimensionturistica.com\/es\/wp-json\/wp\/v2\/types\/post"}],"author":[{"embeddable":true,"href":"https:\/\/dimensionturistica.com\/es\/wp-json\/wp\/v2\/users\/4"}],"replies":[{"embeddable":true,"href":"https:\/\/dimensionturistica.com\/es\/wp-json\/wp\/v2\/comments?post=123747"}],"version-history":[{"count":0,"href":"https:\/\/dimensionturistica.com\/es\/wp-json\/wp\/v2\/posts\/123747\/revisions"}],"wp:featuredmedia":[{"embeddable":true,"href":"https:\/\/dimensionturistica.com\/es\/wp-json\/wp\/v2\/media\/123748"}],"wp:attachment":[{"href":"https:\/\/dimensionturistica.com\/es\/wp-json\/wp\/v2\/media?parent=123747"}],"wp:term":[{"taxonomy":"category","embeddable":true,"href":"https:\/\/dimensionturistica.com\/es\/wp-json\/wp\/v2\/categories?post=123747"},{"taxonomy":"post_tag","embeddable":true,"href":"https:\/\/dimensionturistica.com\/es\/wp-json\/wp\/v2\/tags?post=123747"}],"curies":[{"name":"wp","href":"https:\/\/api.w.org\/{rel}","templated":true}]}}