{"id":123741,"date":"2021-05-08T23:25:13","date_gmt":"2021-05-08T23:25:13","guid":{"rendered":"https:\/\/dimensionturistica.com\/es\/?p=123741"},"modified":"2021-05-08T23:25:13","modified_gmt":"2021-05-08T23:25:13","slug":"culmina-cartelera-de-huapangos-noticias-de-queretaro","status":"publish","type":"post","link":"https:\/\/dimensionturistica.com\/es\/culmina-cartelera-de-huapangos-noticias-de-queretaro\/","title":{"rendered":"Culmina cartelera de huapangos &#8211; Noticias de Quer\u00e9taro"},"content":{"rendered":"<p> <br \/>\n<\/p>\n<div>\n<h2>Bajo el nombre \u201cCon el son en el coraz\u00f3n, Huapangos para alegrar la vida en tiempos de pandemia\u201d fue un evento especial de Secult<\/h2>\n<p>Noticias<\/p>\n<p>La Secretar\u00eda de Cultura del estado de Quer\u00e9taro present\u00f3 la cartelera especial \u201cCon el son en el coraz\u00f3n, Huapangos para alegrar la vida en tiempos de pandemia\u201d, del 3 al 5 de mayo, que se llev\u00f3 a cabo de forma digital a trav\u00e9s de las redes de la Secult (@Secultqro).<\/p>\n<p>El huapango es un g\u00e9nero musical de repertorio nacional originario de la regi\u00f3n cultural de la huasteca y la Sierra Gorda: Veracruz, San Luis Potos\u00ed, Hidalgo, Tamaulipas, Puebla, Quer\u00e9taro y Guanajuato.<\/p>\n<p><!-- Composite Start --><\/p>\n<p><!-- Composite End --><\/p>\n<p>Durante esta cartelera se presentaron 18 movies, de los cuales 12 fueron conciertos, cuatro talleres y dos documentales, con la participaci\u00f3n de 75 artistas de los municipios de Arroyo Seco, Pinal de Amoles, San Joaqu\u00edn, Landa de Matamoros, Jalpan de Serra, Pe\u00f1amiller y Tolim\u00e1n.<\/p>\n<p><img decoding=\"async\" class=\"aligncenter wp-image-462369 size-large\" src=\"https:\/\/cdn.noticiasdequeretaro.com.mx\/wp-content\/uploads\/2021\/05\/08090001\/HUAPANGO3-1024x596.png\" alt=\"\" width=\"740\" height=\"431\" srcset=\"https:\/\/cdn.noticiasdequeretaro.com.mx\/wp-content\/uploads\/2021\/05\/08090001\/HUAPANGO3-1024x596.png 1024w, https:\/\/cdn.noticiasdequeretaro.com.mx\/wp-content\/uploads\/2021\/05\/08090001\/HUAPANGO3-300x175.png 300w, https:\/\/cdn.noticiasdequeretaro.com.mx\/wp-content\/uploads\/2021\/05\/08090001\/HUAPANGO3-768x447.png 768w, https:\/\/cdn.noticiasdequeretaro.com.mx\/wp-content\/uploads\/2021\/05\/08090001\/HUAPANGO3-1536x894.png 1536w, https:\/\/cdn.noticiasdequeretaro.com.mx\/wp-content\/uploads\/2021\/05\/08090001\/HUAPANGO3.png 1612w\" sizes=\"(max-width: 740px) 100vw, 740px\"\/><\/p>\n<p>Estas representaciones llegaron a 39 mil 275 personas que disfrutaron de la programaci\u00f3n digital. Sin duda los poetas \u201carribe\u00f1os\u201d cautivaron a la poblaci\u00f3n con esta expresi\u00f3n \u00fanica y singular de la cultura in style de Iberoam\u00e9rica.<\/p>\n<p><img decoding=\"async\" class=\"aligncenter wp-image-462362 size-large\" src=\"https:\/\/cdn.noticiasdequeretaro.com.mx\/wp-content\/uploads\/2021\/05\/08085644\/Muchas-gracias-Marla-nos-gustaria-saber-si-eres-parte-del-equipo-del-candidato-2-1024x556.png\" alt=\"\" width=\"740\" height=\"402\" srcset=\"https:\/\/cdn.noticiasdequeretaro.com.mx\/wp-content\/uploads\/2021\/05\/08085644\/Muchas-gracias-Marla-nos-gustaria-saber-si-eres-parte-del-equipo-del-candidato-2-1024x556.png 1024w, https:\/\/cdn.noticiasdequeretaro.com.mx\/wp-content\/uploads\/2021\/05\/08085644\/Muchas-gracias-Marla-nos-gustaria-saber-si-eres-parte-del-equipo-del-candidato-2-300x163.png 300w, https:\/\/cdn.noticiasdequeretaro.com.mx\/wp-content\/uploads\/2021\/05\/08085644\/Muchas-gracias-Marla-nos-gustaria-saber-si-eres-parte-del-equipo-del-candidato-2-768x417.png 768w, https:\/\/cdn.noticiasdequeretaro.com.mx\/wp-content\/uploads\/2021\/05\/08085644\/Muchas-gracias-Marla-nos-gustaria-saber-si-eres-parte-del-equipo-del-candidato-2-1536x834.png 1536w, https:\/\/cdn.noticiasdequeretaro.com.mx\/wp-content\/uploads\/2021\/05\/08085644\/Muchas-gracias-Marla-nos-gustaria-saber-si-eres-parte-del-equipo-del-candidato-2.png 1688w\" sizes=\"(max-width: 740px) 100vw, 740px\"\/><\/p>\n<\/div>\n<p><script>(function(d, s, id) {\n  var js, fjs = d.getElementsByTagName(s)[0];\n  if (d.getElementById(id)) return;\n  js = d.createElement(s); js.id = id;\n  js.src = \"https:\/\/connect.facebook.net\/es_LA\/sdk.js#xfbml=1&appId=546007945598485&version=v2.3\";\n  fjs.parentNode.insertBefore(js, fjs);\n}(document, 'script', 'facebook-jssdk'));<\/script><br \/>\n<br \/><\/p>\n<p><em> &#8221; Fuentes noticiasdequeretaro.com.mx &#8221; <\/em><\/p>\n","protected":false},"excerpt":{"rendered":"<p>Bajo el nombre \u201cCon el son en el coraz\u00f3n, Huapangos para alegrar la vida en tiempos de pandemia\u201d fue un evento especial de Secult Noticias La Secretar\u00eda de Cultura del estado de Quer\u00e9taro present\u00f3 la cartelera especial \u201cCon el son en el coraz\u00f3n, Huapangos para alegrar la vida en tiempos de pandemia\u201d, del 3 al [&hellip;]<\/p>\n","protected":false},"author":4,"featured_media":123742,"comment_status":"open","ping_status":"closed","sticky":false,"template":"","format":"standard","meta":{"om_disable_all_campaigns":false,"jnews-multi-image_gallery":[],"jnews_single_post":[],"jnews_primary_category":[],"jnews_social_meta":[],"footnotes":""},"categories":[40],"tags":[],"class_list":["post-123741","post","type-post","status-publish","format-standard","has-post-thumbnail","hentry","category-industria"],"_links":{"self":[{"href":"https:\/\/dimensionturistica.com\/es\/wp-json\/wp\/v2\/posts\/123741","targetHints":{"allow":["GET"]}}],"collection":[{"href":"https:\/\/dimensionturistica.com\/es\/wp-json\/wp\/v2\/posts"}],"about":[{"href":"https:\/\/dimensionturistica.com\/es\/wp-json\/wp\/v2\/types\/post"}],"author":[{"embeddable":true,"href":"https:\/\/dimensionturistica.com\/es\/wp-json\/wp\/v2\/users\/4"}],"replies":[{"embeddable":true,"href":"https:\/\/dimensionturistica.com\/es\/wp-json\/wp\/v2\/comments?post=123741"}],"version-history":[{"count":0,"href":"https:\/\/dimensionturistica.com\/es\/wp-json\/wp\/v2\/posts\/123741\/revisions"}],"wp:featuredmedia":[{"embeddable":true,"href":"https:\/\/dimensionturistica.com\/es\/wp-json\/wp\/v2\/media\/123742"}],"wp:attachment":[{"href":"https:\/\/dimensionturistica.com\/es\/wp-json\/wp\/v2\/media?parent=123741"}],"wp:term":[{"taxonomy":"category","embeddable":true,"href":"https:\/\/dimensionturistica.com\/es\/wp-json\/wp\/v2\/categories?post=123741"},{"taxonomy":"post_tag","embeddable":true,"href":"https:\/\/dimensionturistica.com\/es\/wp-json\/wp\/v2\/tags?post=123741"}],"curies":[{"name":"wp","href":"https:\/\/api.w.org\/{rel}","templated":true}]}}