{"id":123724,"date":"2021-05-08T22:20:40","date_gmt":"2021-05-08T22:20:40","guid":{"rendered":"https:\/\/dimensionturistica.com\/es\/?p=123724"},"modified":"2021-05-08T22:20:40","modified_gmt":"2021-05-08T22:20:40","slug":"la-crisis-fuerza-a-miles-de-personas-a-reconvertir-su-carrera-profesional-cataluna","status":"publish","type":"post","link":"https:\/\/dimensionturistica.com\/es\/la-crisis-fuerza-a-miles-de-personas-a-reconvertir-su-carrera-profesional-cataluna\/","title":{"rendered":"La crisis fuerza a miles de personas a reconvertir su carrera profesional | Catalu\u00f1a"},"content":{"rendered":"<p> <br \/>\n<\/p>\n<div id=\"ctn_article_body\">\n<figure class=\"lead_art |  \"><img fetchpriority=\"high\" decoding=\"async\" alt=\"Personas sin empleo asesorados por la Fundaci&#xF3;n Intermedia. De izquierda a derecha: B&#xE0;rbara Ruiz,  Claudio Gonz&#xE0;lez, Fanny Ripoll&#xE8;s y Valeria Ib&#xE1;&#xF1;ez.\" class=\"block width_full\" width=\"828\" height=\"552\" loading=\"eager\" src=\"https:\/\/imagenes.elpais.com\/resizer\/lQk5H56oveWAMOdbe4IXHppA7AU=\/414x0\/cloudfront-eu-central-1.images.arcpublishing.com\/prisa\/RWAYL3XUBQ37X6ORVCAMQ2WHOY.JPG\" srcset=\"https:\/\/imagenes.elpais.com\/resizer\/lQk5H56oveWAMOdbe4IXHppA7AU=\/414x0\/cloudfront-eu-central-1.images.arcpublishing.com\/prisa\/RWAYL3XUBQ37X6ORVCAMQ2WHOY.JPG 414w,https:\/\/imagenes.elpais.com\/resizer\/tnBZa8kxQsIFHu1RrPjJBEBZ3dE=\/828x0\/cloudfront-eu-central-1.images.arcpublishing.com\/prisa\/RWAYL3XUBQ37X6ORVCAMQ2WHOY.JPG 828w\"\/><figcaption class=\"f_c | color_gray_medium border_bottom border_1 border_gray padding_vertical text_align_right\"><span>Personas sin empleo asesorados por la Fundaci\u00f3n Intermedia. De izquierda a derecha: B\u00e0rbara Ruiz,  Claudio Gonz\u00e0lez, Fanny Ripoll\u00e8s y Valeria Ib\u00e1\u00f1ez.<\/span><span class=\"f_a | color_black margin_left uppercase light\"><span class=\"author\">Joan Sanchez \/ EL PA\u00cdS<\/span><\/span><\/figcaption><\/figure>\n<p class=\"\">Con la pandemia de la covid-19 surgi\u00f3 una disaster econ\u00f3mica que se alargar\u00e1 a\u00fan m\u00e1s que la sanitaria. El confinamiento y las restricciones han dejado un gran agujero en el mercado laboral. Sectores como el turismo, la restauraci\u00f3n, el comercio o la cultura pasaron de ser fuente de ocupaci\u00f3n a quedarse vac\u00edos. <a rel=\"nofollow noopener\" target=\"_blank\" href=\"https:\/\/elpais.com\/economia\/2021-04-29\/madrid-y-cataluna-al-frente-de-la-creacion-de-empleo-en-el-primer-trimestre.html\">A la espera de que se retome la actividad, muchos trabajadores se han visto forzados a reorientar completamente su vida profesional<\/a>. Sindicatos y entidades que ayudan a la reinserci\u00f3n laboral han notado un repunte de demanda en planes de formaci\u00f3n y de asesoramiento.<\/p>\n<p class=\"\">El virus pas\u00f3 como una apisonadora por los sectores que tradicionalmente han generado m\u00e1s ocupaci\u00f3n \u2014aunque en muchos casos son empleos precarios e inestables. El impulso p\u00fablico a partir de los Expedientes de Regulaci\u00f3n Temporal de Empleo (ERTE) ha frenado una mayor sangr\u00eda de despidos y listas del paro inacabables. <a rel=\"nofollow noopener\" target=\"_blank\" href=\"https:\/\/elpais.com\/economia\/2021-03-02\/madrid-y-barcelona-acumulan-casi-un-tercio-de-los-erte-activos-en-febrero.html\">En Catalu\u00f1a, seg\u00fan datos publicados por el ministerio de Trabajo en febrero, m\u00e1s de 190.000 personas estaban a\u00fan amparadas por un ERTE<\/a>; en el pico de la disaster llegaron a ser m\u00e1s de medio mill\u00f3n. Adem\u00e1s, 62.000 personas ten\u00edan trabajos fijos discontinuos antes de la pandemia, muy habituales en la restauraci\u00f3n y en el turismo, empleos que no se renovaron.<\/p>\n<section class=\"more_info | border_1 border_top pull_right\">\n<h3 class=\"uppercase color_black padding_top\">M\u00e1s informaci\u00f3n<\/h3>\n<\/section>\n<p class=\"\">La nueva ola de recortes en la banca destruye 3.100 empleos en Catalu\u00f1a. En 2020, seg\u00fan los datos de la Encuesta de Poblaci\u00f3n Activa (EPA), se destruyeron 77.300 puestos de trabajo en Catalu\u00f1a. En los servicios de alojamiento, han desaparecido tres de cada diez contratos laborales; en el de las agencias de viaje, dos de cada diez; y en servicios auxiliares de restauraci\u00f3n, uno de cada diez. \u201cSon muchos los profesionales que han perdido el trabajo y que en el momento en que se reactive todo, o bien podr\u00e1n volver, o bien no podr\u00e1n porque estos puestos de trabajo simplemente no existir\u00e1n\u201d, explica N\u00faria Gilgado, secretaria de pol\u00edtica sindical de UGT Catalu\u00f1a.<\/p>\n<p class=\"\">En este contexto, ha surgido en muchos trabajadores la necesidad de reinventarse y orientar su vida profesional hacia otro oficio. La fundaci\u00f3n Intermedia es una entidad que naci\u00f3 en 2012 para dar respuesta a los coletazos de la disaster financiera de 2008. Intermedia desarrolla 45 programas p\u00fablicos de reinserci\u00f3n, y han atendido a 13.700 personas. Con el inicio de la pandemia, vieron claro que su funci\u00f3n period muy necesaria. \u201cCon la covid tuvimos que reaccionar r\u00e1pido. Vimos que empezaban a llegar perfiles diferentes, de gente que empezaba a estar en ERTE\u201d, explica la directora common de la fundaci\u00f3n, S\u00f2nia Moragrega. De esta nueva necesidad surgi\u00f3 el programa Intermedia x Feina. \u201cNaci\u00f3 como una campa\u00f1a solidaria para asesorar laboralmente a las personas que se hab\u00edan quedado sin trabajo. Un curso online de cinco sesiones en los que ayud\u00e1bamos a los trabajadores a identificar sus competencias y a detectar en qu\u00e9 sectores del mercado laboral tambi\u00e9n son necesarias\u201d, explica la directora common. Hasta finales de a\u00f1o, se atendi\u00f3 a 166 personas y se realizaron m\u00e1s de 340 acciones de orientaci\u00f3n laboral. Desde enero de 2021 se implement\u00f3 el programa con financiaci\u00f3n p\u00fablica, y en lo que va de a\u00f1o ya se han atendido a 221 personas.<\/p>\n<p class=\"\">\u201cLo que nos interesa es ver qu\u00e9 necesita la empresa, pero no bas\u00e1ndose en los requisitos curriculares sino en las competencias que pueden tener los trabajadores pese a no haber estudiado exactamente lo que se pide\u201d, explica Anna Gus\u00f3, t\u00e9cnica de la fundaci\u00f3n. Esta tarea de conectar empresas con trabajadores seg\u00fan las competencias se da tambi\u00e9n en la plataforma Intermedia Job. \u201cPara las empresas es muy \u00fatil, porque afinan lo que necesitan. En este momento en el que es tan necesaria la orientaci\u00f3n laboral, ver qu\u00e9 competencias tienes es primordial\u201d, a\u00f1ade Encarna Serrano, directora de operaciones de Intermedia.<\/p>\n<h3 class=\"font_secondary color_gray_ultra_dark\">Depresi\u00f3n y ansiedad<\/h3>\n<p class=\"\">Para Fanny Ripoll\u00e8s, con toda su vida laboral vinculada a la hosteler\u00eda, quedarse sin trabajo fue un calvario. \u201cEnv\u00edas curr\u00edculums, no te llaman, piensas que tienes que cambiar de profesi\u00f3n, pero \u00bfa qu\u00e9 te dedicas con 52 a\u00f1os?\u201d, pregunta. Encontr\u00f3 por las redes sociales un programa de orientaci\u00f3n de la fundaci\u00f3n Intermedia, y ahora est\u00e1 haciendo un curso de carnicer\u00eda. \u201cEn hosteler\u00eda, llegar al nivel de antes del confinamiento tardar\u00e1 a\u00f1os, y no puedes estar esperando. S\u00e9 que cuando puedan me llamar\u00e1n del hotel, \u00bfpero cu\u00e1ndo ser\u00e1?\u201d. Valeria Ib\u00e1\u00f1ez, de 53 a\u00f1os, tambi\u00e9n est\u00e1 en un programa de la fundaci\u00f3n despu\u00e9s de quedarse sin empleo como dependienta de una tienda de moda. Con una situaci\u00f3n private y acquainted complicada, quedarse sin empleo la llev\u00f3 a la depresi\u00f3n y la ansiedad, y hasta a intentos de suicidio. \u201cConoc\u00ed la fundaci\u00f3n por el SEPE, y ahora estoy mejor, porque algo saldr\u00e1, fijo\u201d, cube. Explica que la han ayudado a valorar qu\u00e9 competencias tiene y sobre todo a precisar en qu\u00e9 quiere trabajar y en qu\u00e9 no<\/p>\n<p class=\"\"><a rel=\"nofollow noopener\" target=\"_blank\" href=\"https:\/\/elpais.com\/espana\/catalunya\/2021-01-31\/el-paro-juvenil-en-cataluna-se-hunde-en-sus-peores-datos-en-cinco-anos.html\">La crisis tambi\u00e9n ha impactado en los j\u00f3venes. B\u00e1rbara Ruiz, de 27 a\u00f1os y graduada en Turismo<\/a>, est\u00e1 en un ERTE parcial en una agencia de viajes. \u201cAl principio fue muy estresante por el teletrabajo y todas las cancelaciones. Ahora estoy trabajando muy pocas horas a la semana\u201d, explica. Quiere cambiar de sector y est\u00e1 haciendo un curso de advertising digital para encontrar empleo en publicidad. Otro de los trabajadores que atiende la fundaci\u00f3n es Claudio Gonz\u00e1lez, de 52 a\u00f1os y con una gran experiencia en el sector de la fruter\u00eda. \u201cLlevo m\u00e1s de 30 a\u00f1os, llegu\u00e9 a tener 48 personas a mi cargo, Despu\u00e9s de trabajar durante lo m\u00e1s duro del confinamiento, con el riesgo que implicaba, en junio me qued\u00e9 sin trabajo, se me acab\u00f3 el paro en diciembre y tengo que vivir con 450 euros al mes\u201d, explica. Gonz\u00e1lez destaca la ayuda de la fundaci\u00f3n para confeccionar un buen curr\u00edculum: \u201cEra un desastre\u201d, admite, \u201cpero ahora estoy muy orgulloso, yo me contratar\u00eda\u201d.<\/p>\n<h3 class=\"font_secondary color_gray_ultra_dark\">La destrucci\u00f3n de empleo en la industria y la banca<\/h3>\n<p class=\"\">De los 77.300 puestos de trabajo desaparecidos en 2020 en Catalu\u00f1a, 33.100 provienen del sector industrial. En este primer trimestre de 2021 se ha creado ocupaci\u00f3n en todos los sectores econ\u00f3micos menos en la industria, donde se han destruido 8.900 puestos de trabajo, seg\u00fan datos de la Encuesta de Poblaci\u00f3n Activa (EPA). \u201cNo ha tenido que ver con la crisis sanitaria, se trata de estrategias de deslocalizaci\u00f3n de las multinacionales. Pero han aprovechado el momento\u201d, explica N\u00faria Gilgado, secretaria de pol\u00edtica sindical de UGT en Catalu\u00f1a.<\/p>\n<p class=\"\">Los desocupados que proceden de despidos en la industria, <a rel=\"nofollow noopener\" target=\"_blank\" href=\"https:\/\/elpais.com\/economia\/2021-04-14\/la-banca-prepara-un-ano-de-despidos-masivos-con-mas-de-15000-salidas.html\">o los que surgir\u00e1n de la banca en los pr\u00f3ximos meses, tienen una importante experiencia y un nivel de especializaci\u00f3n<\/a> que no se percibe en sus curr\u00edculums. \u201cPor esto es tan importante que se puedan acreditar las competencias que tienen. Son gente que quiz\u00e1 no tiene todos los estudios pero que tienen unos conocimientos, gracias a su experiencia, que los hace muy valiosos\u201d, destaca Gilgado. En este sentido, los sindicatos consideran que para la reinvenci\u00f3n en las carreras laborales es primordial el empleo. UGT y Comisiones Obreras consiguieron que la Generalitat aprobase ayudas para la formaci\u00f3n en el \u00faltimo paquete de ayudas para las personas en ERTE.<\/p>\n<p class=\"\">\u201cPero tambi\u00e9n hay que repensar el mercado de trabajo que tenemos, que es muy d\u00e9bil, muy basado en el sector tur\u00edstico, en la temporalidad y en la precariedad\u201d, cube Gilgado: \u201cHace falta un cambio de modelo productivo, invertir en industria y en investigaci\u00f3n. Los pa\u00edses que mejor han aguantado la crisis son los que tienen fuertes inversiones en estas \u00e1reas\u201d, resume la dirigente de UGT.<\/p>\n<\/div>\n\n<p><em> &#8221; Fuentes elpais.com &#8221; <\/em><\/p>\n","protected":false},"excerpt":{"rendered":"<p>Personas sin empleo asesorados por la Fundaci\u00f3n Intermedia. De izquierda a derecha: B\u00e0rbara Ruiz, Claudio Gonz\u00e0lez, Fanny Ripoll\u00e8s y Valeria Ib\u00e1\u00f1ez.Joan Sanchez \/ EL PA\u00cdS Con la pandemia de la covid-19 surgi\u00f3 una disaster econ\u00f3mica que se alargar\u00e1 a\u00fan m\u00e1s que la sanitaria. El confinamiento y las restricciones han dejado un gran agujero en el [&hellip;]<\/p>\n","protected":false},"author":4,"featured_media":123725,"comment_status":"open","ping_status":"closed","sticky":false,"template":"","format":"standard","meta":{"om_disable_all_campaigns":false,"jnews-multi-image_gallery":[],"jnews_single_post":[],"jnews_primary_category":[],"jnews_social_meta":[],"footnotes":""},"categories":[40],"tags":[],"class_list":["post-123724","post","type-post","status-publish","format-standard","has-post-thumbnail","hentry","category-industria"],"_links":{"self":[{"href":"https:\/\/dimensionturistica.com\/es\/wp-json\/wp\/v2\/posts\/123724","targetHints":{"allow":["GET"]}}],"collection":[{"href":"https:\/\/dimensionturistica.com\/es\/wp-json\/wp\/v2\/posts"}],"about":[{"href":"https:\/\/dimensionturistica.com\/es\/wp-json\/wp\/v2\/types\/post"}],"author":[{"embeddable":true,"href":"https:\/\/dimensionturistica.com\/es\/wp-json\/wp\/v2\/users\/4"}],"replies":[{"embeddable":true,"href":"https:\/\/dimensionturistica.com\/es\/wp-json\/wp\/v2\/comments?post=123724"}],"version-history":[{"count":0,"href":"https:\/\/dimensionturistica.com\/es\/wp-json\/wp\/v2\/posts\/123724\/revisions"}],"wp:featuredmedia":[{"embeddable":true,"href":"https:\/\/dimensionturistica.com\/es\/wp-json\/wp\/v2\/media\/123725"}],"wp:attachment":[{"href":"https:\/\/dimensionturistica.com\/es\/wp-json\/wp\/v2\/media?parent=123724"}],"wp:term":[{"taxonomy":"category","embeddable":true,"href":"https:\/\/dimensionturistica.com\/es\/wp-json\/wp\/v2\/categories?post=123724"},{"taxonomy":"post_tag","embeddable":true,"href":"https:\/\/dimensionturistica.com\/es\/wp-json\/wp\/v2\/tags?post=123724"}],"curies":[{"name":"wp","href":"https:\/\/api.w.org\/{rel}","templated":true}]}}