{"id":123715,"date":"2021-05-08T21:39:53","date_gmt":"2021-05-08T21:39:53","guid":{"rendered":"https:\/\/dimensionturistica.com\/es\/?p=123715"},"modified":"2021-05-08T21:39:53","modified_gmt":"2021-05-08T21:39:53","slug":"el-gobierno-provincial-articula-medidas-para-el-turismo-y-la-gastronomia","status":"publish","type":"post","link":"https:\/\/dimensionturistica.com\/es\/el-gobierno-provincial-articula-medidas-para-el-turismo-y-la-gastronomia\/","title":{"rendered":"El gobierno provincial articula medidas para el turismo y la gastronom\u00eda"},"content":{"rendered":"<p> <br \/>\n<\/p>\n<div>\n<h4>Mariana Juri (Cultura y Turismo), V\u00edctor Iba\u00f1ez (Gobierno), Lisandro Nieri (Hacienda y Finanzas) y Enrique Vaqui\u00e9 (Econom\u00eda y Energ\u00eda) se reunieron con representantes empresariales y gremiales del sector, quienes expresaron su apoyo a las medidas del Gobierno provincial.<\/h4>\n<p style=\"margin-bottom:50px\">El cierre de fronteras nacionales, la dificultad en el acceso a las ayudas directas de la Naci\u00f3n y medidas provinciales que le permitan afrontar la disaster del sector que impacta en todo el pa\u00eds fue parte de la agenda que se abord\u00f3 en forma conjunta.<\/p>\n<p style=\"margin-bottom:50px\">Por parte de las c\u00e1maras sectoriales estuvieron presentes Carolina Montivero, por la Uni\u00f3n de Trabajadores Hoteleros y Gastron\u00f3micos (UTHGRA); Edmundo Day, por la Asociaci\u00f3n de Empresarios Hoteleros y Gastron\u00f3micos (AEHGA); Mauricio Badaloni, por la Uni\u00f3n Industrial de Mendoza; Pablo Garc\u00eda por la Asociaci\u00f3n Mendocina de Agentes de Viajes; y Diego Stortini por la C\u00e1mara de Comercio y Turismo de Tunuy\u00e1n.<\/p>\n<div class=\"code-block code-block-8\" style=\"margin: 8px auto; text-align: center; display: block; clear: both;\">\n<p><a rel=\"nofollow noopener\" target=\"_blank\" href=\"https:\/\/www.bna.com.ar\/Personas\/BancaMovil?wc=2021_04_cuidate&amp;utm_source=portales_interior&amp;utm_medium=banner&amp;utm_campaign=2021_04_cuidate\/\"><\/p>\n<p><img decoding=\"async\" src=\"https:\/\/jornadaonline.com\/wp-content\/uploads\/2021\/05\/BNA_Banner-COVID_650x100px.gif\" class=\"lazyload\"\/><noscript><img decoding=\"async\" src=\"https:\/\/jornadaonline.com\/wp-content\/uploads\/2021\/05\/BNA_Banner-COVID_650x100px.gif\"\/><\/noscript><br \/>\n<\/a><\/p>\n<\/div>\n<p style=\"margin-bottom:50px\">Los empresarios plantearon la dif\u00edcil situaci\u00f3n que atraviesan con las fronteras nacionales cerradas pero destacaron la importancia del manejo equilibrado de la provincia durante la pandemia.<\/p>\n<p style=\"margin-bottom:50px\">Funcionarios y empresarios acordaron medidas espec\u00edficas que colaboren<br \/>fundamentalmente en el sostenimiento de los empleos en el sector.<\/p>\n<p style=\"margin-bottom:50px\">\u201cHa sido una oportuna reuni\u00f3n, entre los referentes del sector privado y los ministros provinciales. Consideramos que la pol\u00edtica de aperturas estrat\u00e9gicas, sumada a las iniciativas de apoyo impulsadas desde el Gobierno Provincial, permitir\u00e1 mejorar el flujo de caja principalmente de las pymes. El \u00e9xito de estas medidas nos permitir\u00e1 enfocarnos en mantener la calidad del destino Mendoza en vistas a la pospandemia\u201d, afirm\u00f3 Stortini tras el encuentro.<\/p>\n<figure class=\"wp-block-image size-large\"><img decoding=\"async\" alt=\"\" src=\"https:\/\/www.mendoza.gov.ar\/wp-content\/uploads\/sites\/5\/2021\/05\/IMG-20210507-WA0103.jpg\" class=\"lazyload\"\/><noscript><img decoding=\"async\" src=\"https:\/\/www.mendoza.gov.ar\/wp-content\/uploads\/sites\/5\/2021\/05\/IMG-20210507-WA0103.jpg\" alt=\"\"\/><\/noscript><\/figure>\n<p style=\"margin-bottom:50px\">La pr\u00f3rroga de los vencimientos de los cr\u00e9ditos blandos del Fondo de la<br \/>Transformaci\u00f3n, cuya l\u00ednea se impuls\u00f3 el a\u00f1o pasado; la inclusi\u00f3n de<br \/>requerimientos particulares del sector en los programas Mendoza Activa II y Enlace; y diferimientos en la tarifa el\u00e9ctrica, fueron algunos de los puntos<br \/>abordados.<\/p>\n<p style=\"margin-bottom:50px\">\u201cAdem\u00e1s junto a los empresarios comenzamos a delinear el dise\u00f1o de la<br \/>estrategia para las vacaciones de invierno siempre que las condiciones sanitarias lo permitan\u201d, expres\u00f3 la ministra Juri.<\/p>\n<p style=\"margin-bottom:50px\">Respecto a las ayudas del Gobierno nacional, como los ATP, que implement\u00f3 el a\u00f1o pasado ante las restricciones, la titular de la cartera de Turismo y Cultura expres\u00f3 que \u201ccoincidimos con el sector que son necesarios por el cierre de fronteras decretado por Naci\u00f3n y por la situaci\u00f3n macroecon\u00f3mica que impacta en la baja de ventas y demanda y que deriva en cierres y la consecuente perdida de puestos de trabajo en el sector\u201d.<\/p>\n<p>Mendoza, ni es ajena a la disaster que el sector enfrenta a nivel mundial pero es la \u00fanica provincia que tiene todos sus hoteles 5 estrellas abiertos y que el turismo interno est\u00e1 habilitado hace casi un a\u00f1o (desde el 15 de junio) sin interrupciones.<\/p>\n<p><!-- AI CONTENT END 2 -->\n    <\/div>\n\n<p><em> &#8221; Fuentes jornadaonline.com &#8221; <\/em><\/p>\n","protected":false},"excerpt":{"rendered":"<p>Mariana Juri (Cultura y Turismo), V\u00edctor Iba\u00f1ez (Gobierno), Lisandro Nieri (Hacienda y Finanzas) y Enrique Vaqui\u00e9 (Econom\u00eda y Energ\u00eda) se reunieron con representantes empresariales y gremiales del sector, quienes expresaron su apoyo a las medidas del Gobierno provincial. El cierre de fronteras nacionales, la dificultad en el acceso a las ayudas directas de la Naci\u00f3n [&hellip;]<\/p>\n","protected":false},"author":4,"featured_media":123716,"comment_status":"open","ping_status":"closed","sticky":false,"template":"","format":"standard","meta":{"om_disable_all_campaigns":false,"jnews-multi-image_gallery":[],"jnews_single_post":[],"jnews_primary_category":[],"jnews_social_meta":[],"footnotes":""},"categories":[40],"tags":[],"class_list":["post-123715","post","type-post","status-publish","format-standard","has-post-thumbnail","hentry","category-industria"],"_links":{"self":[{"href":"https:\/\/dimensionturistica.com\/es\/wp-json\/wp\/v2\/posts\/123715","targetHints":{"allow":["GET"]}}],"collection":[{"href":"https:\/\/dimensionturistica.com\/es\/wp-json\/wp\/v2\/posts"}],"about":[{"href":"https:\/\/dimensionturistica.com\/es\/wp-json\/wp\/v2\/types\/post"}],"author":[{"embeddable":true,"href":"https:\/\/dimensionturistica.com\/es\/wp-json\/wp\/v2\/users\/4"}],"replies":[{"embeddable":true,"href":"https:\/\/dimensionturistica.com\/es\/wp-json\/wp\/v2\/comments?post=123715"}],"version-history":[{"count":0,"href":"https:\/\/dimensionturistica.com\/es\/wp-json\/wp\/v2\/posts\/123715\/revisions"}],"wp:featuredmedia":[{"embeddable":true,"href":"https:\/\/dimensionturistica.com\/es\/wp-json\/wp\/v2\/media\/123716"}],"wp:attachment":[{"href":"https:\/\/dimensionturistica.com\/es\/wp-json\/wp\/v2\/media?parent=123715"}],"wp:term":[{"taxonomy":"category","embeddable":true,"href":"https:\/\/dimensionturistica.com\/es\/wp-json\/wp\/v2\/categories?post=123715"},{"taxonomy":"post_tag","embeddable":true,"href":"https:\/\/dimensionturistica.com\/es\/wp-json\/wp\/v2\/tags?post=123715"}],"curies":[{"name":"wp","href":"https:\/\/api.w.org\/{rel}","templated":true}]}}