{"id":123703,"date":"2021-05-08T21:07:03","date_gmt":"2021-05-08T21:07:03","guid":{"rendered":"https:\/\/dimensionturistica.com\/es\/?p=123703"},"modified":"2021-05-08T21:07:03","modified_gmt":"2021-05-08T21:07:03","slug":"podrian-ser-despedidos-46-policias-de-la-sspmsjr","status":"publish","type":"post","link":"https:\/\/dimensionturistica.com\/es\/podrian-ser-despedidos-46-policias-de-la-sspmsjr\/","title":{"rendered":"Podr\u00edan ser despedidos 46 polic\u00edas de la SSPMSJR"},"content":{"rendered":"<p> <br \/>\n<\/p>\n<div>\n<h2>Tras reprobar ex\u00e1menes de competencias b\u00e1sicas y destrezas podr\u00e1n realizarlo nuevamente para brindarles otra oportunidad<\/h2>\n<p>Por Josefina Herrera<\/p>\n<p>Noticias<\/p>\n<p>Alrededor de 45 elementos de la Secretar\u00eda de Seguridad P\u00fablica Municipal de San Juan del R\u00edo se manifestaron para dar a conocer que habr\u00edan sido mandados llamar por un supuesto despido, sin embargo se debi\u00f3 a que no pasaron una serie de ex\u00e1menes de competencias b\u00e1sicas y destrezas.<\/p>\n<p><!-- Composite Start --><\/p>\n<p><!-- Composite End --><\/p>\n<p>Ante tal acontecimiento, la dependencia les indic\u00f3 que tendr\u00edan otra oportunidad para poder realizarlo, por lo que se les dar\u00e1 una capacitaci\u00f3n previa, pero si no logran pasarlo nuevamente, estar\u00edan en riesgo de perder su empleo.<\/p>\n<p>Los polic\u00edas implicados, se\u00f1alaron que hay quienes est\u00e1n pr\u00f3ximos a una jubilaci\u00f3n, por lo cual podr\u00eda tratarse de una condici\u00f3n para retirarlos antes, \u201cahorita nos dicen que nos van a apoyar para que volvamos a hacer los ex\u00e1menes para que no nos den de baja, son varias asignaturas los ex\u00e1menes, si repruebas de tres en adelante es consecuencia de que no pasas, yo tengo 23 a\u00f1os trabajando aqu\u00ed en esta corporaci\u00f3n, voy a cumplir los 24 a\u00f1os, nunca hab\u00eda reprobado los ex\u00e1menes, ahora se me hace raro que los haya reprobado porque en realidad no s\u00e9 si sepan o me entiendan, porque cuando uno ya va varias veces a hacer un examen ya se lo saben de memoria, y ahora me salieron porque lo hab\u00eda reprobado ya con 24 a\u00f1os de servicio, me falta como a\u00f1o y medio para jubilarme\u201d, se\u00f1al\u00f3 una de las manifestantes.<\/p>\n<p>Ante esta situaci\u00f3n, la dependencia de la SSPMSJR se pronunci\u00f3 y se\u00f1al\u00f3 que la capacitaci\u00f3n constante y evaluaci\u00f3n contin\u00faa en la corporaci\u00f3n sanjuanense es permanente y prioritaria, ya que la funci\u00f3n policial es un tema de alta responsabilidad y compromiso con la ciudadan\u00eda.<\/p>\n<p>\u201cComo cada a\u00f1o, en fechas recientes, instancias estatales realizaron la evaluaci\u00f3n correspondiente a los polic\u00edas sanjuanenses, misma que arroj\u00f3 que algunos elementos fallaron en alguno de los aspectos que implican estas pruebas\u201d, se\u00f1alaron.<\/p>\n<p>Ante estos resultados fue que se determin\u00f3 brindarles una nueva oportunidad y otorgarles una capacitaci\u00f3n exhaustiva con la finalidad de ser reevaluados y as\u00ed poder cumplir debidamente con los criterios de competencias b\u00e1sicas para que puedan continuar sirviendo a los sanjuanenses.<\/p>\n<p>\u201cLa Secretar\u00eda de Seguridad P\u00fablica siempre priorizar\u00e1 el contar con polic\u00edas de primera, altamente capacitados, que mantengan en todo momento su firme compromiso de salvaguardar la integridad f\u00edsica y el patrimonio de las familias sanjuanenses\u201d, resalt\u00f3 la dependencia.<\/p>\n<p><img decoding=\"async\" class=\"aligncenter wp-image-462367 size-large\" src=\"https:\/\/cdn.noticiasdequeretaro.com.mx\/wp-content\/uploads\/2021\/05\/08085929\/Podr%C3%ADan-ser-despedidos-46-polic%C3%ADas-de-la-SSPMSJR-2-1024x576.jpg\" alt=\"\" width=\"740\" height=\"416\" srcset=\"https:\/\/cdn.noticiasdequeretaro.com.mx\/wp-content\/uploads\/2021\/05\/08085929\/Podr%C3%ADan-ser-despedidos-46-polic%C3%ADas-de-la-SSPMSJR-2-1024x576.jpg 1024w, https:\/\/cdn.noticiasdequeretaro.com.mx\/wp-content\/uploads\/2021\/05\/08085929\/Podr%C3%ADan-ser-despedidos-46-polic%C3%ADas-de-la-SSPMSJR-2-300x169.jpg 300w, https:\/\/cdn.noticiasdequeretaro.com.mx\/wp-content\/uploads\/2021\/05\/08085929\/Podr%C3%ADan-ser-despedidos-46-polic%C3%ADas-de-la-SSPMSJR-2-768x432.jpg 768w, https:\/\/cdn.noticiasdequeretaro.com.mx\/wp-content\/uploads\/2021\/05\/08085929\/Podr%C3%ADan-ser-despedidos-46-polic%C3%ADas-de-la-SSPMSJR-2.jpg 1280w\" sizes=\"(max-width: 740px) 100vw, 740px\"\/><\/p>\n<\/div>\n<p><script>(function(d, s, id) {\n  var js, fjs = d.getElementsByTagName(s)[0];\n  if (d.getElementById(id)) return;\n  js = d.createElement(s); js.id = id;\n  js.src = \"https:\/\/connect.facebook.net\/es_LA\/sdk.js#xfbml=1&appId=546007945598485&version=v2.3\";\n  fjs.parentNode.insertBefore(js, fjs);\n}(document, 'script', 'facebook-jssdk'));<\/script><br \/>\n<br \/><\/p>\n<p><em> &#8221; Fuentes noticiasdequeretaro.com.mx &#8221; <\/em><\/p>\n","protected":false},"excerpt":{"rendered":"<p>Tras reprobar ex\u00e1menes de competencias b\u00e1sicas y destrezas podr\u00e1n realizarlo nuevamente para brindarles otra oportunidad Por Josefina Herrera Noticias Alrededor de 45 elementos de la Secretar\u00eda de Seguridad P\u00fablica Municipal de San Juan del R\u00edo se manifestaron para dar a conocer que habr\u00edan sido mandados llamar por un supuesto despido, sin embargo se debi\u00f3 a [&hellip;]<\/p>\n","protected":false},"author":4,"featured_media":123704,"comment_status":"open","ping_status":"closed","sticky":false,"template":"","format":"standard","meta":{"om_disable_all_campaigns":false,"jnews-multi-image_gallery":[],"jnews_single_post":[],"jnews_primary_category":[],"jnews_social_meta":[],"footnotes":""},"categories":[40],"tags":[],"class_list":["post-123703","post","type-post","status-publish","format-standard","has-post-thumbnail","hentry","category-industria"],"_links":{"self":[{"href":"https:\/\/dimensionturistica.com\/es\/wp-json\/wp\/v2\/posts\/123703","targetHints":{"allow":["GET"]}}],"collection":[{"href":"https:\/\/dimensionturistica.com\/es\/wp-json\/wp\/v2\/posts"}],"about":[{"href":"https:\/\/dimensionturistica.com\/es\/wp-json\/wp\/v2\/types\/post"}],"author":[{"embeddable":true,"href":"https:\/\/dimensionturistica.com\/es\/wp-json\/wp\/v2\/users\/4"}],"replies":[{"embeddable":true,"href":"https:\/\/dimensionturistica.com\/es\/wp-json\/wp\/v2\/comments?post=123703"}],"version-history":[{"count":0,"href":"https:\/\/dimensionturistica.com\/es\/wp-json\/wp\/v2\/posts\/123703\/revisions"}],"wp:featuredmedia":[{"embeddable":true,"href":"https:\/\/dimensionturistica.com\/es\/wp-json\/wp\/v2\/media\/123704"}],"wp:attachment":[{"href":"https:\/\/dimensionturistica.com\/es\/wp-json\/wp\/v2\/media?parent=123703"}],"wp:term":[{"taxonomy":"category","embeddable":true,"href":"https:\/\/dimensionturistica.com\/es\/wp-json\/wp\/v2\/categories?post=123703"},{"taxonomy":"post_tag","embeddable":true,"href":"https:\/\/dimensionturistica.com\/es\/wp-json\/wp\/v2\/tags?post=123703"}],"curies":[{"name":"wp","href":"https:\/\/api.w.org\/{rel}","templated":true}]}}