{"id":123649,"date":"2021-05-08T16:47:37","date_gmt":"2021-05-08T16:47:37","guid":{"rendered":"https:\/\/dimensionturistica.com\/es\/?p=123649"},"modified":"2021-05-08T16:47:37","modified_gmt":"2021-05-08T16:47:37","slug":"las-agencias-aumentan-su-oferta-de-excursiones-de-un-dia-a-destinos-fuera-de-la-comunidad-ante-el-fin-del-cierre-perimetral","status":"publish","type":"post","link":"https:\/\/dimensionturistica.com\/es\/las-agencias-aumentan-su-oferta-de-excursiones-de-un-dia-a-destinos-fuera-de-la-comunidad-ante-el-fin-del-cierre-perimetral\/","title":{"rendered":"Las agencias aumentan su oferta de excursiones de un d\u00eda a destinos fuera de la Comunidad ante el fin del cierre perimetral"},"content":{"rendered":"<p> <br \/>\n<\/p>\n<div>\n<p><span class=\"tie-dropcap \">H<\/span>ay ganas de salir y de viajar y liberarse de la rutina que ha obligado a la poblaci\u00f3n a estar encerrada durante muchos meses por la pandemia de la Covid. Sensaciones que ya experimentan uno de los sectores m\u00e1s castigados por la disaster sanitaria como es de las agencias de viaje por que la situaci\u00f3n epidemiol\u00f3gica imped\u00eda organizar excursiones y visitas a otras ciudades, con las recomendaciones que limitaban el contacto f\u00edsico y el cierre perimetral en la Comunidad.<span id=\"more-316783\"\/><\/p>\n<p>R. Traves\u00ed \/ ICAL. As\u00ed que ahora, con el fin del estado de alarma y <strong>la decisi\u00f3n de la Junta de Castilla y Le\u00f3n de volver a una \u2018cierta normalidad\u2019<\/strong> con la supresi\u00f3n del toque de queda y, sobre todo, acabar con la posibilidad de salir de la Comunidad han animado a las agencias a aumentar su oferta de viajes.<strong> Las que primero han reaccionado,<\/strong> a la espera de que lleguen los meses de verano m\u00e1s vacacionales, son las especializadas en la organizaci\u00f3n de<strong> excursiones de un d\u00eda con autobuses<\/strong>. Hasta la fecha, hab\u00edan logrado sacar alg\u00fan viaje a destinos de la Comunidad pero ahora ya programan excursiones a lugares m\u00e1s alejados durante el mes de mayo como San Sebasti\u00e1n, Bilbao, Toledo, Cuenca, Vitoria e incluso algunos cl\u00e1sicos por estas fechas como Santander y las playas del Cant\u00e1brico.<\/p>\n<p>Y es que la actividad, hasta ahora, ha sido muy limitada por las circunstancias, tal y como asegura a la Agencia Ical Jorge Ayll\u00f3n, de <strong>Valladolid m\u00e1s que Viajes<\/strong> que tras haberse visto obligados a cerrar la agencia entre noviembre y marzo, solo pudieron sacar viajes a la nieve (estaci\u00f3n de San Isidro, en Le\u00f3n) durante ocho semanas entre diciembre y febrero y unas pocas rutas por la Comunidad a partir de abril como Orbaneja del Castillo (Burgos), <strong>Mogarraz y La Alberca (Salamanca)<\/strong> y Ca\u00f1\u00f3n del R\u00edo Lobos (Soria), entre otros. En todos ellos, se logr\u00f3 llenar uno o dos autobuses, una cifra muy inferior a de otros a\u00f1os sin pandemia cuando destinos \u201cpotentes\u201d pod\u00edan sumar hasta siete autocares.<\/p>\n<figure id=\"attachment_316785\" aria-describedby=\"caption-attachment-316785\" style=\"width: 524px\" class=\"wp-caption aligncenter\"><a rel=\"nofollow noopener\" target=\"_blank\" href=\"https:\/\/lacronicadesalamanca.com\/wp-content\/uploads\/2021\/05\/miriam-chacon.-ical-.-fernando-tomillo-en-el-coworking-de-la-calle-san-martin..jpg\"><img decoding=\"async\" class=\" wp-image-316785\" src=\"https:\/\/lacronicadesalamanca.com\/wp-content\/uploads\/2021\/05\/miriam-chacon.-ical-.-fernando-tomillo-en-el-coworking-de-la-calle-san-martin..jpg\" alt=\"\" width=\"524\" height=\"364\" srcset=\"https:\/\/lacronicadesalamanca.com\/wp-content\/uploads\/2021\/05\/miriam-chacon.-ical-.-fernando-tomillo-en-el-coworking-de-la-calle-san-martin..jpg 1000w, https:\/\/lacronicadesalamanca.com\/wp-content\/uploads\/2021\/05\/miriam-chacon.-ical-.-fernando-tomillo-en-el-coworking-de-la-calle-san-martin.-768x534.jpg 768w, https:\/\/lacronicadesalamanca.com\/wp-content\/uploads\/2021\/05\/miriam-chacon.-ical-.-fernando-tomillo-en-el-coworking-de-la-calle-san-martin.-388x270.jpg 388w, https:\/\/lacronicadesalamanca.com\/wp-content\/uploads\/2021\/05\/miriam-chacon.-ical-.-fernando-tomillo-en-el-coworking-de-la-calle-san-martin.-647x450.jpg 647w, https:\/\/lacronicadesalamanca.com\/wp-content\/uploads\/2021\/05\/miriam-chacon.-ical-.-fernando-tomillo-en-el-coworking-de-la-calle-san-martin.-150x105.jpg 150w\" sizes=\"(max-width: 524px) 100vw, 524px\"\/><\/a><figcaption id=\"caption-attachment-316785\" class=\"wp-caption-text\">Miriam Chac\u00f3n. ICAL . Fernando Tomillo en el coworking de la calle San Mart\u00edn.<\/figcaption><\/figure>\n<p>Otra de las agencias que ha conseguido mantener cierta actividad es Viajes Erasmus, tambi\u00e9n en Valladolid, que est\u00e1 especializada en organizar excursiones de un d\u00eda entre los estudiantes universitarios extranjeros. Su propietario<strong> Fernando Tomillo<\/strong> reconoce a Ical que al tener ese tipo de p\u00fablico ha mantenido abierto el negocio desde finales del anterior estado de alarma a finales de junio y <strong>ha podido viajar durante seis fines de semana a capitales de la Comunidad como Salamanca,<\/strong> Le\u00f3n, Burgos, Segovia y otros lugares como la Ruta del Vino por Zamora y Toro y Las M\u00e9dulas.<\/p>\n<p><strong>\u201cCada fin de semana desde febrero hemos llenado un autob\u00fas con 50-55 plazas<\/strong>, lo suficiente para cubrir gastos y no perder dinero\u201d, confiesa. Un n\u00famero muy inferior a los tres o cuatro autocares que se alcanzaban otros cursos, no solo motivado por los efectos de la pandemia sino por que el n\u00famero de estudiantes Erasmus en la Universidad de Valladolid ha pasado de 900 a 300.<\/p>\n<p>Tomillo subraya que el fin del estado de alarma y el levantamiento del cierre perimetral en la Comunidad supone un cierto \u201cresurgir\u201d para el sector tur\u00edstico. \u201cEs una alegr\u00eda para mucha gente que lleva tanto tiempo sin viajar por que hab\u00eda ganas\u201d, precisa. De ah\u00ed que, a partir de ahora, vaya a retomar los viajes por otros lugares de Espa\u00f1a como capitales del Pa\u00eds Vasco, Madrid (15 de mayo) y Santander (30 de mayo).<\/p>\n<h3><span style=\"color: #800000;\">\u00abGrowth\u00bb de reservas<\/span><\/h3>\n<p>Este empresario del sector apunta que el incremento de llamadas para pedir informaci\u00f3n sobre viajes comenz\u00f3 el viernes de la semana pasada, ocho d\u00edas antes del fin del estado de alarma. Hasta el punto, que <strong>augura un \u201cboom\u201d de las reservas<\/strong>, a partir de ahora. Y eso que sabe que muchos erasmus, con poco miedo por contagiarse al ser j\u00f3venes, han salido de la Comunidad con coches de alquiler. \u201cYo no puedo saltarme el per\u00edmetro con un bus lleno de pasajeros por que si me pillan me imponen una multa que tengo que cerrar la agencia. Es la incoherencia que hemos vivido, como que han salido vuelos desde el aeropuerto de Madrid al exterior\u201d, lamenta.<\/p>\n<p>En el mismo sentido se pronuncia Ayll\u00f3n, hijo de la propietaria de Valladolid M\u00e1s que Viajes, Inmaculada Prieto, al se\u00f1alar que <strong>la previsi\u00f3n es que la gente se anime mucho m\u00e1s con el fin del estado de alarma<\/strong>, por que hay personas que a\u00fan no se han enterado de esta medida. \u201c<strong>La gente mayor tiene a\u00fan miedo a la Covid<\/strong> por lo que hay cada vez contamos con m\u00e1s publico joven\u201d, precisa.<\/p>\n<p>Lo que no cambia, manifiesta, es la tendencia de reservar \u201ca \u00faltima hora\u201d, para conocer la meteorolog\u00eda. De momento, ya est\u00e1n programados traslados el 13 de mayo, fiesta patronal en Valladolid, para Bilbao, Santander y Galicia. Adem\u00e1s, l<strong>a agencia ya trabaja en viajes de varios d\u00edas<\/strong> como los circuitos a Galicia, Benidorm, costa de M\u00e1laga en mayo, junio y julio, que es donde est\u00e1 el beneficio econ\u00f3mico. \u201cHay que trabajar con antelaci\u00f3n por que un autob\u00fas no se llena en una semana\u201d, sentencia.<\/p>\n<p><!-- AI CONTENT END 1 --><\/p><\/div>\n\n<p><em> &#8221; Fuentes lacronicadesalamanca.com &#8221; <\/em><\/p>\n","protected":false},"excerpt":{"rendered":"<p>Hay ganas de salir y de viajar y liberarse de la rutina que ha obligado a la poblaci\u00f3n a estar encerrada durante muchos meses por la pandemia de la Covid. Sensaciones que ya experimentan uno de los sectores m\u00e1s castigados por la disaster sanitaria como es de las agencias de viaje por que la situaci\u00f3n [&hellip;]<\/p>\n","protected":false},"author":4,"featured_media":123650,"comment_status":"open","ping_status":"closed","sticky":false,"template":"","format":"standard","meta":{"om_disable_all_campaigns":false,"jnews-multi-image_gallery":[],"jnews_single_post":[],"jnews_primary_category":[],"jnews_social_meta":[],"footnotes":""},"categories":[40],"tags":[],"class_list":["post-123649","post","type-post","status-publish","format-standard","has-post-thumbnail","hentry","category-industria"],"_links":{"self":[{"href":"https:\/\/dimensionturistica.com\/es\/wp-json\/wp\/v2\/posts\/123649","targetHints":{"allow":["GET"]}}],"collection":[{"href":"https:\/\/dimensionturistica.com\/es\/wp-json\/wp\/v2\/posts"}],"about":[{"href":"https:\/\/dimensionturistica.com\/es\/wp-json\/wp\/v2\/types\/post"}],"author":[{"embeddable":true,"href":"https:\/\/dimensionturistica.com\/es\/wp-json\/wp\/v2\/users\/4"}],"replies":[{"embeddable":true,"href":"https:\/\/dimensionturistica.com\/es\/wp-json\/wp\/v2\/comments?post=123649"}],"version-history":[{"count":0,"href":"https:\/\/dimensionturistica.com\/es\/wp-json\/wp\/v2\/posts\/123649\/revisions"}],"wp:featuredmedia":[{"embeddable":true,"href":"https:\/\/dimensionturistica.com\/es\/wp-json\/wp\/v2\/media\/123650"}],"wp:attachment":[{"href":"https:\/\/dimensionturistica.com\/es\/wp-json\/wp\/v2\/media?parent=123649"}],"wp:term":[{"taxonomy":"category","embeddable":true,"href":"https:\/\/dimensionturistica.com\/es\/wp-json\/wp\/v2\/categories?post=123649"},{"taxonomy":"post_tag","embeddable":true,"href":"https:\/\/dimensionturistica.com\/es\/wp-json\/wp\/v2\/tags?post=123649"}],"curies":[{"name":"wp","href":"https:\/\/api.w.org\/{rel}","templated":true}]}}