{"id":123646,"date":"2021-05-08T16:39:20","date_gmt":"2021-05-08T16:39:20","guid":{"rendered":"https:\/\/dimensionturistica.com\/es\/?p=123646"},"modified":"2021-05-08T16:39:20","modified_gmt":"2021-05-08T16:39:20","slug":"juntos-debemos-combatir-la-violencia-la-corrupcion-y-la-impunidad-kamala-harris","status":"publish","type":"post","link":"https:\/\/dimensionturistica.com\/es\/juntos-debemos-combatir-la-violencia-la-corrupcion-y-la-impunidad-kamala-harris\/","title":{"rendered":"\u201cJUNTOS DEBEMOS COMBATIR LA VIOLENCIA, LA CORRUPCI\u00d3N Y LA IMPUNIDAD\u201d: KAMALA HARRIS"},"content":{"rendered":"<p> <br \/>\n<\/p>\n<div>\n<p>El presidente Andr\u00e9s Manuel L\u00f3pez Obrador y la vicepresidenta de Estados Unidos, Kamala Harris, coincidieron en la importancia de seguir enfrentando juntos retos comunes como la migraci\u00f3n, la violencia y la impunidad, as\u00ed como afianzar el progreso alcanzado previo a las repercusiones econ\u00f3micas de la pandemia de Covid-19 y al repunte del flujo migratorio.<\/p>\n<p>A su vez Harris tambi\u00e9n consider\u00f3 que \u201cjuntos debemos combatir la violencia, la corrupci\u00f3n y la impunidad\u201d.<\/p>\n<p>Por su lado el secretario de Relaciones Exteriores, Marcelo Ebrard, inform\u00f3 que durante la reuni\u00f3n ambos dignatarios acordaron establecer una ruta de trabajo para un plan migratorio y de desarrollo para el sur de M\u00e9xico y Centroam\u00e9rica, el cual quedar\u00e1 \u201caterrizado\u201d el pr\u00f3ximo 8 de junio, cuando Harris visite nuestro pa\u00eds.<\/p>\n<p>Durante la reuni\u00f3n digital que sostuvieron la ma\u00f1ana del viernes 7 L\u00f3pez Obrador resalt\u00f3 el inter\u00e9s por mantener las buenas relaciones entre ambos pa\u00edses y subray\u00f3 que su gobierno est\u00e1 de acuerdo con la pol\u00edtica migratoria que impulsa la administraci\u00f3n del presidente Joe Biden.<\/p>\n<p>\u201cNos vamos a seguir entendiendo. Tenemos muchas cosas en com\u00fan y estamos de acuerdo con la pol\u00edtica que ustedes emprenden en materia migratoria. Nosotros vamos a ayudar, pueden contar con nosotros\u201d, le manifest\u00f3 L\u00f3pez Obrador a Harris en teleconferencia.<\/p>\n<p>En lo que fue la segunda reuni\u00f3n digital con la nueva administraci\u00f3n dem\u00f3crata (la primera fue con Biden el 1 de marzo pasado), la vicepresidenta estadunidense asegur\u00f3 a su vez que ambos pa\u00edses han hecho los esfuerzos necesarios para construir una relaci\u00f3n productiva que hoy es muy importante.<\/p>\n<p>\u201cM\u00e9xico es nuestro vecino m\u00e1s cercano y compartimos una frontera com\u00fan. Esta asociaci\u00f3n podr\u00eda ser m\u00e1s importante ahora que nuestras naciones enfrentan serios desaf\u00edos\u201d, resalt\u00f3.<\/p>\n<p>Kamala Harris (quien realizar\u00e1 una visita de trabajo a M\u00e9xico el pr\u00f3ximo 8 de junio) expuso al mandatario mexicano que se tiene que continuar trabajando de manera bilateral y multilateral en materia migratoria ya que juntos pueden avanzar, crear y construir un sentido de hogar para la gente del llamado Tri\u00e1ngulo Norte (que integran Guatemala, Honduras y El Salvador), as\u00ed como abordar las causas fundamentales de la migraci\u00f3n.<\/p>\n<p>\u201cYa hemos hablado de este tema y entendemos que mucha gente no quiere salir de sus hogares; que cuando lo hace es porque est\u00e1n amenazadas o no tienen oportunidades en sus pa\u00edses\u201d, expuso Kamala Harris.<\/p>\n<p>L\u00f3pez Obrador destac\u00f3 a su vez la buena decisi\u00f3n del presidente Biden de comisionarla para atender el tema migratorio, que tambi\u00e9n es de inter\u00e9s del gobierno mexicano por las relaciones pol\u00edticas, hist\u00f3ricas, de amistad y a veces diferencias que se han dado. \u201cTenemos una frontera que nos une de m\u00e1s de tres mil kil\u00f3metros y tenemos que buscar el entendimiento, no pelearnos\u201d, subray\u00f3.<\/p>\n<p>Record\u00f3 que durante la reuni\u00f3n con el presidente Biden le refiri\u00f3 que cuando no eran del todo buenas las relaciones de M\u00e9xico y Estados Unidos se le atribuy\u00f3 al presidente Porfirio D\u00edaz la frase que cube \u201cPobre M\u00e9xico: tan lejos de Dios y tan cerca de Estados Unidos\u201d.<\/p>\n<p>Y a\u00f1adi\u00f3: \u201cAhora podr\u00edamos decir nosotros, porque son mucho mejores las relaciones: Bendito M\u00e9xico, tan cerca de Dios y no tan lejos de Estados Unidos\u201d. <\/p>\n<p>L\u00f3pez Obrador indic\u00f3 que tiene una propuesta espec\u00edfica en materia migratoria que puede ser conveniente, pero que dej\u00f3 para la parte privada del encuentro.<\/p>\n<p>Al closing de la reuni\u00f3n digital el presidente difundi\u00f3 en sus redes sociales: \u201cConversamos en t\u00e9rminos amistosos con la vicepresidenta de Estados Unidos, Kamala Harris. Estamos comprometidos a trabajar juntos para buscar medidas eficaces, humanas y justas al fen\u00f3meno migratorio\u201d.<\/p>\n<p>El canciller Marcelo Ebrard, quien estuvo en la reuni\u00f3n junto con otros funcionarios \u2014como el embajador mexicano en Washington, Esteban Moctezuma\u2014, inform\u00f3 en tanto que en el encuentro se abord\u00f3 la propuesta de extender el programa Sembrando vida a Centroam\u00e9rica como parte del Plan de Desarrollo Integral para crear bienestar en la regi\u00f3n y la recuperaci\u00f3n econ\u00f3mica.<\/p>\n<p>Ebrard inform\u00f3 que el encuentro del presidente L\u00f3pez Obrador y la vicepresidenta Harris \u201cfue un di\u00e1logo pol\u00edtico muy cordial con base en coincidencias de fondo. Se construye una relaci\u00f3n estrecha cimentada en confianza y respeto\u201d.<\/p>\n<p><b>Problema humanitario y pol\u00edtico<\/b><\/p>\n<p>El encuentro v\u00eda teleconferencia entre el presidente de M\u00e9xico y la vicepresidenta de Estados Unidos se realiz\u00f3 en momentos en que la frontera com\u00fan registra r\u00e9cords en materia de n\u00famero de migrantes y de ni\u00f1os no acompa\u00f1ados que buscan ingresar al vecino pa\u00eds del norte: en marzo la cifra de menores resguardados por las autoridades migratorias fue de 19 mil, la m\u00e1s alta para un mes de acuerdo con las estad\u00edsticas oficiales.<\/p>\n<p>El desbordamiento en la frontera estadunidense por la presencia de miles de personas provenientes en su gran mayor\u00eda de Guatemala, Honduras y El Salvador se ha convertido en un dolor de cabeza en los primeros 100 d\u00edas de la administraci\u00f3n Biden ya que genera un problema humanitario debido a que los albergues no cuentan con capacidad suficiente para alojar a far de menores que intentan ingresar a ese pa\u00eds, situaci\u00f3n que ya mejora. <\/p>\n<p>El aumento de personas en la frontera por la ola migratoria tiene repercusiones pol\u00edticas para el nuevo gobierno dem\u00f3crata en la Casa Blanca: el Partido Republicano no deja pasar oportunidad para criticar el manejo de una disaster \u201ccreada por las pol\u00edticas presidenciales de este nuevo gobierno\u201d, como afirm\u00f3 el l\u00edder de la minor\u00eda republicana en la C\u00e1mara de Representantes, Kevin McCarthy.<\/p>\n<p>Las medidas adoptadas por Biden para desmantelar las pol\u00edticas contra los inmigrantes que aplic\u00f3 Donald Trump, como reactivar solicitudes de asilo y poner fin al programa Qu\u00e9date en M\u00e9xico, provocan el crecimiento de los flujos de quienes buscan ingresar a la Uni\u00f3n Americana ya sea de manera ilegal o por medio de la solicitud de asilo.<\/p>\n<p>Hasta el momento de poco sirven los llamados de funcionarios y hasta del propio Biden para que las personas permanezcan en sus pa\u00edses y no vayan hacia territorio estadunidense.<\/p>\n<p><b>Atender las causas<\/b><\/p>\n<p>Ante un fen\u00f3meno complejo como el migratorio, en el que intervienen diversos factores y que se usa con fines pol\u00edticos, lo que impide que se trate de manera integral, el presidente de M\u00e9xico insiste en que el tema no se puede resolver con medidas coercitivas, militarizando o cerrando fronteras y, por el contrario, se deben atender las causas que lo originan.<\/p>\n<p>Desde su perspectiva tiene que haber orden e impedir un desbordamiento en los flujos migratorios, porque eso significar\u00eda mayores riesgos para los migrantes y violaci\u00f3n de sus derechos humanos. L\u00f3pez Obrador destaca tambi\u00e9n la necesidad de informar a las personas lo que ocurre para que no se tenga la concept de que est\u00e1 abierta la frontera y con enga\u00f1os se diga que ahora la pol\u00edtica migratoria de Estados Unidos es mejor que la de antes.<\/p>\n<p>El Ejecutivo federal mexicano hace \u00e9nfasis en se\u00f1alar que nadie sale de sus pueblos y abandona a la familia por gusto sino por necesidad. Y destaca que la mayor\u00eda de los migrantes son j\u00f3venes, por lo que s\u00ed hay manera de atender el fondo del problema.<\/p>\n<p>L\u00f3pez Obrador refiere que el crecimiento del flujo migratorio se da porque las personas tienen la esperanza de que con el cambio de gobierno en la Uni\u00f3n Americana se les dar\u00e1n facilidades para tener la residencia con los mecanismos establecidos de refugio o asilo.<\/p>\n<p>\u201cEntonces hay que ordenar el flujo migratorio y atender las causas. Esto significa que haya trabajo, que haya esperanzas en los pueblos del sudeste de M\u00e9xico y en Centroam\u00e9rica, que la gente tenga posibilidades de trabajar y de ser felices donde est\u00e1n sus familiares, sus culturas. Y esto se logra si hay programas de apoyo para el bienestar\u201d, expone.<\/p>\n<p>De ah\u00ed su propuesta de que se ampl\u00eden hacia los pa\u00edses centroamericanos los programas Sembrando vida y J\u00f3venes construyendo el futuro, as\u00ed como otras acciones para el bienestar.<\/p>\n<p>Sin embargo el presidente reconoce que es muy dif\u00edcil convencer a las personas cuando toman la decisi\u00f3n de salir de sus comunidades, porque a pesar de que se ofrece empleo en M\u00e9xico en Sembrando vida, en el Tren Maya, en el Istmo, son pocos los que se quedan: ya traen el plan de viajar a Estados Unidos desde que salen y llevan la intenci\u00f3n de llegar a la frontera.<\/p>\n<p>L\u00f3pez Obrador insiste en que si se aplica el programa y se les da como opci\u00f3n, como recompensa, que a los tres a\u00f1os de estar sembrando sus tierras puedan tener derecho a una visa temporal para ir y regresar a Estados Unidos; que puedan en otros tres o cuatro a\u00f1os m\u00e1s acceder a una residencia y si as\u00ed lo deciden a la doble nacionalidad.<\/p>\n<p><b>Impulso al comercio binacional<\/b><\/p>\n<p>As\u00ed las cosas, la Presidencia de la Rep\u00fablica emiti\u00f3 la tarde del viernes 7 un comunicado sobre la teleconferencia entre L\u00f3pez Obrador y Harris, en el que destaca la importancia de que ambos pa\u00edses mantengan una relaci\u00f3n permanente y constante.<\/p>\n<p>Indic\u00f3 que ambas partes reafirmaron el prop\u00f3sito de ampliar los mecanismos de cooperaci\u00f3n internacional para crear opciones laborales seguras para las personas migrantes de la regi\u00f3n, as\u00ed como para la protecci\u00f3n de sus derechos humanos.<\/p>\n<p>Tambi\u00e9n abordaron el estado precise de la frontera com\u00fan con el objetivo de impulsar el comercio binacional en funci\u00f3n de los criterios epidemiol\u00f3gicos y la evoluci\u00f3n de la vacunaci\u00f3n en la zona fronteriza.<\/p>\n<p>Igualmente trataron el impulso a las inversiones en el sur de M\u00e9xico a fin de fortalecer la cooperaci\u00f3n econ\u00f3mica bajo el nuevo <b>TMEC<\/b> hacia la recuperaci\u00f3n posCovid-19.<\/p>\n<p>El presidente L\u00f3pez Obrador reconoci\u00f3 la cooperaci\u00f3n y solidaridad del gobierno de Estados Unidos al exportar a M\u00e9xico 2.7 millones de vacunas antiCovid de la farmac\u00e9utica AstraZeneca y la Universidad de Oxford.<\/p>\n<p>Tambi\u00e9n celebr\u00f3 la decisi\u00f3n de Washington de apoyar la suspensi\u00f3n de las patentes de vacunas contra el coronavirus. En virtud de los lazos de solidaridad y cooperaci\u00f3n entre ambos pa\u00edses solicit\u00f3 a Estados Unidos ampliar la cooperaci\u00f3n con M\u00e9xico para acelerar el ritmo de inmunizaci\u00f3n en el pa\u00eds.<\/p>\n<p><b>Conversan Ebrard y Mayorkas <\/b>El canciller Marcelo Ebrard y el secretario de Seguridad de <b>EU<\/b>, Alejandro Mayorkas, mantuvieron una conversaci\u00f3n el 5 de mayo en seguimiento del di\u00e1logo de alto nivel que mantienen autoridades de ambos pa\u00edses.<\/p>\n<p>Respecto del tema migratorio analizaron los avances en la estrategia com\u00fan hacia una migraci\u00f3n ordenada, segura y common en la regi\u00f3n. Tambi\u00e9n coincidieron en atender las causas estructurales del fen\u00f3meno migratorio, crear oportunidades econ\u00f3micas en los pa\u00edses del norte de Centroam\u00e9rica y estados del sur de M\u00e9xico, as\u00ed como proteger los derechos humanos de las personas migrantes.<\/p>\n<p>Un comunicado emitido por la Secretar\u00eda de Relaciones Exteriores establece que Ebrard y Mayorkas comentaron la propuesta de expansi\u00f3n del programa Sembrando vida<i> <\/i>en el marco de la cooperaci\u00f3n internacional para el desarrollo, con un componente central en la visi\u00f3n compartida para hacer frente al cambio clim\u00e1tico.<\/p>\n<p>Tambi\u00e9n abordaron mecanismos de cooperaci\u00f3n econ\u00f3mica para fortalecer los intercambios de bienes y servicios en la frontera com\u00fan y en apego a la evoluci\u00f3n de la pandemia en ambos pa\u00edses, as\u00ed como sobre medidas de cooperaci\u00f3n para hacer frente a la disaster sanitaria en las dos naciones.<\/p>\n<p><b>Contra el tr\u00e1fico de migrantes<\/b><\/p>\n<p>Para combatir las redes de tr\u00e1fico de migrantes Estados Unidos puso en marcha la <i>Operaci\u00f3n Centinela<\/i> en momentos en que ese pa\u00eds enfrenta la llegada r\u00e9cord de indocumentados por su frontera con M\u00e9xico.<\/p>\n<p>En el operativo participan agencias del Departamento de Seguridad Nacional (<b>DHS<\/b>, por sus siglas en ingl\u00e9s), la Oficina de Aduanas y Protecci\u00f3n Fronteriza (<b>CBP<\/b>), el Servicio de Inmigraci\u00f3n y Management de Aduanas (<b>ICE<\/b>), as\u00ed como el Bur\u00f3 Federal de Investigaciones (<b>FBI<\/b>) y la Administraci\u00f3n para el Management de Drogas (<b>DEA<\/b>).<\/p>\n<p>\u201cLas medidas que tomaremos en los pr\u00f3ximos meses mejorar\u00e1n la seguridad de la frontera de <b>EU<\/b> y ayudar\u00e1n a salvar vidas de migrantes vulnerables\u201d, destac\u00f3 el secretario del <b>DHS<\/b>, Alejandro Mayorkas.<\/p>\n<p>Explic\u00f3 que el <b>DHS<\/b> y sus socios nacionales e internacionales usar\u00e1n todas las herramientas disponibles para identificar a quienes participan o facilitan el contrabando de personas y tomar\u00e1n medidas en su contra, incluidas sanciones.<\/p>\n<p>Mayorkas dijo que se prev\u00e9 revocar visas y otros documentos de viaje, suspender e inhabilitar entidades comerciales y congelar cuentas bancarias y otros activos que los integrantes de estas organizaciones tengan en <b>EU<\/b>.<\/p>\n<p>\u201cEl objetivo es interrumpir todas las facetas de las redes log\u00edsticas de estas organizaciones criminales\u201d, resalt\u00f3.<\/p>\n<p><b>M\u00e1s refugiados <\/b><\/p>\n<p>El presidente Joe Biden aument\u00f3 a 62 mil 500 el n\u00famero de refugiados que <b>EU<\/b> admitir\u00e1 este a\u00f1o, lo que significa un incremento sustancial respecto de los 15 mil establecidos por su antecesor, Donald Trump.<\/p>\n<p>Mediante un decreto especific\u00f3 la forma en que se distribuir\u00e1n los cupos: 22 mil para \u00c1frica, seis mil para Asia Oriental, cuatro mil para Europa y Asia Central, cinco mil corresponder\u00e1n a Am\u00e9rica Latina y el Caribe, 13 mil para el este y sur de Asia y doce mil 500 sin localidad predeterminada.<\/p>\n<p>Biden resalt\u00f3 que esta cifra para refugiados que ser\u00e1n admitidos en ese pa\u00eds \u201cenv\u00eda un importante mensaje de que <b>EU<\/b> sigue siendo un lugar seguro para algunas de las personas m\u00e1s vulnerables en el mundo\u201d.<\/p>\n<p>Este programa de admisi\u00f3n solo concierne a los refugiados seleccionados por las agencias de inteligencia y seguridad estadunidenses en los campamentos de la <b>ONU<\/b> en todo el mundo para ser reubicados en la Uni\u00f3n Americana, principalmente entre los m\u00e1s vulnerables, como los ancianos, las viudas o los discapacitados.<\/p>\n<\/div>\n<p><script>\n    window.fbAsyncInit = function() {\n    FB.init({\n        appId : '2642162399395391',\n    xfbml : true,\n    version : 'v3.1'\n    });\n    };\n    (function(d, s, id) {\n    var js, fjs = d.getElementsByTagName(s)[0];\n    if (d.getElementById(id)) {return};\n    js = d.createElement(s); js.id = id;\n    js.src=\"https:\/\/connect.facebook.net\/es_ES\/sdk.js\";\n    fjs.parentNode.insertBefore(js, fjs);\n    }(document, 'script', 'facebook-jssdk'));\n<\/script><br \/>\n<br \/><\/p>\n<p><em> &#8221; Fuentes www.vertigopolitico.com &#8221; <\/em><\/p>\n","protected":false},"excerpt":{"rendered":"<p>El presidente Andr\u00e9s Manuel L\u00f3pez Obrador y la vicepresidenta de Estados Unidos, Kamala Harris, coincidieron en la importancia de seguir enfrentando juntos retos comunes como la migraci\u00f3n, la violencia y la impunidad, as\u00ed como afianzar el progreso alcanzado previo a las repercusiones econ\u00f3micas de la pandemia de Covid-19 y al repunte del flujo migratorio. A [&hellip;]<\/p>\n","protected":false},"author":4,"featured_media":123647,"comment_status":"open","ping_status":"closed","sticky":false,"template":"","format":"standard","meta":{"om_disable_all_campaigns":false,"jnews-multi-image_gallery":[],"jnews_single_post":[],"jnews_primary_category":[],"jnews_social_meta":[],"footnotes":""},"categories":[40],"tags":[],"class_list":["post-123646","post","type-post","status-publish","format-standard","has-post-thumbnail","hentry","category-industria"],"_links":{"self":[{"href":"https:\/\/dimensionturistica.com\/es\/wp-json\/wp\/v2\/posts\/123646","targetHints":{"allow":["GET"]}}],"collection":[{"href":"https:\/\/dimensionturistica.com\/es\/wp-json\/wp\/v2\/posts"}],"about":[{"href":"https:\/\/dimensionturistica.com\/es\/wp-json\/wp\/v2\/types\/post"}],"author":[{"embeddable":true,"href":"https:\/\/dimensionturistica.com\/es\/wp-json\/wp\/v2\/users\/4"}],"replies":[{"embeddable":true,"href":"https:\/\/dimensionturistica.com\/es\/wp-json\/wp\/v2\/comments?post=123646"}],"version-history":[{"count":0,"href":"https:\/\/dimensionturistica.com\/es\/wp-json\/wp\/v2\/posts\/123646\/revisions"}],"wp:featuredmedia":[{"embeddable":true,"href":"https:\/\/dimensionturistica.com\/es\/wp-json\/wp\/v2\/media\/123647"}],"wp:attachment":[{"href":"https:\/\/dimensionturistica.com\/es\/wp-json\/wp\/v2\/media?parent=123646"}],"wp:term":[{"taxonomy":"category","embeddable":true,"href":"https:\/\/dimensionturistica.com\/es\/wp-json\/wp\/v2\/categories?post=123646"},{"taxonomy":"post_tag","embeddable":true,"href":"https:\/\/dimensionturistica.com\/es\/wp-json\/wp\/v2\/tags?post=123646"}],"curies":[{"name":"wp","href":"https:\/\/api.w.org\/{rel}","templated":true}]}}