{"id":123632,"date":"2021-05-08T15:24:08","date_gmt":"2021-05-08T15:24:08","guid":{"rendered":"https:\/\/dimensionturistica.com\/es\/?p=123632"},"modified":"2021-05-08T15:24:08","modified_gmt":"2021-05-08T15:24:08","slug":"muestran-potencialidades-de-las-tunas-en-primera-edicion-de-la-bolsa-turistica-del-oriente","status":"publish","type":"post","link":"https:\/\/dimensionturistica.com\/es\/muestran-potencialidades-de-las-tunas-en-primera-edicion-de-la-bolsa-turistica-del-oriente\/","title":{"rendered":"Muestran potencialidades de Las Tunas en primera edici\u00f3n de la Bolsa Tur\u00edstica del Oriente"},"content":{"rendered":"<p> <br \/>\n<\/p>\n<div>\n<p>Las Tunas.- La historia y receta de la caldosa tunera acapar\u00f3 la atenci\u00f3n de los participantes en la primera edici\u00f3n de la Bolsa Tur\u00edstica del Oriente cubano que, de manera digital, reuni\u00f3 a turoperadores, especialistas y empresarios de la conocida industria sin chimenea.<\/p>\n<p>La Delegaci\u00f3n de Turismo de <a rel=\"nofollow noopener\" target=\"_blank\" href=\"https:\/\/www.ecured.cu\/Provincia_de_Las_Tunas_(Cuba)\"><strong>Las Tunas<\/strong><\/a> promocion\u00f3 y present\u00f3, adem\u00e1s de este plato que identifica a los tuneros, el destino de sol y playa Covarrubias, balneario con excelentes condiciones para continuar ampliando en su pink hotelera y further hotelera.<\/p>\n<p>Entre los valores culturales presentados estuvieron las jornadas cucalambeanas y el repentismo como tradici\u00f3n campesina, estilo musical que encuentra aqu\u00ed uno de los mayores arraigos y exponentes a nivel nacional.<\/p>\n<p>Las condiciones de las reservas ecol\u00f3gicas, fundamentalmente <a rel=\"nofollow noopener\" target=\"_blank\" href=\"https:\/\/www.ecured.cu\/Monte_Cabanigu%C3%A1n\"><strong>Monte Cabanigu\u00e1n<\/strong><\/a>, para el ecoturismo, tambi\u00e9n sobresalieron dentro de las propuestas tuneras en esta bolsa digital de turismo.<\/p>\n<p>La situaci\u00f3n geogr\u00e1fica de la provincia es un valor agregado en la integraci\u00f3n de un destino tur\u00edstico, pues adem\u00e1s de situarse en el Balc\u00f3n del oriente se encuentran muy cerca de ella dos de los m\u00e1s importantes aeropuertos internacionales del pa\u00eds, el Ignacio Agramonte de Camag\u00fcey y el Frank Pa\u00eds de Holgu\u00edn, este \u00faltimo el de mayores operaciones en esta parte de Cuba.<\/p>\n<p>Como antesala de esta primera bolsa de turismo oriental, en diciembre pasado la delegaci\u00f3n de turismo aqu\u00ed mostr\u00f3 sus potencialidades en la d\u00e9cima edici\u00f3n de la feria comercial de Las Tunas.<\/p>\n<p>En integraci\u00f3n con la universidad y el Ministerio de Comercio e Inversi\u00f3n Extranjera unido al apoyo y asesor\u00eda de la comisi\u00f3n de cultura y turismo de la <a rel=\"nofollow noopener\" target=\"_blank\" href=\"https:\/\/www.ecured.cu\/Uni%C3%B3n_de_Escritores_y_Artistas_de_Cuba\"><b>Uni\u00f3n de Escritores y Artistas de Cuba<\/b><\/a> y otros actores sociales, el <a rel=\"nofollow noopener\" target=\"_blank\" href=\"https:\/\/www.ecured.cu\/Ministerio_de_Turismo_(Cuba)\"><strong>Ministerio del Turismo<\/strong> <\/a>en Las Tunas dise\u00f1a una estrategia que permita atraer a esta provincia no solo visitantes extranjeros, sino nacionales.<\/p>\n<p>A este \u00faltimo mercado est\u00e1n llamados a abrirse las conocidas casas de renta y hostales del sector no estatal que, en la actualidad, ante la disaster de la pandemia, han visto reducidos sus clientes y por consiguiente sus dividendos econ\u00f3micos, m\u00e1s all\u00e1 de las facilidades que en materia de tributos e impuestos han recibido.<\/p>\n<p>Esta bolsa digital sirve adem\u00e1s como plataforma comercial y de promoci\u00f3n ante la imposibilidad de desarrollar este a\u00f1o la Feria Internacional de Turismo, el m\u00e1s importante evento de la industria de los viajes en Cuba.<\/p>\n<p>\/mga\/<\/p>\n<p>Comente con nosotros en la p\u00e1gina de\u00a0<a rel=\"nofollow noopener\" target=\"_blank\" href=\"https:\/\/www.facebook.com\/tiempo21cuba\"><strong>Facebook<\/strong><\/a>\u00a0y s\u00edganos en\u00a0<strong><a rel=\"nofollow noopener\" target=\"_blank\" href=\"http:\/\/www.twitter.com\/tiempo21cuba\">Twitter<\/a><\/strong>\u00a0y\u00a0<strong><a rel=\"nofollow noopener\" target=\"_blank\" href=\"https:\/\/www.youtube.com\/channel\/UCiEvpyytkYAb8PaiGg5Zjpw\">Youtube<\/a><\/strong><\/p>\n<\/div>\n<p><script async src=\"\/\/platform.twitter.com\/widgets.js\" charset=\"utf-8\"><\/script><br \/>\n<br \/><\/p>\n<p><em> &#8221; Fuentes www.tiempo21.cu &#8221; <\/em><\/p>\n","protected":false},"excerpt":{"rendered":"<p>Las Tunas.- La historia y receta de la caldosa tunera acapar\u00f3 la atenci\u00f3n de los participantes en la primera edici\u00f3n de la Bolsa Tur\u00edstica del Oriente cubano que, de manera digital, reuni\u00f3 a turoperadores, especialistas y empresarios de la conocida industria sin chimenea. La Delegaci\u00f3n de Turismo de Las Tunas promocion\u00f3 y present\u00f3, adem\u00e1s de [&hellip;]<\/p>\n","protected":false},"author":4,"featured_media":123633,"comment_status":"open","ping_status":"closed","sticky":false,"template":"","format":"standard","meta":{"om_disable_all_campaigns":false,"jnews-multi-image_gallery":[],"jnews_single_post":[],"jnews_primary_category":[],"jnews_social_meta":[],"footnotes":""},"categories":[40],"tags":[],"class_list":["post-123632","post","type-post","status-publish","format-standard","has-post-thumbnail","hentry","category-industria"],"_links":{"self":[{"href":"https:\/\/dimensionturistica.com\/es\/wp-json\/wp\/v2\/posts\/123632","targetHints":{"allow":["GET"]}}],"collection":[{"href":"https:\/\/dimensionturistica.com\/es\/wp-json\/wp\/v2\/posts"}],"about":[{"href":"https:\/\/dimensionturistica.com\/es\/wp-json\/wp\/v2\/types\/post"}],"author":[{"embeddable":true,"href":"https:\/\/dimensionturistica.com\/es\/wp-json\/wp\/v2\/users\/4"}],"replies":[{"embeddable":true,"href":"https:\/\/dimensionturistica.com\/es\/wp-json\/wp\/v2\/comments?post=123632"}],"version-history":[{"count":0,"href":"https:\/\/dimensionturistica.com\/es\/wp-json\/wp\/v2\/posts\/123632\/revisions"}],"wp:featuredmedia":[{"embeddable":true,"href":"https:\/\/dimensionturistica.com\/es\/wp-json\/wp\/v2\/media\/123633"}],"wp:attachment":[{"href":"https:\/\/dimensionturistica.com\/es\/wp-json\/wp\/v2\/media?parent=123632"}],"wp:term":[{"taxonomy":"category","embeddable":true,"href":"https:\/\/dimensionturistica.com\/es\/wp-json\/wp\/v2\/categories?post=123632"},{"taxonomy":"post_tag","embeddable":true,"href":"https:\/\/dimensionturistica.com\/es\/wp-json\/wp\/v2\/tags?post=123632"}],"curies":[{"name":"wp","href":"https:\/\/api.w.org\/{rel}","templated":true}]}}