{"id":123556,"date":"2021-05-08T10:23:52","date_gmt":"2021-05-08T10:23:52","guid":{"rendered":"https:\/\/dimensionturistica.com\/es\/?p=123556"},"modified":"2021-05-08T10:23:52","modified_gmt":"2021-05-08T10:23:52","slug":"los-precios-de-los-vuelos-a-portugal-se-duplican-tras-la-revelacion-de-la-lista-verde-%e2%8b%86-ezanime-net","status":"publish","type":"post","link":"https:\/\/dimensionturistica.com\/es\/los-precios-de-los-vuelos-a-portugal-se-duplican-tras-la-revelacion-de-la-lista-verde-%e2%8b%86-ezanime-net\/","title":{"rendered":"Los precios de los vuelos a Portugal se duplican tras la revelaci\u00f3n de la lista verde \u22c6 . \u2013 EzAnime.net"},"content":{"rendered":"<p> <br \/>\n<\/p>\n<div>\n<p>Las reservas se han disparado, mientras que los precios tambi\u00e9n han subido despu\u00e9s de que se anunciara la lista verde de destinos de viaje (Imagen: .)<\/p>\n<p class=\"\">Las compa\u00f1\u00edas de vacaciones han informado de un aumento masivo en las reservas y el costo de los vuelos se ha disparado despu\u00e9s del anuncio del primer conjunto de pa\u00edses de la lista verde. <\/p>\n<p class=\"\">Portugal y Gibraltar se encuentran entre los destinos que la gente podr\u00e1 visitar sin necesidad de aislarse despu\u00e9s de que se alivien las restricciones el 17 de mayo.<\/p>\n<p class=\"\">Con muchos otros lugares de vacaciones, incluidos Francia y Espa\u00f1a, en la lista \u00e1mbar por ahora, todo el inter\u00e9s ha estado en el pu\u00f1ado de pa\u00edses de la lista verde.<\/p>\n<p class=\"\">El costo de algunos vuelos a Portugal aument\u00f3 en un 25% despu\u00e9s del anuncio, pasando de \u00a3 264 a las 12 pm para un boleto de regreso de Londres Heathrow a Lisboa a \u00a3 332 a las 6 pm, inform\u00f3 MailOnline. <\/p>\n<p class=\"\">Un vuelo de British Airways desde Heathrow a Faro en el Algarve cuesta \u00a3 448 el 17 de mayo, pero podr\u00eda pagar \u00a3 237 si volaba dos d\u00edas antes.   <\/p>\n<p class=\"\">Otro vuelo de Stansted a Lisboa cuesta \u00a3 262 el 19 de mayo, m\u00e1s del doble del precio de \u00a3 128 el 14 de mayo. <\/p>\n<p class=\"\">De manera related, un vuelo a Gibraltar se duplic\u00f3 con creces, pasando de \u00a3 49 a \u00a3 134. <\/p>\n<p class=\"\">Pero todav\u00eda hab\u00eda acuerdos con la aerol\u00ednea econ\u00f3mica Ryanair que ofrece vuelos desde Londres Stansted a Lisboa, la capital de Portugal, por 65 libras esterlinas el mismo d\u00eda.<\/p>\n<p>La playa de Faro estar\u00e1 ocupada este verano ya que Portugal pasa a la lista verde (Imagen: .)<\/p>\n<p class=\"\">Tanto Ryanair como British Airways dijeron que realizar\u00edan vuelos adicionales para satisfacer el aumento de la demanda. <\/p>\n<p class=\"\">Los agentes de viajes tambi\u00e9n informaron un aumento en el inter\u00e9s despu\u00e9s del anuncio, y Thomas Cook dinner inform\u00f3 que las reservas ya aumentaron un 250% con respecto a la semana pasada.<\/p>\n<p class=\"\">David Little one, director de relaciones p\u00fablicas y marca, dijo: \u00abEn la primera hora, de 17:00 a 18:00 horas, recibimos tantas reservas en Portugal como en todo el mes de abril\u00bb.<\/p>\n<p class=\"\">Pero Little one advirti\u00f3 que el \u00abn\u00famero absoluto\u00bb de reservas period \u00abpeque\u00f1o\u00bb, y dijo que la empresa estaba pasando de \u00abun n\u00famero reducido de reservas a un n\u00famero modesto de reservas\u00bb.<\/p>\n<p class=\"\">\u00abS\u00ed, es un aumento absoluto, pero el mercado todav\u00eda est\u00e1 por debajo de donde estar\u00eda normalmente en esta \u00e9poca del a\u00f1o\u00bb, dijo.<\/p>\n<p><img decoding=\"async\" loading=\"lazy\" width=\"540\" height=\"360\" data-rsz=\"shrink\" src=\"https:\/\/10ztalk.com\/wp-content\/uploads\/2021\/05\/1620467445_394_Travel-Portugal-flight-prices-double-after-green-list-unveiled.jpg\" alt=\"Porto, Portugal casco antiguo sobre el r\u00edo Duero.\" class=\"wp-image-14543391\"\/>Los agentes de viajes informan un aumento en el inter\u00e9s (Imagen: .)<\/p>\n<p class=\"\">Dijo que si bien el costo de los vuelos puede aumentar, los hoteleros \u00abtodav\u00eda no est\u00e1n subiendo sus precios\u00bb, ya que todav\u00eda tienen muchas habitaciones por llenar.<\/p>\n<p class=\"\">Si bien las restricciones se est\u00e1n suavizando, incluso aquellos que se dirigen a destinos de la lista verde a\u00fan enfrentan una serie de controles y requisitos adicionales para viajar al extranjero de manera segura. <\/p>\n<p class=\"\">El director de la Fuerza Fronteriza, Paul Lincoln, dijo que los pasajeros deben esperar mayores demoras en \u00abcada etapa\u00bb de su viaje, ya que el private tardar\u00e1 entre cinco y diez minutos en procesar a cada pasajero. <\/p>\n<p class=\"\">Mientras tanto, la firma de viajes Jet2 dijo que estaba comprometida a reiniciar las vacaciones a partir del 24 de junio.<\/p>\n<p><img decoding=\"async\" loading=\"lazy\" width=\"540\" height=\"344\" data-rsz=\"shrink\" src=\"https:\/\/10ztalk.com\/wp-content\/uploads\/2021\/05\/1620467446_362_Travel-Portugal-flight-prices-double-after-green-list-unveiled.jpg\" alt=\"Lista completa de pa\u00edses de la lista verde revelados gr\u00e1ficos de metro\" class=\"wp-image-14541937\"\/>Solo 12 pa\u00edses entrar\u00e1n en la lista verde a partir del 17 de mayo (Imagen: Metro)<\/p>\n<p class=\"\">Al dar la bienvenida a la reapertura parcial planificada de los viajes internacionales, el CEO Steve Heapy dijo: \u2018A pesar de \u00abquerer comenzar a mirar hacia afuera nuevamente\u00bb, todav\u00eda hay un largo camino por recorrer para satisfacer la enorme demanda de los clientes de nuestros vuelos y paquetes vacacionales protegidos por ATOL, as\u00ed que miramos Esperamos recibir m\u00e1s noticias positivas sobre a d\u00f3nde podemos volar en las pr\u00f3ximas semanas.<\/p>\n<p class=\"\">\u00abTambi\u00e9n esperamos con inter\u00e9s las actualizaciones importantes del gobierno del Reino Unido sobre un r\u00e9gimen de pruebas sencillo y asequible para los clientes\u00bb.<\/p>\n<p class=\"\">A\u00f1adi\u00f3: \u00abNuestros clientes pueden viajar en sus merecidas vacaciones a destinos en la lista verde a partir del 24 de junio, y esperamos un gran aumento en las b\u00fasquedas y reservas a estos destinos\u00bb.<\/p>\n<h3 class=\"zopo-more\">M\u00e1s: Coronavirus<br \/><\/h3>\n<p class=\"\">Heapy dijo que a los clientes reservados para viajar a partir de esta fecha a destinos que actualmente no est\u00e1n en la lista verde se les pidi\u00f3 que \u00ab no se comuniquen con nosotros, ya que nos tomamos el tiempo para tomar decisiones consideradas en el mejor inter\u00e9s de los clientes y agencias de viajes independientes asociadas de todos \u00bb. partes del Reino Unido \u00bb.<\/p>\n<p class=\"\">Ayer, el secretario de Transporte, Grant Shapps, le dijo a cualquiera que est\u00e9 pensando en reservar un viaje durante el verano que se asegure de tener la protecci\u00f3n adecuada en caso de cancelaciones. <\/p>\n<p class=\"\">La lista verde se revisar\u00e1 cada tres semanas y las cosas pueden cambiar r\u00e1pidamente si la situaci\u00f3n de Covid en un pa\u00eds empeora. <\/p>\n<p class=\"\"><strong>P\u00f3ngase en contacto con nuestro equipo de noticias envi\u00e1ndonos un correo electr\u00f3nico a webnews@metro.co.uk.<\/strong><\/p>\n<p class=\"\"><strong>Para m\u00e1s historias como esta,<\/strong><strong> revisa nuestra pagina de noticias<\/strong><strong>.<\/strong><\/p>\n<h3 class=\"metro-email-signup-news-sub-heading\">Obtenga su necesidad de saber<br \/>\u00faltimas noticias, historias para sentirse bien, an\u00e1lisis y m\u00e1s<\/h3>\n<\/p><\/div>\n<p><script  data-wpmeteor-after=\"REORDER\" type=\"javascript\/blocked\">\n\t\t\t\twindow.fbApi = (function () {\n\t\t\t\t\tvar fbApiInit = false;\n\t\t\t\t\tvar awaitingReady = [];\n\t\t\t\t\tvar notifyQ = function () {\n\t\t\t\t\t\tvar i = 0,\n\t\t\t\t\t\t\tl = awaitingReady.length;\n\t\t\t\t\t\tfor (i = 0; i < l; i++) {\n\t\t\t\t\t\t\tawaitingReady[i]();\n\t\t\t\t\t\t}\n\t\t\t\t\t};\n\n\t\t\t\t\tvar ready = function (cb) {\n\t\t\t\t\t\tif (fbApiInit) {\n\t\t\t\t\t\t\tcb();\n\t\t\t\t\t\t} else {\n\t\t\t\t\t\t\tawaitingReady.push(cb);\n\t\t\t\t\t\t}\n\t\t\t\t\t};\n\n\t\t\t\t\tvar checkLoaded = function () {\n\t\t\t\t\t\treturn fbApiInit;\n\t\t\t\t\t};\n\n\t\t\t\t\twindow.fbAsyncInit = function () {\n\t\t\t\t\t\tFB.init({\n\t\t\t\t\t\t\tappId: '176908729004638',\n\t\t\t\t\t\t\txfbml: true,\n\t\t\t\t\t\t\tversion: 'v2.10'\n\t\t\t\t\t\t});\n\n\t\t\t\t\t\tfbApiInit = true;\n\t\t\t\t\t\tnotifyQ();\n\t\t\t\t\t};\n\n\t\t\t\t\treturn {\n\t\t\t\t\t\t'ready'  : ready,\n\t\t\t\t\t\t'loaded' : checkLoaded\n\t\t\t\t\t};\n\n\t\t\t\t})();\n\n\t\t\t\t(function () {\n\t\t\t\t\tfunction injectFBSDK() {\n\t\t\t\t\t\tif ( window.fbApi &#038;&#038; window.fbApi.loaded() ) return;\n\n\t\t\t\t\t\tvar d = document,\n\t\t\t\t\t\t\ts=\"script\",\n\t\t\t\t\t\t\tid = 'facebook-jssdk';\n\t\t\t\t\t\tvar js, fjs = d.getElementsByTagName(s)[0];\n\t\t\t\t\t\tif (d.getElementById(id)) {\n\t\t\t\t\t\t\treturn;\n\t\t\t\t\t\t}\n\t\t\t\t\t\tjs = d.createElement(s);\n\t\t\t\t\t\tjs.id = id;\n\t\t\t\t\t\tjs.async = true;\n\t\t\t\t\t\tjs.src = \"https:\/\/connect.facebook.net\/en_US\/sdk.js\";\n\t\t\t\t\t\tfjs.parentNode.insertBefore(js, fjs);\n\t\t\t\t\t}\n\n\t\t\t\t\tif ('object' === typeof metro) {\n\t\t\t\t\t\twindow.addEventListener('metro:scroll', injectFBSDK, {once: true});\n\t\t\t\t\t} else {\n\t\t\t\t\t\twindow.addEventListener('DOMContentLoaded', injectFBSDK, {once: true});\n\t\t\t\t\t}\n\t\t\t\t})();\n\n\t\t\t<\/script><br \/>\n<br \/><\/p>\n<p><em> \" Fuentes www.ezanime.net \" <\/em><\/p>\n","protected":false},"excerpt":{"rendered":"<p>Las reservas se han disparado, mientras que los precios tambi\u00e9n han subido despu\u00e9s de que se anunciara la lista verde de destinos de viaje (Imagen: .) Las compa\u00f1\u00edas de vacaciones han informado de un aumento masivo en las reservas y el costo de los vuelos se ha disparado despu\u00e9s del anuncio del primer conjunto de [&hellip;]<\/p>\n","protected":false},"author":4,"featured_media":123557,"comment_status":"open","ping_status":"closed","sticky":false,"template":"","format":"standard","meta":{"om_disable_all_campaigns":false,"jnews-multi-image_gallery":[],"jnews_single_post":[],"jnews_primary_category":[],"jnews_social_meta":[],"footnotes":""},"categories":[40],"tags":[],"class_list":["post-123556","post","type-post","status-publish","format-standard","has-post-thumbnail","hentry","category-industria"],"_links":{"self":[{"href":"https:\/\/dimensionturistica.com\/es\/wp-json\/wp\/v2\/posts\/123556","targetHints":{"allow":["GET"]}}],"collection":[{"href":"https:\/\/dimensionturistica.com\/es\/wp-json\/wp\/v2\/posts"}],"about":[{"href":"https:\/\/dimensionturistica.com\/es\/wp-json\/wp\/v2\/types\/post"}],"author":[{"embeddable":true,"href":"https:\/\/dimensionturistica.com\/es\/wp-json\/wp\/v2\/users\/4"}],"replies":[{"embeddable":true,"href":"https:\/\/dimensionturistica.com\/es\/wp-json\/wp\/v2\/comments?post=123556"}],"version-history":[{"count":0,"href":"https:\/\/dimensionturistica.com\/es\/wp-json\/wp\/v2\/posts\/123556\/revisions"}],"wp:featuredmedia":[{"embeddable":true,"href":"https:\/\/dimensionturistica.com\/es\/wp-json\/wp\/v2\/media\/123557"}],"wp:attachment":[{"href":"https:\/\/dimensionturistica.com\/es\/wp-json\/wp\/v2\/media?parent=123556"}],"wp:term":[{"taxonomy":"category","embeddable":true,"href":"https:\/\/dimensionturistica.com\/es\/wp-json\/wp\/v2\/categories?post=123556"},{"taxonomy":"post_tag","embeddable":true,"href":"https:\/\/dimensionturistica.com\/es\/wp-json\/wp\/v2\/tags?post=123556"}],"curies":[{"name":"wp","href":"https:\/\/api.w.org\/{rel}","templated":true}]}}