{"id":123551,"date":"2021-05-08T10:06:54","date_gmt":"2021-05-08T10:06:54","guid":{"rendered":"https:\/\/dimensionturistica.com\/es\/?p=123551"},"modified":"2021-05-08T10:06:55","modified_gmt":"2021-05-08T10:06:55","slug":"coronavirus-fin-del-estado-de-alarma-en-directo-toque-de-queda-horarios-y-restricciones-madrid-andalucia","status":"publish","type":"post","link":"https:\/\/dimensionturistica.com\/es\/coronavirus-fin-del-estado-de-alarma-en-directo-toque-de-queda-horarios-y-restricciones-madrid-andalucia\/","title":{"rendered":"Coronavirus | Fin del estado de alarma, en directo: toque de queda, horarios y restricciones | Madrid, Andaluc\u00eda&#8230;"},"content":{"rendered":"<p> <br \/>\n<\/p>\n<div>\n<p><strong>JONAN FERN\u00c1NDEZ ADVIERTE DE QUE &#8220;ESTA NOCHE NO EMPIEZA LA NORMALIDAD&#8221;<\/strong><\/p>\n<p>El coordinador de la comisi\u00f3n t\u00e9cnica del Plan de Protecci\u00f3n Civil de Euskadi (LABI), Jonan Fern\u00e1ndez, ha advertido de que esta madrugada, <strong>con el fin del estado de alarma, &#8220;no empieza la normalidad&#8221;<\/strong> y, por ello, <strong>no hay &#8220;veda libre para hacer lo que se quiera&#8221;<\/strong>, ya que se est\u00e1 a\u00fan en una situaci\u00f3n &#8220;de emergencia sanitaria&#8221;. En declaraciones a Radio Euskadi, recogidas por Europa Press, Fern\u00e1ndez ha considerado que<strong> &#8220;es un poco prematuro plantear que se est\u00e1 ante un paso hacia la normalidad y, probablemente&#8221;<\/strong>, en tres o cuatro semanas se pueda decir eso, ya que actualmente las tasas de incidencia son altas, por encima de 400, y los hospitales est\u00e1n tensionados.<\/p>\n<p>En este sentido, Fern\u00e1ndez ha valorado que Euskadi va a tener las <strong>&#8220;medidas que en este momento es posible aplicar&#8221;<\/strong> y ha recordado que, desde hace un par de semanas, se conoce que se ha tomado la decisi\u00f3n de hacer decaer el estado de alarma, &#8220;decisi\u00f3n en la que el Gobierno Vasco no ha sido consultado&#8221;. &#8220;<strong>El lehendakari ha hecho todo lo posible para que el estado de alarma se alargara<\/strong> o una <strong>alternativa de cobertura judicial suficiente<\/strong> permitiera prolongarlo unas semanas, ya que los expertos dicen que las pr\u00f3ximas dos o tres semanas son cruciales para bajar contagios y subir la vacunaci\u00f3n, pero no ha sido posible&#8221;, ha lamentado.<\/p>\n<p>Asimismo, Fern\u00e1ndez ha recordado que el Gobierno Vasco ha preparado un <strong>decreto para tratar de seguir aplicando medidas<\/strong> contra la pandemia, pero<strong> la respuesta del TSJPV ha sido &#8220;negativa y contradictoria con otros tribunales&#8221;<\/strong>. &#8220;El Gobierno vasco no perder\u00e1 un minuto en lamentaciones, sino que el objetivo es ofrecer claridad y certidumbre a la sociedad&#8221;, ha a\u00f1adido.<\/p>\n<p>Adem\u00e1s, ha destacado que el Ejecutivo ha incidido en que hay &#8220;cosas altamente recomendables&#8221; y, por ello, se ha hecho &#8220;un <strong>llamamiento, recomendaci\u00f3n y propuesta a la sociedad<\/strong> para que acepten aplicar de manera consciente y responsable una<strong> limitaci\u00f3n horaria entre las 23:00 horas y las 06:00 horas<\/strong>, as\u00ed como que se eviten las <strong>agrupaciones de m\u00e1s de cuatro personas<\/strong>&#8220;.<\/p>\n<\/div>\n\n<p><em> &#8221; Fuentes as.com &#8221; <\/em><\/p>\n","protected":false},"excerpt":{"rendered":"<p>JONAN FERN\u00c1NDEZ ADVIERTE DE QUE &#8220;ESTA NOCHE NO EMPIEZA LA NORMALIDAD&#8221; El coordinador de la comisi\u00f3n t\u00e9cnica del Plan de Protecci\u00f3n Civil de Euskadi (LABI), Jonan Fern\u00e1ndez, ha advertido de que esta madrugada, con el fin del estado de alarma, &#8220;no empieza la normalidad&#8221; y, por ello, no hay &#8220;veda libre para hacer lo que [&hellip;]<\/p>\n","protected":false},"author":4,"featured_media":123552,"comment_status":"open","ping_status":"closed","sticky":false,"template":"","format":"standard","meta":{"om_disable_all_campaigns":false,"jnews-multi-image_gallery":[],"jnews_single_post":[],"jnews_primary_category":[],"jnews_social_meta":[],"footnotes":""},"categories":[40],"tags":[],"class_list":["post-123551","post","type-post","status-publish","format-standard","has-post-thumbnail","hentry","category-industria"],"_links":{"self":[{"href":"https:\/\/dimensionturistica.com\/es\/wp-json\/wp\/v2\/posts\/123551","targetHints":{"allow":["GET"]}}],"collection":[{"href":"https:\/\/dimensionturistica.com\/es\/wp-json\/wp\/v2\/posts"}],"about":[{"href":"https:\/\/dimensionturistica.com\/es\/wp-json\/wp\/v2\/types\/post"}],"author":[{"embeddable":true,"href":"https:\/\/dimensionturistica.com\/es\/wp-json\/wp\/v2\/users\/4"}],"replies":[{"embeddable":true,"href":"https:\/\/dimensionturistica.com\/es\/wp-json\/wp\/v2\/comments?post=123551"}],"version-history":[{"count":0,"href":"https:\/\/dimensionturistica.com\/es\/wp-json\/wp\/v2\/posts\/123551\/revisions"}],"wp:featuredmedia":[{"embeddable":true,"href":"https:\/\/dimensionturistica.com\/es\/wp-json\/wp\/v2\/media\/123552"}],"wp:attachment":[{"href":"https:\/\/dimensionturistica.com\/es\/wp-json\/wp\/v2\/media?parent=123551"}],"wp:term":[{"taxonomy":"category","embeddable":true,"href":"https:\/\/dimensionturistica.com\/es\/wp-json\/wp\/v2\/categories?post=123551"},{"taxonomy":"post_tag","embeddable":true,"href":"https:\/\/dimensionturistica.com\/es\/wp-json\/wp\/v2\/tags?post=123551"}],"curies":[{"name":"wp","href":"https:\/\/api.w.org\/{rel}","templated":true}]}}